{"id":100338,"date":"2026-01-10T16:14:13","date_gmt":"2026-01-10T16:14:13","guid":{"rendered":"https:\/\/www.europesays.com\/lv\/100338\/"},"modified":"2026-01-10T16:14:13","modified_gmt":"2026-01-10T16:14:13","slug":"venecuela-tuvakaja-laika-velesanas-nav-gaidamas-valstij-nepieciesama-atveselosanas-lente-lv","status":"publish","type":"post","link":"https:\/\/www.europesays.com\/lv\/100338\/","title":{"rendered":"Venecu\u0113l\u0101 tuv\u0101kaj\u0101 laik\u0101 v\u0113l\u0113\u0161anas nav gaid\u0101mas, valstij nepiecie\u0161ama atvese\u013co\u0161an\u0101s\u00a0\u2014\u00a0Lente.lv"},"content":{"rendered":"<p>ASV prezidenta pazi\u0146ojums par Venecu\u0113lu<\/p>\n<p>ASV prezidents Donalds Tramps intervij\u0101 telekan\u0101lam NBC ir pazi\u0146ojis, ka tuv\u0101ko 30 dienu laik\u0101 Venecu\u0113l\u0101 v\u0113l\u0113\u0161anas nav gaid\u0101mas. Vi\u0146\u0161 uzsv\u0113ris, ka valstij vispirms ir nepiecie\u0161ama atvese\u013co\u0161an\u0101s un stabiliz\u0101cija pirms jebk\u0101du v\u0113l\u0113\u0161anu r\u012bko\u0161anas. &#8220;Vispirms mums ir j\u0101salabo \u0161\u012b valsts. V\u0113l\u0113\u0161anas nevar notikt,&#8221; skaidrojis Tramps, piebilstot, ka tam b\u016bs nepiecie\u0161ams zin\u0101ms laiks. K\u0101 zi\u0146o av\u012bze Diena, \u0161is pazi\u0146ojums n\u0101k laik\u0101, kad ASV ir veikusi milit\u0101ras oper\u0101cijas Venecu\u0113l\u0101, k\u0101 rezult\u0101t\u0101 tika sag\u016bst\u012bts t\u0101s l\u012bderis Nikolass Maduro.<\/p>\n<p>Politisk\u0101 situ\u0101cija Venecu\u0113l\u0101 p\u0113c Maduro sag\u016bst\u012b\u0161anas<\/p>\n<p>ASV karasp\u0113ks 3. janv\u0101r\u012b veica milit\u0101ras oper\u0101cijas pret Venecu\u0113lu, sag\u016bstot valsts prezidentu Nikolasu Maduro un vi\u0146a sievu. Maduro tika nog\u0101d\u0101ts \u0145ujork\u0101, kur vi\u0146\u0161 st\u0101jies tiesas priek\u0161\u0101 saist\u012bb\u0101 ar aps\u016bdz\u012bb\u0101m par narkotiku kontrabandu uz ASV. Lai gan Venecu\u0113las vald\u012bba joproj\u0101m uzskata Maduro par likum\u012bgo prezidentu, saska\u0146\u0101 ar Venecu\u0113las konstit\u016bciju past\u0101v\u012bgas prezidenta promb\u016btnes gad\u012bjum\u0101 amatu p\u0101r\u0146em viceprezidents, kam 30 dienu laik\u0101 j\u0101organiz\u0113 jaunas v\u0113l\u0113\u0161anas. Tom\u0113r pagaid\u0101m nav skaidrs, vai jaun\u0101 vad\u012bba situ\u0101ciju uzskata par past\u0101v\u012bgu promb\u016btni. Venecu\u0113las viceprezidente Delsija Rodrigesa ir devusi pagaidu prezidentes zv\u0113restu un nor\u0101d\u012bjusi, ka sadarbosies ar Va\u0161ingtonu.<\/p>\n<p>ASV loma Venecu\u0113las atjauno\u0161an\u0101 un naftas resursu p\u0101rvald\u012bb\u0101<\/p>\n<p>Donalds Tramps ir pazi\u0146ojis, ka ASV p\u0101rvald\u012bs Venecu\u0113lu un t\u0101s milz\u012bgos naftas kr\u0101jumus, lai pal\u012bdz\u0113tu atjaunot valsti un nodro\u0161in\u0101tu tai labumu no naftas rezerv\u0113m. ASV pl\u0101no sadarboties ar Venecu\u0113las pagaidu l\u012bderi Delsiju Rodrigesu un pat pie\u013cauj iesp\u0113ju, ka ASV kl\u0101tb\u016btne Venecu\u0113l\u0101 neb\u016bs \u012bslaic\u012bga. ASV prezidents ir mudin\u0101jis Venecu\u0113las pagaidu l\u012bderi pak\u013cauties Va\u0161ingtonas pras\u012bb\u0101m, br\u012bdinot par nopietn\u0101m sek\u0101m, ja tas netiks dar\u012bts. Venecu\u0113la piekritusi, ka no naftas ie\u0146\u0113mumiem turpm\u0101k pirks tikai ASV ra\u017eotas preces, k\u0101 ar\u012b nodos ASV aptuveni 30 l\u012bdz 50 miljonus barelu sankcij\u0101m pak\u013cautas naftas.<\/p>\n<p>Starptautisk\u0101 reakcija un attiec\u012bbas ar cit\u0101m valst\u012bm<\/p>\n<p>Eiropas Savien\u012bb\u0101 dal\u012bbvalstu reakcijas uz ASV oper\u0101ciju Venecu\u0113l\u0101 ir biju\u0161as neviennoz\u012bm\u012bgas, izce\u013cot bloka vienpr\u0101t\u012bbas tr\u016bkumu suverenit\u0101tes un starptautisko ties\u012bbu jaut\u0101jumos. Krievija, kas ilggad\u0113ji bijusi Venecu\u0113las partneris, ir nosod\u012bjusi ASV r\u012bc\u012bbu, ta\u010du tai tr\u016bkst sp\u0113ju un gatav\u012bbas eskal\u0113t atbildes pas\u0101kumus pret ASV darb\u012bb\u0101m. ASV ir ar\u012b izvirz\u012bju\u0161as ultim\u0101tu Venecu\u0113lai izbeigt ekonomiskos sakarus ar Krieviju, \u0136\u012bnu, Ir\u0101nu un Kubu. Da\u017ei Krievijas koment\u0113t\u0101ji paudu\u0161i gandar\u012bjumu par ASV r\u012bc\u012bbu, jo t\u0101 liecinot par atteik\u0161anos no starptautisko ties\u012bbu principiem par labu sp\u0113ka politikai.<\/p>\n<p>Venecu\u0113las un ASV attiec\u012bbu v\u0113sture<\/p>\n<p>Venecu\u0113las un ASV attiec\u012bbas ir \u013coti sasp\u012bl\u0113tas jau daudzus gadus. T\u0101s pasliktin\u0101j\u0101s p\u0113c biju\u0161\u0101 armijas virsnieka Ugo \u010cavesa iev\u0113l\u0113\u0161anas par prezidentu 1998. gad\u0101, kur\u0161 c\u012bn\u012bj\u0101s pret &#8220;ASV imperi\u0101lismu&#8221; un cent\u0101s koncentr\u0113t naftas industriju valsts rok\u0101s. Vi\u0146a sekot\u0101js Nikolass Maduro turpin\u0101ja \u0161o kursu, un Venecu\u0113las ekonomika iesl\u012bga dzi\u013c\u0101 kr\u012bz\u0113, izraisot milz\u012bgu emigr\u0101ciju.<\/p>\n","protected":false},"excerpt":{"rendered":"ASV prezidenta pazi\u0146ojums par Venecu\u0113lu ASV prezidents Donalds Tramps intervij\u0101 telekan\u0101lam NBC ir pazi\u0146ojis, ka tuv\u0101ko 30 dienu&hellip;\n","protected":false},"author":2,"featured_media":100339,"comment_status":"","ping_status":"","sticky":false,"template":"","format":"standard","meta":{"footnotes":""},"categories":[14],"tags":[23,57,292,28,29,542,32,33,22,30,31,35,39,38,36,37,34,40,19315,2421,20,26,27,24,25,358,54,55,56,21,58],"class_list":{"0":"post-100338","1":"post","2":"type-post","3":"status-publish","4":"format-standard","5":"has-post-thumbnail","7":"category-zinas-no-arvalstim","8":"tag-aktualitates","9":"tag-arvalstim","10":"tag-asv","11":"tag-breaking-news","12":"tag-breakingnews","13":"tag-donalds-tramps","14":"tag-featured-news","15":"tag-featurednews","16":"tag-headlines","17":"tag-latest-news","18":"tag-latestnews","19":"tag-latvia","20":"tag-latvian","21":"tag-latviesu","22":"tag-latviesu-valoda","23":"tag-latviesuvaloda","24":"tag-latvija","25":"tag-lv","26":"tag-maduro","27":"tag-nafta","28":"tag-news","29":"tag-popularakas-zinas","30":"tag-popularakaszinas","31":"tag-top-stories","32":"tag-topstories","33":"tag-venecuela","34":"tag-world","35":"tag-world-news","36":"tag-worldnews","37":"tag-zinas","38":"tag-zinas-no-arvalstim"},"share_on_mastodon":{"url":"https:\/\/pubeurope.com\/@lv\/115871695651806432","error":""},"_links":{"self":[{"href":"https:\/\/www.europesays.com\/lv\/wp-json\/wp\/v2\/posts\/100338","targetHints":{"allow":["GET"]}}],"collection":[{"href":"https:\/\/www.europesays.com\/lv\/wp-json\/wp\/v2\/posts"}],"about":[{"href":"https:\/\/www.europesays.com\/lv\/wp-json\/wp\/v2\/types\/post"}],"author":[{"embeddable":true,"href":"https:\/\/www.europesays.com\/lv\/wp-json\/wp\/v2\/users\/2"}],"replies":[{"embeddable":true,"href":"https:\/\/www.europesays.com\/lv\/wp-json\/wp\/v2\/comments?post=100338"}],"version-history":[{"count":0,"href":"https:\/\/www.europesays.com\/lv\/wp-json\/wp\/v2\/posts\/100338\/revisions"}],"wp:featuredmedia":[{"embeddable":true,"href":"https:\/\/www.europesays.com\/lv\/wp-json\/wp\/v2\/media\/100339"}],"wp:attachment":[{"href":"https:\/\/www.europesays.com\/lv\/wp-json\/wp\/v2\/media?parent=100338"}],"wp:term":[{"taxonomy":"category","embeddable":true,"href":"https:\/\/www.europesays.com\/lv\/wp-json\/wp\/v2\/categories?post=100338"},{"taxonomy":"post_tag","embeddable":true,"href":"https:\/\/www.europesays.com\/lv\/wp-json\/wp\/v2\/tags?post=100338"}],"curies":[{"name":"wp","href":"https:\/\/api.w.org\/{rel}","templated":true}]}}