{"id":100340,"date":"2026-01-10T16:16:07","date_gmt":"2026-01-10T16:16:07","guid":{"rendered":"https:\/\/www.europesays.com\/lv\/100340\/"},"modified":"2026-01-10T16:16:07","modified_gmt":"2026-01-10T16:16:07","slug":"svinet-nevis-menesi-bet-visu-gadu-raimondam-paulam-90-lr2-latvijas-radio","status":"publish","type":"post","link":"https:\/\/www.europesays.com\/lv\/100340\/","title":{"rendered":"Svin\u0113t nevis m\u0113nesi, bet visu gadu. Raimondam Paulam \u2013 90! \/ LR2 \/ \/ Latvijas Radio"},"content":{"rendered":"<p style=\"text-align: justify;\">Ir mums Latvij\u0101 viens cilv\u0113ks, kura jubileja sola izv\u0113rsties par grandioziem sv\u0113tkiem visa gada garum\u0101, un tas, protams, ir Raimonds Pauls \u2013 pianists un komponists, aran\u017e\u0113t\u0101js, ansamb\u013cu un or\u0137estru vad\u012bt\u0101js \u2013 M\u016bsu Maestro. D\u017eeziska lirika, kapr\u012bzi ritmi, latviska noska\u0146u palete, melodiju p\u0101rbag\u0101t\u012bba un, protams, izcilu latvie\u0161u dzejnieku v\u0101rdi\u00a0\u2013 t\u0101s ir vi\u0146a dai\u013cradi raksturojo\u0161as iez\u012bmes.<\/p>\n<p style=\"text-align: justify;\">Jau 2026. gada pirmaj\u0101s dien\u0101s R. Paula devi\u0146desmitgadi ieskandin\u0101ja \u201eKino un te\u0101tra m\u016bzikas koncerts\u201d, janv\u0101r\u012b sekos virkne koncertu R\u012bg\u0101, Dzintaros, Liep\u0101j\u0101, C\u0113s\u012bs un citviet. \u00a0<\/p>\n<p style=\"text-align: justify;\">Raid\u012bjum\u0101 nevis par koncertiem, bet gan Elitas Veidemanes gr\u0101matu \u201eP\u0113r\u013cu zvejnieki. Raimonds Pauls un J\u0101nis Peters\u201d, k\u0101 ar\u012b jaunumiem Maestro m\u016bzikas ierakstu jom\u0101. Par to, k\u0101 ar\u012b sadarb\u012bbu dziesmu v\u0101rdu jom\u0101 izsak\u0101s Guntars Ra\u010ds. Raid\u012bjuma nosl\u0113gum\u0101 iepaz\u012b\u0161an\u0101s ar Maestro kalend\u0101ru \u2013 tas ir aizraujo\u0161s kordiri\u0123enta J\u0101\u0146a \u0160varcbaha projekts &#8211; p\u0101rska\u0146ot maz\u0101k zin\u0101mas Raimonda Paula dziesmas, kuras pa vienai var\u0113s noklaus\u012bties katru m\u0113nesi, izmantojot QR kodu, un, protams, izdevums kalpo ar\u012b k\u0101 kalend\u0101rs ar Maestro att\u0113liem,<\/p>\n<p style=\"text-align: justify;\">Iev\u0113rojam\u0101 \u017eurn\u0101liste Elita Veidemane k\u0101 9. klases skolniece apmekl\u0113ja Raimonda Paula koncertu, kur\u0101, skanot dziesmai \u201eSav\u0101da vasara\u201d negl\u0101bjami iem\u012bl\u0113j\u0101s Maestro. \u0160\u012b m\u012blest\u012bba kop\u0161 t\u0101 laika nav p\u0101rg\u0101jusi, tapu\u0161as jo daudzas intervijas. T\u0101s, k\u0101 ar\u012b m\u016bzi\u0137a p\u0101rdomas, public\u0113tas gr\u0101mat\u0101 \u00a0\u201eP\u0113r\u013cu zvejnieki. Raimonds Pauls un J\u0101nis Peters\u201d, vienas noda\u013cas autors bija pats J\u0101nis Peters, Elitas uzrun\u0101ts. Gr\u0101matas v\u0101ku rot\u0101 att\u0113ls, kur\u0101 abi di\u017egari redzami ar ziedu kl\u0113pjiem rok\u0101s, varb\u016bt fotogr\u0101fija uz\u0146emta Dziesmusv\u0113tkos:<\/p>\n<p style=\"text-align: justify;\">\u201eMan ien\u0101ca pr\u0101t\u0101, ka vi\u0146i ir gandr\u012bz k\u0101 dv\u012b\u0146ubr\u0101\u013ci, vienam \u0123eni\u0101la m\u016bzika, otram \u0123eni\u0101la dzeja, un vi\u0146us nevar atdal\u012bt \u2013 t\u0101 bija br\u012bni\u0161\u0137\u012bga sadarb\u012bba daudzu gadu garum\u0101.\u201d<\/p>\n<p style=\"text-align: justify;\">Ar\u012b personiski Raimondam Paulam bijusi liela noz\u012bme E. Veidemanes dz\u012bv\u0113, vi\u0146\u0161 uzd\u0101vin\u0101ja ska\u0146u ierakstu aparat\u016bru, kad Elita kop\u0101 ar Aivaru Br\u012bzi sniedza muzik\u0101lus priek\u0161nesumus J\u016brmalas krodzi\u0146\u0101:<\/p>\n<p style=\"text-align: justify;\">\u201eJ\u0101, par \u0161o ar\u012b ir noda\u013ca gr\u0101mat\u0101. Vi\u0146\u0161 m\u016bs pat uzaicin\u0101ja uz savu koncertu Dzintaros 2012. gad\u0101.<\/p>\n<blockquote><p>&#13;<\/p>\n<p style=\"text-align: justify;\">Par Raimondu Paulu var rakst\u012bt un rakst\u012bt, jo vi\u0146a biogr\u0101fija un b\u016bt\u012bba ir t\u0101da, ka nevar nerakst\u012bt par \u0161o burv\u012bgo un talant\u012bgo m\u016bzi\u0137i un cilv\u0113ku. Un pateikt par vi\u0146u visu nevar\u0113s nekad.\u201d<\/p>\n<p>&#13;\n<\/p><\/blockquote>\n<p style=\"text-align: justify;\">Autore uzskata, ka Maestro ir talants p\u0113r\u013cu mekl\u0113\u0161an\u0101, proti, arvien jaunu talantu atra\u0161an\u0101 \u2013 sagatavo un palai\u017e pasaul\u0113, ar v\u0113l\u0113jumu: tagad dziedi pats! \u0160\u0101da m\u0113r\u0137tiec\u012bba jaunu talantu atra\u0161an\u0101 ir fenomen\u0101la, turkl\u0101t gr\u0101matas v\u0101ks ir p\u0113r\u013cu kr\u0101s\u0101.<\/p>\n<p style=\"text-align: justify;\">Izdev\u0113js, dzejnieks Guntars Ra\u010ds kop\u0101 ar savu grupu \u201ebetbet\u201d ar\u012b krietni lauz\u012bjis galvo par to, k\u0101 godin\u0101t Raimondu Paulu apa\u013caj\u0101 jubilej\u0101.<\/p>\n<p style=\"text-align: justify;\">\u201eIr sagatavota jauna \u201ebetbet\u201d koncertprogramma ar Maestro dziesm\u0101m, kuras esam izdevu\u0161i 5 albumos, bet nav bijis koncerta tikai ar Raimonda Paula dziesm\u0101m. S\u0101ksim vasar\u0101 ar br\u012bvdabas estr\u0101d\u0113m, ruden\u012b dosimies uz lielaj\u0101m koncertz\u0101l\u0113m.\u201d<\/p>\n<p style=\"text-align: justify;\">Iesp\u0113jams, tiks atmodin\u0101ts k\u0101ds pavisam aizmirsts ska\u0146darbs, par to v\u0113l tiek spriests. Tikm\u0113r ir sarakst\u012btas 12 jaunas Maestro dziesmas ar Guntara Ra\u010da v\u0101rdiem apm\u0113ram t\u0101d\u0101s pat saj\u016bt\u0101s k\u0101 album\u0101 \u201eLecam pa vecam\u201d. Arlas\u012bti dz\u012bvespriec\u012bgi un l\u012bdzidziedami dzejo\u013ci, albuma nosaukums varb\u016bt b\u016bs \u201eAtgrie\u0161an\u0101s\u201d.<\/p>\n<p style=\"text-align: justify;\">12. janv\u0101r\u012b digit\u0101li tiks public\u0113ts jauns albums \u201eNenotiku\u0161ais koncerts\u201d, kur\u0101 izcilais saksofonists Zintis \u017dvarts ieska\u0146ojis Raimonda Paula melodijas, kas ar J\u0101\u0146a Petera dzeju skan\u0113ja koncertizr\u0101d\u0113 \u201eZi\u0146\u0123e par Lipu Tulianu\u201d.<\/p>\n<p style=\"text-align: justify;\">K\u0101 R. Paula izdev\u0113js, G. Ra\u010ds vair\u0101s nosaukt skaitli, k\u0101d\u0101 m\u0113r\u0101ms Maestro ska\u0146darbu ierakstu katalogs, tie ir desmitiem t\u016bksto\u0161u, turkl\u0101t da\u017e\u0101d\u0101s valod\u0101s, t\u0101pat dzejnieks nav skait\u012bjis \u2013 cik dziesmu m\u016bsu iev\u0113rojamais ska\u0146radis sacer\u0113jis ar vi\u0146a v\u0101rdiem. \u0160\u012b sadarb\u012bba s\u0101kusies pirms 35 gadiem, un pirmo kopdarbu, bl\u016bzu \u201eNegribas vair\u0101k nek\u0101\u201d, izpild\u012bja Laima Vaikule:<\/p>\n<blockquote><p>&#13;<\/p>\n<p style=\"text-align: justify;\">\u201eDro\u0161i varu teikt, ka dz\u012bv\u0113 man ir paveicies, kop\u012bgu dziesmu ir vair\u0101ki simti. Man tas ir \u013coti svar\u012bgi, ja Maestro piezvana un pied\u0101v\u0101 jaunu sadarb\u012bbu \u2013 gribas tic\u0113t, ka \u0161o gadu laik\u0101 izveidojies zin\u0101ms tand\u0113ms.\u201d<\/p>\n<p>&#13;\n<\/p><\/blockquote>\n<p style=\"text-align: justify;\">Saist\u012bb\u0101 ar Maestro jubileju tapis v\u0113rien\u012bgs m\u0101kslas un m\u016bzikas projekts &#8211; kalend\u0101rs 2026. gadam \u201cMaestro Raimonds Pauls 13.portreti. Laiki. M\u016bzika. Dz\u012bve.\u201d Ideja par \u0161\u0101du ikdien\u0101 lietojamu priek\u0161metu, vienlaikus m\u016bzikas un m\u0101kslas darbu, pieder kordiri\u0123entam, koncertmeistaram un pedagogam J\u0101nim \u0160varcbaham.\u00a0<\/p>\n<blockquote><p>&#13;<\/p>\n<p style=\"text-align: justify;\">\u201eAr\u012b ska\u0146darbu atlase ir mana. Dziesmas kalend\u0101r\u0101 klaus\u0101mas caur QR kodu.\u201d<\/p>\n<p>&#13;\n<\/p><\/blockquote>\n<p style=\"text-align: justify;\">Katra m\u0113ne\u0161a 12. datum\u0101, kas ir Maestro dzim\u0161anas dienas datums, s\u0101kot ar janv\u0101ri, novirzot viedt\u0101lruni uz kodu b\u016bs iesp\u0113ja noklaus\u012bties k\u0101du Raimonda Paula dziesmu. To izpild\u012bs koris \u201ePutnu d\u0101rzs\u201d kop\u0101 ar solistiem, kuru vid\u016b Ingus P\u0113tersons, \u017dor\u017es Siksna, Guntis Veits duet\u0101 ar Agnesi Budovsku, Intars Busulis, Paula Saija, Normunds Rutulis un citi. Darbs pie dziesm\u0101m v\u0113l turpin\u0101s, tikm\u0113r gatavs ir to saraksts \u2013 katram m\u0113nesim pa viena un v\u0113l papildus 2027. gada janv\u0101rim dziesmi\u0146a \u201eKikerig\u016b\u201d Ufo un Andra Freidenfelda sniegum\u0101. Aran\u017e\u0113jumus dziesm\u0101m rad\u012bjis J\u0101nis \u0160varcbahs pats, vi\u0146am kop\u0161 b\u0113rn\u012bbas radusies interese par kalend\u0101riem, \u017eurn\u0101liem, av\u012bz\u0113m, klausoties radio dzima doma, ka var\u0113tu gadalaikiem, m\u0113ne\u0161iem piemekl\u0113t attiec\u012bgas noska\u0146as dziesmas.<\/p>\n<p style=\"text-align: justify;\">Izdevies atrast ar\u012b pa k\u0101dai piemirstai p\u0113rl\u012btei, piem\u0113ram, dziesmas \u201eSaul\u012btes ce\u013c\u0161\u201d vai febru\u0101ra m\u0113nes\u012b pl\u0101noto R. Paula un J. Petera kopdarbu \u201eTai t\u0101l\u0101 puten\u012b\u201d. \u0160\u0101da ieraksta nav, tikai dziesmas notiks \u017eurn\u0101l\u0101, l\u012bdz ar to J. \u0160varcbahs aizpild\u012bjis ar\u012b zin\u0101mu tuk\u0161umu Maestro dai\u013crades p\u0101rskat\u0101. Koris \u201ePutnu d\u0101rzs\u201d pie Maz\u0101s \u0123ildes ierakstos p\u0101rv\u0113rties par vok\u0101lu or\u0137estri, \u0161is ir studijas projekts, bet, kas zina, varb\u016bt notiks ar\u012b koncerts ar \u0161o repertu\u0101ru.<\/p>\n<p style=\"text-align: justify;\">Maestro kalend\u0101ra izdo\u0161ana tika uztic\u0113ta Anrijam Jankevicam, uz\u0146\u0113m\u0113jam ar kordiri\u0123enta izgl\u012bt\u012bbu:<\/p>\n<blockquote><p>&#13;<\/p>\n<p style=\"text-align: justify;\">\u201eIerakstot dziesmas, Maestro solistiem l\u016bdz\u0101m padal\u012bties ar vi\u0146u st\u0101stu par tik\u0161anos un sadarb\u012bbu ar vi\u0146u, tad nu l\u012bdztekus dziesm\u0101m, zem kalend\u0101ra m\u0113ne\u0161u QR kodiem iek\u013cautas \u0161\u012bs videointervijas.\u201d<\/p>\n<p>&#13;\n<\/p><\/blockquote>\n<p style=\"text-align: justify;\">Izdevuma m\u0101ksliniecisk\u0101s dizaina l\u012bnijas pamat\u0101 ir fotomirk\u013ci no da\u017e\u0101diem laikiem un notikumiem Maestro dz\u012bv\u0113. Att\u0113lus Kinofotofonodokumentu un citos arh\u012bvos mekl\u0113ja un atlas\u012bja pats J\u0101nis \u0160varcbahs, kas veicis nopietnu darbu, lai ar\u012b dziesmu teksti b\u016btu \u013coti prec\u012bzi. Las\u0101mi ar\u012b dziesmu tap\u0161anas apraksti, un ska\u0146darbi nepazud\u012bs visa gada garum\u0101, l\u012bdz beig\u0101s b\u016bs noklaus\u0101ms pilns albums.<\/p>\n<p style=\"text-align: justify;\">\u201eMan viena no m\u012b\u013c\u0101kaj\u0101m ir janv\u0101ra dziesma \u201eTe viss ir tavs\u201d, un ir br\u012bni\u0161\u0137\u012bgi sal\u012bdzin\u0101t k\u0101dreiz\u0113jos un tagad\u0113jos izpild\u012bjumus. Ritmi, aran\u017e\u0113jumi, balsis visu \u0161o padara par a capella meistardarbu. M\u016bsdien\u012bgs estr\u0101des m\u016bzikas skan\u0113jums.\u201d<\/p>\n<p style=\"display: inline;\">\n<p>    Latvijas Radio aicina izteikt savu viedokli par raid\u012bjum\u0101 dzird\u0113to un atbalsta diskusijas klaus\u012bt\u0101ju starp\u0101, tom\u0113r patur ties\u012bbas dz\u0113st koment\u0101rus, kas p\u0101rk\u0101pj cie\u0146pilnas attieksmes un \u0113tiskas r\u012bc\u012bbas robe\u017eas.<\/p>\n","protected":false},"excerpt":{"rendered":"Ir mums Latvij\u0101 viens cilv\u0113ks, kura jubileja sola izv\u0113rsties par grandioziem sv\u0113tkiem visa gada garum\u0101, un tas, protams,&hellip;\n","protected":false},"author":2,"featured_media":100341,"comment_status":"","ping_status":"","sticky":false,"template":"","format":"standard","meta":{"footnotes":""},"categories":[5],"tags":[23,28,29,32,33,22,30,31,35,39,38,36,37,34,40,20,26,27,24,25,21],"class_list":{"0":"post-100340","1":"post","2":"type-post","3":"status-publish","4":"format-standard","5":"has-post-thumbnail","7":"category-aktualitates","8":"tag-aktualitates","9":"tag-breaking-news","10":"tag-breakingnews","11":"tag-featured-news","12":"tag-featurednews","13":"tag-headlines","14":"tag-latest-news","15":"tag-latestnews","16":"tag-latvia","17":"tag-latvian","18":"tag-latviesu","19":"tag-latviesu-valoda","20":"tag-latviesuvaloda","21":"tag-latvija","22":"tag-lv","23":"tag-news","24":"tag-popularakas-zinas","25":"tag-popularakaszinas","26":"tag-top-stories","27":"tag-topstories","28":"tag-zinas"},"share_on_mastodon":{"url":"https:\/\/pubeurope.com\/@lv\/115871703532507220","error":""},"_links":{"self":[{"href":"https:\/\/www.europesays.com\/lv\/wp-json\/wp\/v2\/posts\/100340","targetHints":{"allow":["GET"]}}],"collection":[{"href":"https:\/\/www.europesays.com\/lv\/wp-json\/wp\/v2\/posts"}],"about":[{"href":"https:\/\/www.europesays.com\/lv\/wp-json\/wp\/v2\/types\/post"}],"author":[{"embeddable":true,"href":"https:\/\/www.europesays.com\/lv\/wp-json\/wp\/v2\/users\/2"}],"replies":[{"embeddable":true,"href":"https:\/\/www.europesays.com\/lv\/wp-json\/wp\/v2\/comments?post=100340"}],"version-history":[{"count":0,"href":"https:\/\/www.europesays.com\/lv\/wp-json\/wp\/v2\/posts\/100340\/revisions"}],"wp:featuredmedia":[{"embeddable":true,"href":"https:\/\/www.europesays.com\/lv\/wp-json\/wp\/v2\/media\/100341"}],"wp:attachment":[{"href":"https:\/\/www.europesays.com\/lv\/wp-json\/wp\/v2\/media?parent=100340"}],"wp:term":[{"taxonomy":"category","embeddable":true,"href":"https:\/\/www.europesays.com\/lv\/wp-json\/wp\/v2\/categories?post=100340"},{"taxonomy":"post_tag","embeddable":true,"href":"https:\/\/www.europesays.com\/lv\/wp-json\/wp\/v2\/tags?post=100340"}],"curies":[{"name":"wp","href":"https:\/\/api.w.org\/{rel}","templated":true}]}}