{"id":100344,"date":"2026-01-10T16:20:14","date_gmt":"2026-01-10T16:20:14","guid":{"rendered":"https:\/\/www.europesays.com\/lv\/100344\/"},"modified":"2026-01-10T16:20:14","modified_gmt":"2026-01-10T16:20:14","slug":"krievija-apsaudijusi-divus-kravas-kugus-melnaja-jura-nogalinot-apkalpes-locekli","status":"publish","type":"post","link":"https:\/\/www.europesays.com\/lv\/100344\/","title":{"rendered":"Krievija ap\u0161aud\u012bjusi divus kravas ku\u0123us Melnaj\u0101 j\u016br\u0101, nogalinot apkalpes locekli"},"content":{"rendered":"<p>Ukraina piektdien pazi\u0146oja, ka Krievija pie t\u0101s dienvidu piekrastes Melnaj\u0101 j\u016br\u0101 ap\u0161aud\u012bjusi divus kravas ku\u0123us, nogalinot vienu apkalpes locekli no S\u012brijas.<\/p>\n<p>Viens no ku\u0123iem bija ce\u013c\u0101, lai dienvidu ost\u0101 \u010cornomorsk\u0101 iekrautu graudus, bet otrs ar sojas kravu tika ap\u0161aud\u012bts net\u0101lu no Odesas ostas, pazi\u0146oja atjauno\u0161anas ministrs Oleksijs Kuleba.<\/p>\n<p>&#8220;Diem\u017e\u0113l uzbrukuma rezult\u0101t\u0101 g\u0101ja boj\u0101 apkalpes loceklis, S\u012brijas pilsonis,&#8221; piebilda Kuleba.<\/p>\n<p>\n                            Valodas k\u013c\u016bda rakst\u0101?<br \/>Iez\u012bm\u0113jiet tekstu un spiediet Zi\u0146ot par k\u013c\u016bdu pogas   , lai nos\u016bt\u012btu labojamo teksta fragmentu redaktoram!<\/p>\n<p>                                Zi\u0146ot par k\u013c\u016bdu<\/p>\n","protected":false},"excerpt":{"rendered":"Ukraina piektdien pazi\u0146oja, ka Krievija pie t\u0101s dienvidu piekrastes Melnaj\u0101 j\u016br\u0101 ap\u0161aud\u012bjusi divus kravas ku\u0123us, nogalinot vienu apkalpes&hellip;\n","protected":false},"author":2,"featured_media":100345,"comment_status":"","ping_status":"","sticky":false,"template":"","format":"standard","meta":{"footnotes":""},"categories":[14],"tags":[23,57,28,29,32,33,22,30,31,35,39,38,36,37,34,40,20,26,27,24,25,54,55,56,21,58],"class_list":{"0":"post-100344","1":"post","2":"type-post","3":"status-publish","4":"format-standard","5":"has-post-thumbnail","7":"category-zinas-no-arvalstim","8":"tag-aktualitates","9":"tag-arvalstim","10":"tag-breaking-news","11":"tag-breakingnews","12":"tag-featured-news","13":"tag-featurednews","14":"tag-headlines","15":"tag-latest-news","16":"tag-latestnews","17":"tag-latvia","18":"tag-latvian","19":"tag-latviesu","20":"tag-latviesu-valoda","21":"tag-latviesuvaloda","22":"tag-latvija","23":"tag-lv","24":"tag-news","25":"tag-popularakas-zinas","26":"tag-popularakaszinas","27":"tag-top-stories","28":"tag-topstories","29":"tag-world","30":"tag-world-news","31":"tag-worldnews","32":"tag-zinas","33":"tag-zinas-no-arvalstim"},"share_on_mastodon":{"url":"https:\/\/pubeurope.com\/@lv\/115871719364229334","error":""},"_links":{"self":[{"href":"https:\/\/www.europesays.com\/lv\/wp-json\/wp\/v2\/posts\/100344","targetHints":{"allow":["GET"]}}],"collection":[{"href":"https:\/\/www.europesays.com\/lv\/wp-json\/wp\/v2\/posts"}],"about":[{"href":"https:\/\/www.europesays.com\/lv\/wp-json\/wp\/v2\/types\/post"}],"author":[{"embeddable":true,"href":"https:\/\/www.europesays.com\/lv\/wp-json\/wp\/v2\/users\/2"}],"replies":[{"embeddable":true,"href":"https:\/\/www.europesays.com\/lv\/wp-json\/wp\/v2\/comments?post=100344"}],"version-history":[{"count":0,"href":"https:\/\/www.europesays.com\/lv\/wp-json\/wp\/v2\/posts\/100344\/revisions"}],"wp:featuredmedia":[{"embeddable":true,"href":"https:\/\/www.europesays.com\/lv\/wp-json\/wp\/v2\/media\/100345"}],"wp:attachment":[{"href":"https:\/\/www.europesays.com\/lv\/wp-json\/wp\/v2\/media?parent=100344"}],"wp:term":[{"taxonomy":"category","embeddable":true,"href":"https:\/\/www.europesays.com\/lv\/wp-json\/wp\/v2\/categories?post=100344"},{"taxonomy":"post_tag","embeddable":true,"href":"https:\/\/www.europesays.com\/lv\/wp-json\/wp\/v2\/tags?post=100344"}],"curies":[{"name":"wp","href":"https:\/\/api.w.org\/{rel}","templated":true}]}}