{"id":100350,"date":"2026-01-10T16:32:15","date_gmt":"2026-01-10T16:32:15","guid":{"rendered":"https:\/\/www.europesays.com\/lv\/100350\/"},"modified":"2026-01-10T16:32:15","modified_gmt":"2026-01-10T16:32:15","slug":"lietuvas-migracijas-dienesta-vadiba-aicina-pastiprinat-imigracijas-politiku-raksts","status":"publish","type":"post","link":"https:\/\/www.europesays.com\/lv\/100350\/","title":{"rendered":"Lietuvas Migr\u0101cijas dienesta vad\u012bba aicina pastiprin\u0101t imigr\u0101cijas politiku \/ Raksts"},"content":{"rendered":"<p>Imigr\u0101cijas politiku Lietuv\u0101 vajadz\u0113tu pastiprin\u0101t t\u0101, lai nov\u0113rstu \u013caunpr\u0101t\u012bgu r\u012bc\u012bbu un dokumentu vilto\u0161anu no Lietuv\u0101 iece\u013cojo\u0161u tre\u0161o valstu pilso\u0146u puses. T\u0101 sarun\u0101 ar Lietuvas sabiedrisko radio &#8220;LRT&#8221; izteikusies jaun\u0101 Lietuvas Migr\u0101cijas dienesta vad\u012bt\u0101ja Indre Gaspere.<\/p>\n<p>Vi\u0146a ar\u012b uzsv\u0113rusi, ka Lietuva necen\u0161as samazin\u0101t migrantu skaitu, bet gan v\u0113las uzlabot kontroli p\u0101r imigr\u0101cijas procesiem.<\/p>\n<p>&#8220;M\u0113s gribam pastiprin\u0101t kontroli, lai neb\u016btu \u013caunpr\u0101t\u012bgas izmanto\u0161anas, lai netiktu iesniegti viltoti dokumenti, lai, teiksim, cilv\u0113ki neierastos uz viena pamata, bet uztur\u0113tos Lietuvas Republik\u0101 uz cita pamata.<\/p>\n<blockquote>\n<p>T\u0101pat \u2013 lai netiktu \u013caunpr\u0101t\u012bgi izmantota sist\u0113ma, kad studenti it k\u0101 stud\u0113, bet paties\u012bb\u0101 vi\u0146u sekmes neliecina, ka t\u0101s ir re\u0101las studijas, bet tiek str\u0101d\u0101ts. Ir ar\u012b fikt\u012bvas laul\u012bbas un taml\u012bdz\u012bgi gad\u012bjumi,&#8221; atzina Gaspare.<\/p>\n<\/blockquote>\n<p>&#8220;Ir daudz \u0161\u0101du gad\u012bjumu \u2013 nev\u0113los visus uzskait\u012bt. T\u0101 ir pa\u0161a imigr\u0101cijas procesa \u013caunpr\u0101t\u012bga izmanto\u0161ana. M\u0113s uzskat\u0101m, ka runa nav tik daudz par [migrantu] skaita samazin\u0101\u0161anu, bet gan par to, lai imigr\u0101cija tiktu p\u0101rvald\u012bta un kontrol\u0113ta.&#8221;<\/p>\n<p>Ilggad\u0113j\u0101 Lietuvas Iek\u0161lietu ministrijas darbiniece Indre Gaspere pilda Migr\u0101cijas dienesta vad\u012bt\u0101jas amata pien\u0101kumus kop\u0161 8. janv\u0101ra. \u0160aj\u0101 amat\u0101 vi\u0146a nomain\u012bja l\u012bdz\u0161in\u0113jo dienesta vad\u012bt\u0101ju Evel\u012bnu Gudzinskaiti.<\/p>\n<p>                    Valodas k\u013c\u016bda rakst\u0101?<\/p>\n<p class=\"d-none d-md-block\">Iez\u012bm\u0113jiet tekstu un spiediet Ctrl+Enter, lai nos\u016bt\u012btu labojamo teksta fragmentu redaktoram! Par faktu k\u013c\u016bd\u0101m l\u016bdzam zi\u0146ot e-past\u0101 <a href=\"https:\/\/www.lsm.lv\/cdn-cgi\/l\/email-protection\" class=\"__cf_email__\" data-cfemail=\"36445352575d555f5c57765a455b185a40\" rel=\"nofollow noopener\" target=\"_blank\">[email\u00a0protected]<\/a>.<\/p>\n<p class=\"d-md-none\">Iez\u012bm\u0113jiet tekstu un spiediet uz Zi\u0146ot par k\u013c\u016bdu pogas, lai nos\u016bt\u012btu labojamo teksta fragmentu redaktoram!<\/p>\n<p>\n                    Zi\u0146ot par k\u013c\u016bdu\n                <\/p>\n","protected":false},"excerpt":{"rendered":"Imigr\u0101cijas politiku Lietuv\u0101 vajadz\u0113tu pastiprin\u0101t t\u0101, lai nov\u0113rstu \u013caunpr\u0101t\u012bgu r\u012bc\u012bbu un dokumentu vilto\u0161anu no Lietuv\u0101 iece\u013cojo\u0161u tre\u0161o valstu&hellip;\n","protected":false},"author":2,"featured_media":100351,"comment_status":"","ping_status":"","sticky":false,"template":"","format":"standard","meta":{"footnotes":""},"categories":[14],"tags":[23,57,28,29,32,33,22,30,31,35,39,38,36,37,34,40,20,26,27,24,25,54,55,56,21,58],"class_list":{"0":"post-100350","1":"post","2":"type-post","3":"status-publish","4":"format-standard","5":"has-post-thumbnail","7":"category-zinas-no-arvalstim","8":"tag-aktualitates","9":"tag-arvalstim","10":"tag-breaking-news","11":"tag-breakingnews","12":"tag-featured-news","13":"tag-featurednews","14":"tag-headlines","15":"tag-latest-news","16":"tag-latestnews","17":"tag-latvia","18":"tag-latvian","19":"tag-latviesu","20":"tag-latviesu-valoda","21":"tag-latviesuvaloda","22":"tag-latvija","23":"tag-lv","24":"tag-news","25":"tag-popularakas-zinas","26":"tag-popularakaszinas","27":"tag-top-stories","28":"tag-topstories","29":"tag-world","30":"tag-world-news","31":"tag-worldnews","32":"tag-zinas","33":"tag-zinas-no-arvalstim"},"share_on_mastodon":{"url":"https:\/\/pubeurope.com\/@lv\/115871766434683070","error":""},"_links":{"self":[{"href":"https:\/\/www.europesays.com\/lv\/wp-json\/wp\/v2\/posts\/100350","targetHints":{"allow":["GET"]}}],"collection":[{"href":"https:\/\/www.europesays.com\/lv\/wp-json\/wp\/v2\/posts"}],"about":[{"href":"https:\/\/www.europesays.com\/lv\/wp-json\/wp\/v2\/types\/post"}],"author":[{"embeddable":true,"href":"https:\/\/www.europesays.com\/lv\/wp-json\/wp\/v2\/users\/2"}],"replies":[{"embeddable":true,"href":"https:\/\/www.europesays.com\/lv\/wp-json\/wp\/v2\/comments?post=100350"}],"version-history":[{"count":0,"href":"https:\/\/www.europesays.com\/lv\/wp-json\/wp\/v2\/posts\/100350\/revisions"}],"wp:featuredmedia":[{"embeddable":true,"href":"https:\/\/www.europesays.com\/lv\/wp-json\/wp\/v2\/media\/100351"}],"wp:attachment":[{"href":"https:\/\/www.europesays.com\/lv\/wp-json\/wp\/v2\/media?parent=100350"}],"wp:term":[{"taxonomy":"category","embeddable":true,"href":"https:\/\/www.europesays.com\/lv\/wp-json\/wp\/v2\/categories?post=100350"},{"taxonomy":"post_tag","embeddable":true,"href":"https:\/\/www.europesays.com\/lv\/wp-json\/wp\/v2\/tags?post=100350"}],"curies":[{"name":"wp","href":"https:\/\/api.w.org\/{rel}","templated":true}]}}