{"id":100354,"date":"2026-01-10T16:38:06","date_gmt":"2026-01-10T16:38:06","guid":{"rendered":"https:\/\/www.europesays.com\/lv\/100354\/"},"modified":"2026-01-10T16:38:06","modified_gmt":"2026-01-10T16:38:06","slug":"vatikans-meginajis-parliecinat-asv-atlaut-maduro-aizbegt-uz-krieviju","status":"publish","type":"post","link":"https:\/\/www.europesays.com\/lv\/100354\/","title":{"rendered":"Vatik\u0101ns m\u0113\u0123in\u0101jis p\u0101rliecin\u0101t ASV at\u013caut Maduro aizb\u0113gt uz Krieviju"},"content":{"rendered":"<p>K\u0101 iepriek\u0161 rakst\u012bja \u201cThe New York Times\u201d, Amerikas Savienot\u0101s Valstis 2025. gada beig\u0101s jau bija pied\u0101v\u0101ju\u0161as Maduro br\u012bvpr\u0101t\u012bgi atk\u0101pties no amata un doties uz Turciju, ta\u010du vi\u0146\u0161 \u0161o pied\u0101v\u0101jumu noraid\u012bja. Citas potenci\u0101l\u0101 patv\u0113ruma iesp\u0113jas, saska\u0146\u0101 ar \u201cPolitico\u201d, bija <a href=\"https:\/\/www.tvnet.lv\/term\/555452\/krievija\" class=\"topicLink\" target=\"_blank\" rel=\"nofollow noopener\">Krievija<\/a>, Azerbaid\u017e\u0101na un Kuba. \u201cThe Telegraph\u201d ar\u012b rakst\u012bja, ka Amerikas Savienot\u0101s Valstis pied\u0101v\u0101ja Maduro mekl\u0113t patv\u0113rumu \u0136\u012bn\u0101 vai Krievij\u0101, bet vi\u0146\u0161 pl\u0101noja palikt Rietumu puslod\u0113. Novembra vid\u016b Maduro, saska\u0146\u0101 ar NYT v\u0113st\u012bto, pied\u0101v\u0101ja Amerikas Savienotaj\u0101m Valst\u012bm atk\u0101pties no amata divu l\u012bdz tr\u012bs gadu p\u0101rejas period\u0101, ta\u010du sa\u0146\u0113ma atteikumu.<\/p>\n<p>T\u0101 rezult\u0101t\u0101 <a href=\"https:\/\/www.tvnet.lv\/term\/579446\/nikolass-maduro\" class=\"topicLink\" target=\"_blank\" rel=\"nofollow noopener\">Nikolass Maduro<\/a> un vi\u0146a sieva S\u012blija Floresa nakt\u012b uz 3. janv\u0101ri tika sag\u016bst\u012bti ASV armijas \u012bpa\u0161o Delta sp\u0113ku oper\u0101cij\u0101 un tika nog\u0101d\u0101ti Amerikas Savienotaj\u0101s Valst\u012bs, kur vi\u0146i aps\u016bdz\u0113ti par \u201cnarkoterorismu\u201d, iero\u010du glab\u0101\u0161anu un narkotiku kontrabandu.<\/p>\n","protected":false},"excerpt":{"rendered":"K\u0101 iepriek\u0161 rakst\u012bja \u201cThe New York Times\u201d, Amerikas Savienot\u0101s Valstis 2025. gada beig\u0101s jau bija pied\u0101v\u0101ju\u0161as Maduro br\u012bvpr\u0101t\u012bgi&hellip;\n","protected":false},"author":2,"featured_media":100355,"comment_status":"","ping_status":"","sticky":false,"template":"","format":"standard","meta":{"footnotes":""},"categories":[14],"tags":[23,57,292,28,29,32,33,22,234,30,31,35,39,38,36,37,34,40,20,5168,26,27,24,25,14324,358,54,55,56,21,58],"class_list":{"0":"post-100354","1":"post","2":"type-post","3":"status-publish","4":"format-standard","5":"has-post-thumbnail","7":"category-zinas-no-arvalstim","8":"tag-aktualitates","9":"tag-arvalstim","10":"tag-asv","11":"tag-breaking-news","12":"tag-breakingnews","13":"tag-featured-news","14":"tag-featurednews","15":"tag-headlines","16":"tag-krievija","17":"tag-latest-news","18":"tag-latestnews","19":"tag-latvia","20":"tag-latvian","21":"tag-latviesu","22":"tag-latviesu-valoda","23":"tag-latviesuvaloda","24":"tag-latvija","25":"tag-lv","26":"tag-news","27":"tag-nikolass-maduro","28":"tag-popularakas-zinas","29":"tag-popularakaszinas","30":"tag-top-stories","31":"tag-topstories","32":"tag-vatikans","33":"tag-venecuela","34":"tag-world","35":"tag-world-news","36":"tag-worldnews","37":"tag-zinas","38":"tag-zinas-no-arvalstim"},"share_on_mastodon":{"url":"https:\/\/pubeurope.com\/@lv\/115871790044431047","error":""},"_links":{"self":[{"href":"https:\/\/www.europesays.com\/lv\/wp-json\/wp\/v2\/posts\/100354","targetHints":{"allow":["GET"]}}],"collection":[{"href":"https:\/\/www.europesays.com\/lv\/wp-json\/wp\/v2\/posts"}],"about":[{"href":"https:\/\/www.europesays.com\/lv\/wp-json\/wp\/v2\/types\/post"}],"author":[{"embeddable":true,"href":"https:\/\/www.europesays.com\/lv\/wp-json\/wp\/v2\/users\/2"}],"replies":[{"embeddable":true,"href":"https:\/\/www.europesays.com\/lv\/wp-json\/wp\/v2\/comments?post=100354"}],"version-history":[{"count":0,"href":"https:\/\/www.europesays.com\/lv\/wp-json\/wp\/v2\/posts\/100354\/revisions"}],"wp:featuredmedia":[{"embeddable":true,"href":"https:\/\/www.europesays.com\/lv\/wp-json\/wp\/v2\/media\/100355"}],"wp:attachment":[{"href":"https:\/\/www.europesays.com\/lv\/wp-json\/wp\/v2\/media?parent=100354"}],"wp:term":[{"taxonomy":"category","embeddable":true,"href":"https:\/\/www.europesays.com\/lv\/wp-json\/wp\/v2\/categories?post=100354"},{"taxonomy":"post_tag","embeddable":true,"href":"https:\/\/www.europesays.com\/lv\/wp-json\/wp\/v2\/tags?post=100354"}],"curies":[{"name":"wp","href":"https:\/\/api.w.org\/{rel}","templated":true}]}}