{"id":100365,"date":"2026-01-10T16:58:06","date_gmt":"2026-01-10T16:58:06","guid":{"rendered":"https:\/\/www.europesays.com\/lv\/100365\/"},"modified":"2026-01-10T16:58:06","modified_gmt":"2026-01-10T16:58:06","slug":"birkentals-notur-poziciju-rastorgujevam-astoni-soda-apli-trilleri-uzvar-italis-ziemas-sports-sportacentrs-com","status":"publish","type":"post","link":"https:\/\/www.europesays.com\/lv\/100365\/","title":{"rendered":"Birkent\u0101ls notur poz\u012bciju, Rastorgujevam asto\u0146i soda ap\u013ci, triller\u012b uzvar it\u0101lis \u2013 Ziemas sports \u2013 Sportacentrs.com"},"content":{"rendered":"<p>\u2022 Par uzvar\u0113t\u0101ju 12.5 kilometru sprinta sacens\u012bb\u0101s v\u012brie\u0161iem k\u013cuva sprinta uzvar\u0113t\u0101js Tomaso D\u017eakomels, reiz\u0113 ar\u012b k\u013c\u016bstot par kopv\u0113rt\u0113juma l\u012bderi. Pirmo reizi \u0161aj\u0101 sezon\u0101 sprinta uzvar\u0113t\u0101js triumf\u0113jis ar\u012b iedz\u012b\u0161an\u0101.<\/p>\n<p>\u2022 D\u017eakomels pie triumfa tika pamat\u012bg\u0101 triller\u012b. Pirmaj\u0101s tr\u012bs \u0161au\u0161an\u0101s it\u0101lis pie\u013c\u0101va se\u0161as k\u013c\u016bdas un pirms p\u0113d\u0113j\u0101s \u0161au\u0161anas no l\u012bdera Martina \u016aldala atpalika nepilnu min\u016bti. Norv\u0113\u0123is p\u0113d\u0113j\u0101 \u0161au\u0161an\u0101 pie\u013c\u0101va tr\u012bs k\u013c\u016bdas, bet it\u0101lis bija nek\u013c\u016bd\u012bgs, ne tikai atsp\u0113l\u0113jot defic\u012btu, bet ar\u012b apsteidzot \u016aldalu, kur\u0161 fini\u0161u sasniedza k\u0101 otrais.<\/p>\n<p>\u2022 Goda pjedest\u0101lu nosl\u0113dza zviedrs Sebastians S\u0101muelsons, kur\u0161 bija starp \u0101tr\u0101kajiem nosl\u0113dzo\u0161aj\u0101 trases posm\u0101, fini\u0161\u0101 par nepiln\u0101m tr\u012bs sekund\u0113m apsteidzot ceturtaj\u0101 viet\u0101 paliku\u0161o Juhannesu D\u0101li-Skjevdalu.<\/p>\n<p>\u2022 No latvie\u0161iem lab\u0101kais bija Ren\u0101rs Birkent\u0101ls, kur\u0161 pirmaj\u0101s div\u0101s \u0161au\u0161an\u0101s bija nek\u013c\u016bd\u012bgs, bet tre\u0161aj\u0101 un ceturtaj\u0101 \u0161au\u0161an\u0101 pie\u013c\u0101va vienu un divas k\u013c\u016bdas. Nosl\u0113dzo\u0161aj\u0101 trases posm\u0101 Birkent\u0101lam izdev\u0101s pak\u0101pties par div\u0101m poz\u012bcij\u0101m un fini\u0161\u0113t 32. viet\u0101 \u2013 taj\u0101 pa\u0161\u0101, k\u0101du ie\u0146\u0113ma sprint\u0101. No uzvar\u0113t\u0101ja D\u017eakomela latvietis atpalika par 2:13.6 min\u016bt\u0113m.<\/p>\n<p>\u2022 Krietni neveiksm\u012bg\u0101ku sac\u012bksti aizvad\u012bja Andrejs Rastorgujevs, kur\u0161 neaizv\u0113ra attiec\u012bgi divus, divus, tr\u012bs un vienu m\u0113r\u0137i. Fini\u0161\u0101 Rastorgujevs ierad\u0101s 5:07.4 min\u016btes p\u0113c D\u017eakomela, ie\u0146emot 52. poz\u012bciju 56 biatlonistu konkurenc\u0113.<\/p>\n<p>\u2022 Tras\u0113 Birkent\u0101lam 36. \u0101tr\u0101kais sl\u0113pojums, bet Rastorgujevam \u2013 44. \u0101tr\u0101kais solis.<\/p>\n<p>\u2022 Pasaules kausa kopv\u0113rt\u0113jum\u0101 abi latvie\u0161i nu atrodas blakus. Rastorgujevs ar 42 punktiem ie\u0146em 46. vietu, bet Birkent\u0101ls ar 40 punktiem atrodas poz\u012bciju zem\u0101k.<\/p>\n<p>\u2022 Pasaules kauss Oberhof\u0101 pulksten 15.25 turpin\u0101sies ar 4&#215;6 kilometru stafeti sieviet\u0113m.<\/p>\n<p>PK biatlon\u0101 4. posms, 12.5km iedz\u012b\u0161ana v\u012brie\u0161iem<\/p>\n<tr>V.SportistsValstsK\u013c.Laiks<\/tr>\n<tr class=\"even\">\n<td>1.<\/td>\n<td>Tomaso D\u017eakomels<\/td>\n<td>It\u0101lija<\/td>\n<td>6 [2+2+2+0]<\/td>\n<td class=\"ralign\">37:15.4<\/td>\n<\/tr>\n<tr class=\"odd\">\n<td>2.<\/td>\n<td>Martins \u016aldals<\/td>\n<td>Norv\u0113\u0123ija<\/td>\n<td>4 [0+1+0+3]<\/td>\n<td class=\"ralign\">+4.5<\/td>\n<\/tr>\n<tr class=\"even\">\n<td>3.<\/td>\n<td>Sebastians S\u0101muelsons<\/td>\n<td>Zviedrija<\/td>\n<td>6 [1+2+2+1]<\/td>\n<td class=\"ralign\">+8.8<\/td>\n<\/tr>\n<tr class=\"odd\">\n<td>4.<\/td>\n<td>Juhanness D\u0101le-Skjevdals<\/td>\n<td>Norv\u0113\u0123ija<\/td>\n<td>5 [1+0+2+2]<\/td>\n<td class=\"ralign\">+11.4<\/td>\n<\/tr>\n<tr class=\"even\">\n<td>5.<\/td>\n<td>Martins Ponsiluoma<\/td>\n<td>Zviedrija<\/td>\n<td>6 [2+2+2+0]<\/td>\n<td class=\"ralign\">+12.4<\/td>\n<\/tr>\n<tr class=\"odd\">\n<td>6.<\/td>\n<td>Kant\u0113ns Fijons-Maj\u0113<\/td>\n<td>Francija<\/td>\n<td>4 [2+1+0+1]<\/td>\n<td class=\"ralign\">+14.0<\/td>\n<\/tr>\n<tr class=\"even\">\n<td>7.<\/td>\n<td>Dmitro Pidru\u010dnijs<\/td>\n<td>Ukraina<\/td>\n<td>1 [0+1+0+0]<\/td>\n<td class=\"ralign\">+20.7<\/td>\n<\/tr>\n<tr class=\"odd\">\n<td>8.<\/td>\n<td>Eriks Perro<\/td>\n<td>Francija<\/td>\n<td>5 [3+1+1+0]<\/td>\n<td class=\"ralign\">+25.7<\/td>\n<\/tr>\n<tr class=\"even\">\n<td>9.<\/td>\n<td>Fabj\u0113ns Klods<\/td>\n<td>Francija<\/td>\n<td>3 [1+1+1+0]<\/td>\n<td class=\"ralign\">+31.1<\/td>\n<\/tr>\n<tr class=\"odd\">\n<td>10.<\/td>\n<td>Lukass Hofers<\/td>\n<td>It\u0101lija<\/td>\n<td>3 [0+1+2+0]<\/td>\n<td class=\"ralign\">+35.4<\/td>\n<\/tr>\n<tr class=\"even\">\n<td\/>\n<td\/>\n<td\/>\n<td\/>\n<td class=\"ralign\"\/><\/tr>\n<tr class=\"odd\">\n<td\/>\n<td\/>\n<td\/>\n<td\/>\n<td class=\"ralign\"\/><\/tr>\n<tr class=\"even\">\n<td>32.<\/td>\n<td>Ren\u0101rs Birkent\u0101ls<\/td>\n<td>Latvija<\/td>\n<td>3 [0+0+1+2]<\/td>\n<td class=\"ralign\">+2:13.6<\/td>\n<\/tr>\n<tr class=\"odd\">\n<td\/>\n<td\/>\n<td\/>\n<td\/>\n<td class=\"ralign\"\/><\/tr>\n<tr class=\"even\">\n<td\/>\n<td\/>\n<td\/>\n<td\/>\n<td class=\"ralign\"\/><\/tr>\n<tr class=\"odd\">\n<td>52.<\/td>\n<td>Andrejs Rastorgujevs<\/td>\n<td>Latvija<\/td>\n<td>8 [2+2+3+1]<\/td>\n<td class=\"ralign\">+5:07.4<\/td>\n<\/tr>\n<p>Pasaules kausa ceturtais posms biatlon\u0101 Oberhof\u0101<\/p>\n<tr>DatumsLaiksDiscipl\u012bna<\/tr>\n<tr class=\"even\">\n<td>08.01.<\/td>\n<td class=\"ralign\">12.30<\/td>\n<td>10 km sprints v\u012brie\u0161iem<\/td>\n<\/tr>\n<tr class=\"odd\">\n<td>08.01.<\/td>\n<td class=\"ralign\">15.15<\/td>\n<td>7.5 km sprints sieviet\u0113m<\/td>\n<\/tr>\n<tr class=\"even\">\n<td>10.01.<\/td>\n<td class=\"ralign\">13.00<\/td>\n<td>12.5 km iedz\u012b\u0161ana v\u012brie\u0161iem<\/td>\n<\/tr>\n<tr class=\"odd\">\n<td\/>\n<td class=\"ralign\">15.25<\/td>\n<td>stafete sieviet\u0113m<\/td>\n<\/tr>\n<tr class=\"even\">\n<td>11.01.<\/td>\n<td class=\"ralign\">12.00<\/td>\n<td>stafete v\u012brie\u0161iem<\/td>\n<\/tr>\n<tr class=\"odd\">\n<td\/>\n<td class=\"ralign\">15.30<\/td>\n<td>10 km iedz\u012b\u0161ana sieviet\u0113m<\/td>\n<\/tr>\n","protected":false},"excerpt":{"rendered":"\u2022 Par uzvar\u0113t\u0101ju 12.5 kilometru sprinta sacens\u012bb\u0101s v\u012brie\u0161iem k\u013cuva sprinta uzvar\u0113t\u0101js Tomaso D\u017eakomels, reiz\u0113 ar\u012b k\u013c\u016bstot par kopv\u0113rt\u0113juma&hellip;\n","protected":false},"author":2,"featured_media":100366,"comment_status":"","ping_status":"","sticky":false,"template":"","format":"standard","meta":{"footnotes":""},"categories":[5],"tags":[23,28,29,32,33,22,30,31,35,39,38,36,37,34,40,20,26,27,24,25,620,21],"class_list":{"0":"post-100365","1":"post","2":"type-post","3":"status-publish","4":"format-standard","5":"has-post-thumbnail","7":"category-aktualitates","8":"tag-aktualitates","9":"tag-breaking-news","10":"tag-breakingnews","11":"tag-featured-news","12":"tag-featurednews","13":"tag-headlines","14":"tag-latest-news","15":"tag-latestnews","16":"tag-latvia","17":"tag-latvian","18":"tag-latviesu","19":"tag-latviesu-valoda","20":"tag-latviesuvaloda","21":"tag-latvija","22":"tag-lv","23":"tag-news","24":"tag-popularakas-zinas","25":"tag-popularakaszinas","26":"tag-top-stories","27":"tag-topstories","28":"tag-ziemas-sports","29":"tag-zinas"},"share_on_mastodon":{"url":"https:\/\/pubeurope.com\/@lv\/115871868701157460","error":""},"_links":{"self":[{"href":"https:\/\/www.europesays.com\/lv\/wp-json\/wp\/v2\/posts\/100365","targetHints":{"allow":["GET"]}}],"collection":[{"href":"https:\/\/www.europesays.com\/lv\/wp-json\/wp\/v2\/posts"}],"about":[{"href":"https:\/\/www.europesays.com\/lv\/wp-json\/wp\/v2\/types\/post"}],"author":[{"embeddable":true,"href":"https:\/\/www.europesays.com\/lv\/wp-json\/wp\/v2\/users\/2"}],"replies":[{"embeddable":true,"href":"https:\/\/www.europesays.com\/lv\/wp-json\/wp\/v2\/comments?post=100365"}],"version-history":[{"count":0,"href":"https:\/\/www.europesays.com\/lv\/wp-json\/wp\/v2\/posts\/100365\/revisions"}],"wp:featuredmedia":[{"embeddable":true,"href":"https:\/\/www.europesays.com\/lv\/wp-json\/wp\/v2\/media\/100366"}],"wp:attachment":[{"href":"https:\/\/www.europesays.com\/lv\/wp-json\/wp\/v2\/media?parent=100365"}],"wp:term":[{"taxonomy":"category","embeddable":true,"href":"https:\/\/www.europesays.com\/lv\/wp-json\/wp\/v2\/categories?post=100365"},{"taxonomy":"post_tag","embeddable":true,"href":"https:\/\/www.europesays.com\/lv\/wp-json\/wp\/v2\/tags?post=100365"}],"curies":[{"name":"wp","href":"https:\/\/api.w.org\/{rel}","templated":true}]}}