{"id":100369,"date":"2026-01-10T17:01:10","date_gmt":"2026-01-10T17:01:10","guid":{"rendered":"https:\/\/www.europesays.com\/lv\/100369\/"},"modified":"2026-01-10T17:01:10","modified_gmt":"2026-01-10T17:01:10","slug":"katram-otrajam-latvijas-uznemumam-kiberdrosiba-ir-zema-vai-viduveja-limeni-liecina-aptauja","status":"publish","type":"post","link":"https:\/\/www.europesays.com\/lv\/100369\/","title":{"rendered":"Katram otrajam Latvijas uz\u0146\u0113mumam kiberdro\u0161\u012bba ir zem\u0101 vai viduv\u0113j\u0101 l\u012bmen\u012b, liecina aptauja"},"content":{"rendered":"<p>Latvijas uz\u0146\u0113mumu kiberdro\u0161\u012bbas pa\u0161v\u0113rt\u0113jums ir viduv\u0113js jeb tikai 5,8 balles no 10 \u2013 tas nor\u0101da, ka liela da\u013ca uz\u0146\u0113mumu joproj\u0101m atrodas ievainojam\u012bbas zon\u0101 laik\u0101, kad kiberuzbrukumu risks nemit\u012bgi pieaug, liecina elektronisko sakaru un IKT pakalpojumu sniedz\u0113ja &#8220;<a rel=\"noopener nofollow\" target=\"_blank\" href=\"https:\/\/www.delfi.lv\/temas\/41394937\/bite-latvija\" tag-id=\"41394937\">Bite Latvija<\/a>&#8221; un p\u0113t\u012bjumu centra SKDS 2025. gada p\u0113t\u012bjums.<\/p>\n<p>V\u0113l satrauco\u0161\u0101k \u2013 17 % uz\u0146\u0113mumu savu kiberdro\u0161\u012bbu v\u0113rt\u0113 k\u0101 zemu, bet v\u0113l 33 % k\u0101 viduv\u0113ju. Tas noz\u012bm\u0113, ka kopum\u0101 50 % uz\u0146\u0113mumu atrodas paaugstin\u0101tas ievainojam\u012bbas zon\u0101, kas b\u016btiski palielina risku k\u013c\u016bt par kiberuzbrukumu m\u0113r\u0137i. Tas par\u0101da, ka liel\u0101 da\u013c\u0101 uz\u0146\u0113mumu kiberdro\u0161\u012bba joproj\u0101m nav pietiekami att\u012bst\u012bta, kas apdraud gan uz\u0146\u0113m\u0113jdarb\u012bbas dz\u012bvotsp\u0113ju un biznesa nep\u0101rtraukt\u012bbu, gan klientu datu dro\u0161\u012bbu.<\/p>\n<p>Lai gan uz\u0146\u0113mumi soli pa solim att\u012bsta savu digit\u0101l\u0101s dro\u0161\u012bbas infrastrukt\u016bru, \u0161ie uzlabojumi notiek l\u0113ni un nevienm\u0113r\u012bgi. Regul\u0101rus programmat\u016bras atjaunin\u0101jumus veic 62 % uz\u0146\u0113mumu, kas ir par septi\u0146iem procentpunktiem vair\u0101k nek\u0101 2024. gad\u0101, tikm\u0113r rezerves kopijas m\u0101kon\u012b glab\u0101 57 %, kas ir divu procentpunktu k\u0101pums gada laik\u0101. Gandr\u012bz puse jeb 45 % uz\u0146\u0113mumu izmanto bezmaksas antiv\u012brusu programmas, kas ir teju tikpat cik p\u0113rn, savuk\u0101rt divfaktoru autentifik\u0101ciju ieviesu\u0161i 32 %. Tom\u0113r b\u016btiska probl\u0113ma saglab\u0101jas darbinieku zin\u0101\u0161anu l\u012bmen\u012b \u2013 ja 2024. gad\u0101 regul\u0101ras darbinieku kiberdro\u0161\u012bbas apm\u0101c\u012bbas veica 17 % uz\u0146\u0113mumu, \u0161ogad \u2013 tikai 13 %.<\/p>\n<p>Dom\u0101jot par apdraud\u0113jumiem digit\u0101laj\u0101 vid\u0113, 34 % gad\u012bjumu uz\u0146\u0113m\u0113jus uztrauc kiberuzbrukumu rad\u012btie finansi\u0101lie zaud\u0113jumi, kas var ietekm\u0113t uz\u0146\u0113muma sp\u0113ju turpin\u0101t darbu. Tikm\u0113r 24 % gad\u012bjumu liel\u0101ko satraukumu rada klientu datu z\u0101dz\u012bbas risks, kas uz\u0146\u0113muma reput\u0101cijai var rad\u012bt ilgsto\u0161as sekas. Savuk\u0101rt 18 % gad\u012bjumu \u2013 darbinieku nepietiekam\u0101s zin\u0101\u0161anas, k\u0101 r\u012bkoties, saskaroties ar kiberincidentu. Taj\u0101 pa\u0161\u0101 laik\u0101 29 % gad\u012bjumu uz\u0146\u0113mumu vad\u012bt\u0101ji nor\u0101d\u012bju\u0161i, ka kiberdraudi vi\u0146us nesatrauc, un \u0161is \u012bpatsvars praktiski nav main\u012bjies sal\u012bdzin\u0101jum\u0101 ar 2024. gadu.<\/p>\n<p class=\"m-0\">Seko &#8220;Delfi&#8221; ar\u012b  <a target=\"_blank\" href=\"https:\/\/www.instagram.com\/delfi.lv\/\" rel=\"nofollow noopener\">Instagram<\/a>  un <a target=\"_blank\" href=\"https:\/\/www.youtube.com\/channel\/UCw5foWtcJvAbUm64rv7jwUQ\" rel=\"nofollow noopener\">YouTube<\/a>  profil\u0101 \u2013 pievienojies, lai uzzin\u0101tu svar\u012bg\u0101ko un interesant\u0101ko pirmais!<\/p>\n<p>Publik\u0101cijas saturs vai t\u0101s jebk\u0101da apjoma da\u013ca ir aizsarg\u0101ts autorties\u012bbu objekts Autorties\u012bbu likuma izpratn\u0113, un t\u0101 izmanto\u0161ana bez izdev\u0113ja at\u013caujas ir aizliegta. Vair\u0101k lasi  <a target=\"_blank\" href=\"https:\/\/www.delfi.lv\/noteikumi#autortiesibas\" rel=\"nofollow noopener\">\u0161eit<\/a><script async src=\"\/\/www.instagram.com\/embed.js\"><\/script><\/p>\n","protected":false},"excerpt":{"rendered":"Latvijas uz\u0146\u0113mumu kiberdro\u0161\u012bbas pa\u0161v\u0113rt\u0113jums ir viduv\u0113js jeb tikai 5,8 balles no 10 \u2013 tas nor\u0101da, ka liela da\u013ca&hellip;\n","protected":false},"author":2,"featured_media":100370,"comment_status":"","ping_status":"","sticky":false,"template":"","format":"standard","meta":{"footnotes":""},"categories":[16],"tags":[18036,77,76,35,39,38,36,37,34,40],"class_list":{"0":"post-100369","1":"post","2":"type-post","3":"status-publish","4":"format-standard","5":"has-post-thumbnail","7":"category-bizness","8":"tag-bite-latvija","9":"tag-bizness","10":"tag-business","11":"tag-latvia","12":"tag-latvian","13":"tag-latviesu","14":"tag-latviesu-valoda","15":"tag-latviesuvaloda","16":"tag-latvija","17":"tag-lv"},"share_on_mastodon":{"url":"https:\/\/pubeurope.com\/@lv\/115871880489040463","error":""},"_links":{"self":[{"href":"https:\/\/www.europesays.com\/lv\/wp-json\/wp\/v2\/posts\/100369","targetHints":{"allow":["GET"]}}],"collection":[{"href":"https:\/\/www.europesays.com\/lv\/wp-json\/wp\/v2\/posts"}],"about":[{"href":"https:\/\/www.europesays.com\/lv\/wp-json\/wp\/v2\/types\/post"}],"author":[{"embeddable":true,"href":"https:\/\/www.europesays.com\/lv\/wp-json\/wp\/v2\/users\/2"}],"replies":[{"embeddable":true,"href":"https:\/\/www.europesays.com\/lv\/wp-json\/wp\/v2\/comments?post=100369"}],"version-history":[{"count":0,"href":"https:\/\/www.europesays.com\/lv\/wp-json\/wp\/v2\/posts\/100369\/revisions"}],"wp:featuredmedia":[{"embeddable":true,"href":"https:\/\/www.europesays.com\/lv\/wp-json\/wp\/v2\/media\/100370"}],"wp:attachment":[{"href":"https:\/\/www.europesays.com\/lv\/wp-json\/wp\/v2\/media?parent=100369"}],"wp:term":[{"taxonomy":"category","embeddable":true,"href":"https:\/\/www.europesays.com\/lv\/wp-json\/wp\/v2\/categories?post=100369"},{"taxonomy":"post_tag","embeddable":true,"href":"https:\/\/www.europesays.com\/lv\/wp-json\/wp\/v2\/tags?post=100369"}],"curies":[{"name":"wp","href":"https:\/\/api.w.org\/{rel}","templated":true}]}}