{"id":100376,"date":"2026-01-10T17:09:08","date_gmt":"2026-01-10T17:09:08","guid":{"rendered":"https:\/\/www.europesays.com\/lv\/100376\/"},"modified":"2026-01-10T17:09:08","modified_gmt":"2026-01-10T17:09:08","slug":"ropazu-novada-izsludinata-pieteiksanas-jauniesu-gada-balvai","status":"publish","type":"post","link":"https:\/\/www.europesays.com\/lv\/100376\/","title":{"rendered":"Ropa\u017eu novad\u0101 izsludin\u0101ta pieteik\u0161an\u0101s Jaunie\u0161u gada balvai"},"content":{"rendered":"<p>Ropa\u017eu novada pa\u0161vald\u012bba izsludin\u0101jusi pieteik\u0161anos &#8220;Jaunie\u0161u gada balvai 2025&#8221;, liecina inform\u0101cija pa\u0161vald\u012bbas m\u0101jaslap\u0101.<\/p>\n<p>Pretendentus var izvirz\u012bt l\u012bdz 31. janv\u0101rim nomin\u0101cij\u0101s &#8220;Gada jaunietis&#8221;, &#8220;Gada br\u012bvpr\u0101t\u012bgais jaunietis&#8221;, &#8220;Jaunietis Ropa\u017eu novada skolai&#8221;, &#8220;Gada m\u0101c\u012bbu uz\u0146\u0113mums&#8221;, &#8220;Gada uz\u0146\u0113m\u0113js&#8221;, &#8220;Gada sporta v\u0113stnesis&#8221;, &#8220;Gada m\u0101kslinieks&#8221;, &#8220;Gada m\u016bzi\u0137is&#8221;, &#8220;Gada jaunie\u0161u komanda&#8221; un &#8220;Gada soci\u0101lo t\u012bklu person\u012bba&#8221;.<\/p>\n<p>Konkursam var pieteikt Ropa\u017eu novad\u0101 deklar\u0113tus jaunie\u0161us vecum\u0101 no 13 l\u012bdz 25 gadiem, izvirzot vi\u0146us vien\u0101 vai vair\u0101k\u0101s nomin\u0101cij\u0101s.<\/p>\n<p>Gada balvas ieguv\u0113ji tiks pazi\u0146oti 26. febru\u0101r\u012b Ropa\u017eu Kult\u016bras centr\u0101, kur norisin\u0101sies Jaunie\u0161u gada balvas nosl\u0113guma ceremonija.<\/p>\n<p>Ceremonijas laik\u0101 tiks ar\u012b izsniegtas atzin\u012bbas 2025. gada br\u012bvpr\u0101t\u012bgajiem jaunie\u0161iem.<\/p>\n","protected":false},"excerpt":{"rendered":"Ropa\u017eu novada pa\u0161vald\u012bba izsludin\u0101jusi pieteik\u0161anos &#8220;Jaunie\u0161u gada balvai 2025&#8221;, liecina inform\u0101cija pa\u0161vald\u012bbas m\u0101jaslap\u0101. Pretendentus var izvirz\u012bt l\u012bdz 31.&hellip;\n","protected":false},"author":2,"featured_media":100377,"comment_status":"","ping_status":"","sticky":false,"template":"","format":"standard","meta":{"footnotes":""},"categories":[12],"tags":[23,28,29,47,32,33,22,381,64,30,31,35,39,38,36,37,34,40,20,385,26,27,172,382,384,383,24,25,21],"class_list":{"0":"post-100376","1":"post","2":"type-post","3":"status-publish","4":"format-standard","5":"has-post-thumbnail","7":"category-latvija","8":"tag-aktualitates","9":"tag-breaking-news","10":"tag-breakingnews","11":"tag-ekonomika","12":"tag-featured-news","13":"tag-featurednews","14":"tag-headlines","15":"tag-jaunumi","16":"tag-kultura","17":"tag-latest-news","18":"tag-latestnews","19":"tag-latvia","20":"tag-latvian","21":"tag-latviesu","22":"tag-latviesu-valoda","23":"tag-latviesuvaloda","24":"tag-latvija","25":"tag-lv","26":"tag-news","27":"tag-pieriga","28":"tag-popularakas-zinas","29":"tag-popularakaszinas","30":"tag-riga","31":"tag-sabiedriba","32":"tag-sludinajumi","33":"tag-sports-afisa","34":"tag-top-stories","35":"tag-topstories","36":"tag-zinas"},"share_on_mastodon":{"url":"https:\/\/pubeurope.com\/@lv\/115871911929738242","error":""},"_links":{"self":[{"href":"https:\/\/www.europesays.com\/lv\/wp-json\/wp\/v2\/posts\/100376","targetHints":{"allow":["GET"]}}],"collection":[{"href":"https:\/\/www.europesays.com\/lv\/wp-json\/wp\/v2\/posts"}],"about":[{"href":"https:\/\/www.europesays.com\/lv\/wp-json\/wp\/v2\/types\/post"}],"author":[{"embeddable":true,"href":"https:\/\/www.europesays.com\/lv\/wp-json\/wp\/v2\/users\/2"}],"replies":[{"embeddable":true,"href":"https:\/\/www.europesays.com\/lv\/wp-json\/wp\/v2\/comments?post=100376"}],"version-history":[{"count":0,"href":"https:\/\/www.europesays.com\/lv\/wp-json\/wp\/v2\/posts\/100376\/revisions"}],"wp:featuredmedia":[{"embeddable":true,"href":"https:\/\/www.europesays.com\/lv\/wp-json\/wp\/v2\/media\/100377"}],"wp:attachment":[{"href":"https:\/\/www.europesays.com\/lv\/wp-json\/wp\/v2\/media?parent=100376"}],"wp:term":[{"taxonomy":"category","embeddable":true,"href":"https:\/\/www.europesays.com\/lv\/wp-json\/wp\/v2\/categories?post=100376"},{"taxonomy":"post_tag","embeddable":true,"href":"https:\/\/www.europesays.com\/lv\/wp-json\/wp\/v2\/tags?post=100376"}],"curies":[{"name":"wp","href":"https:\/\/api.w.org\/{rel}","templated":true}]}}