{"id":10038,"date":"2025-10-01T21:34:12","date_gmt":"2025-10-01T21:34:12","guid":{"rendered":"https:\/\/www.europesays.com\/lv\/10038\/"},"modified":"2025-10-01T21:34:12","modified_gmt":"2025-10-01T21:34:12","slug":"jelgavas-jaunie-futbolisti-piekapjas-atbildes-spele-un-izstajas-no-uefa-jaunatnes-ligas","status":"publish","type":"post","link":"https:\/\/www.europesays.com\/lv\/10038\/","title":{"rendered":"\u201cJelgavas\u201d jaunie futbolisti piek\u0101pjas atbildes sp\u0113l\u0113 un izst\u0101jas no UEFA Jaunatnes l\u012bgas"},"content":{"rendered":"<p>Vien\u012bgie v\u0101rti ma\u010d\u0101 tika g\u016bti 28. min\u016bt\u0113, kad jelgavnieku v\u0101rtsargu p\u0101rsp\u0113ja Torirs Hrafns Ellertsons.<\/p>\n<p>Pirms div\u0101m ned\u0113\u013c\u0101m pirmaj\u0101 sp\u0113l\u0113 \u201cJelgavas\u201d futbolisti nenosarg\u0101ja 2:0 p\u0101rsvaru un sav\u0101 laukum\u0101 ar Islandes vien\u012bbu c\u012bn\u012bj\u0101s neiz\u0161\u0137irti 2:2.<\/p>\n<p>UEFA Jaunatnes l\u012bg\u0101 atsevi\u0161\u0137os zaros sacen\u0161as nacion\u0101lie \u010dempioni un UEFA \u010cempionu l\u012bgas klubu jaunatnes komandas, vienot\u0101 izsl\u0113g\u0161anas sp\u0113\u013cu turn\u012br\u0101 kop\u0101 san\u0101kot n\u0101kam\u0101 gada febru\u0101r\u012b. No nacion\u0101lo \u010dempionu zara taj\u0101 iek\u013c\u016bs desmit tre\u0161o k\u0101rtu p\u0101rvar\u0113ju\u0161\u0101s komandas.<\/p>\n<p>\u0160\u012b ir sest\u0101 reize v\u0113stur\u0113, kad Latvija ir p\u0101rst\u0101v\u0113ta Eiropas presti\u017e\u0101kaj\u0101 klubu futbola turn\u012br\u0101 jaunie\u0161iem.<\/p>\n<p>\u201cJelgava\u201d iepriek\u0161 2022.gad\u0101 pie cita izsp\u0113les form\u0101ta izst\u0101j\u0101s pirmaj\u0101 k\u0101rt\u0101, bet pag\u0101ju\u0161aj\u0101 sezon\u0101 ar jauno form\u0101tu \u201cDaugavpils\u201d k\u0101 pirm\u0101 Latvijas komanda sp\u0113ja p\u0101rvar\u0113t vienu sacens\u012bbu k\u0101rtu.<\/p>\n<p class=\"tv3-fw-500\">Zi\u0146o par k\u013c\u016bdu rakst\u0101<\/p>\n<p class=\"d-md-block d-none\">Iez\u012bm\u0113 k\u013c\u016bdaino tekstu un spied Ctrl+Enter.<\/p>\n<p class=\"d-md-none d-block\">Iez\u012bm\u0113 k\u013c\u016bdaino tekstu un zi\u0146o par to!<\/p>\n","protected":false},"excerpt":{"rendered":"Vien\u012bgie v\u0101rti ma\u010d\u0101 tika g\u016bti 28. min\u016bt\u0113, kad jelgavnieku v\u0101rtsargu p\u0101rsp\u0113ja Torirs Hrafns Ellertsons. Pirms div\u0101m ned\u0113\u013c\u0101m pirmaj\u0101&hellip;\n","protected":false},"author":2,"featured_media":10039,"comment_status":"","ping_status":"","sticky":false,"template":"","format":"standard","meta":{"footnotes":""},"categories":[17],"tags":[35,39,38,36,37,34,40,67,3676],"class_list":{"0":"post-10038","1":"post","2":"type-post","3":"status-publish","4":"format-standard","5":"has-post-thumbnail","7":"category-sports","8":"tag-latvia","9":"tag-latvian","10":"tag-latviesu","11":"tag-latviesu-valoda","12":"tag-latviesuvaloda","13":"tag-latvija","14":"tag-lv","15":"tag-sports","16":"tag-uefa"},"share_on_mastodon":{"url":"","error":""},"_links":{"self":[{"href":"https:\/\/www.europesays.com\/lv\/wp-json\/wp\/v2\/posts\/10038","targetHints":{"allow":["GET"]}}],"collection":[{"href":"https:\/\/www.europesays.com\/lv\/wp-json\/wp\/v2\/posts"}],"about":[{"href":"https:\/\/www.europesays.com\/lv\/wp-json\/wp\/v2\/types\/post"}],"author":[{"embeddable":true,"href":"https:\/\/www.europesays.com\/lv\/wp-json\/wp\/v2\/users\/2"}],"replies":[{"embeddable":true,"href":"https:\/\/www.europesays.com\/lv\/wp-json\/wp\/v2\/comments?post=10038"}],"version-history":[{"count":0,"href":"https:\/\/www.europesays.com\/lv\/wp-json\/wp\/v2\/posts\/10038\/revisions"}],"wp:featuredmedia":[{"embeddable":true,"href":"https:\/\/www.europesays.com\/lv\/wp-json\/wp\/v2\/media\/10039"}],"wp:attachment":[{"href":"https:\/\/www.europesays.com\/lv\/wp-json\/wp\/v2\/media?parent=10038"}],"wp:term":[{"taxonomy":"category","embeddable":true,"href":"https:\/\/www.europesays.com\/lv\/wp-json\/wp\/v2\/categories?post=10038"},{"taxonomy":"post_tag","embeddable":true,"href":"https:\/\/www.europesays.com\/lv\/wp-json\/wp\/v2\/tags?post=10038"}],"curies":[{"name":"wp","href":"https:\/\/api.w.org\/{rel}","templated":true}]}}