{"id":100381,"date":"2026-01-10T17:15:07","date_gmt":"2026-01-10T17:15:07","guid":{"rendered":"https:\/\/www.europesays.com\/lv\/100381\/"},"modified":"2026-01-10T17:15:07","modified_gmt":"2026-01-10T17:15:07","slug":"iecava-sakta-modularas-pulvera-ladinu-rupnicas-celtnieciba-latvijas-aizsardzibas-industrijas-attistibas-solis-lente-lv","status":"publish","type":"post","link":"https:\/\/www.europesays.com\/lv\/100381\/","title":{"rendered":"Iecav\u0101 s\u0101kta modul\u0101r\u0101s pulvera l\u0101di\u0146u r\u016bpn\u012bcas celtniec\u012bba \u2013 Latvijas aizsardz\u012bbas industrijas att\u012bst\u012bbas solis\u00a0\u2014\u00a0Lente.lv"},"content":{"rendered":"<p>Svin\u012bgs b\u016bvniec\u012bbas s\u0101kums Iecavas pagast\u0101<\/p>\n<p>\u0160odien, 8. janv\u0101r\u012b, Iecavas pagast\u0101 svin\u012bgi aizs\u0101kta artil\u0113rijas mun\u012bcijas modul\u0101ro pulvera l\u0101di\u0146u komplekt\u0113\u0161anas ra\u017eotnes b\u016bvniec\u012bba, iem\u016br\u0113jot \u0113kas pamatos kapsulu ar v\u0113st\u012bjumu n\u0101kotnei. K\u0101 zi\u0146o Latvijas Av\u012bze, pas\u0101kum\u0101 piedal\u012bj\u0101s aizsardz\u012bbas ministrs Andris Spr\u016bds, Valsts aizsardz\u012bbas korpor\u0101cijas valdes locekle Ingr\u012bda \u0136irse, k\u0101 ar\u012b b\u016bvnieku un uzraugu p\u0101rst\u0101vji, un Bauskas novada domes priek\u0161s\u0113d\u0113t\u0101js Aivars Ma\u010deks. \u0160is projekts, kas paz\u012bstams ar nosaukumu &#8220;Rollo&#8221;, ir noz\u012bm\u012bgs solis Latvijas aizsardz\u012bbas industrijas att\u012bst\u012bb\u0101 un mun\u012bcijas pieg\u0101\u017eu dro\u0161\u012bbas stiprin\u0101\u0161an\u0101 gan Latvijai, gan t\u0101s sabiedrotajiem.<\/p>\n<p>Pirm\u0101 ra\u017eotne Baltij\u0101 un t\u0101s m\u0113r\u0137i<\/p>\n<p>Pl\u0101nots, ka jaun\u0101 r\u016bpn\u012bca, kas k\u013c\u016bs par pirmo 155 milimetru artil\u0113rijas modul\u0101ro pulvera l\u0101di\u0146u ra\u017eotni Baltijas valst\u012bs, tiks pabeigta jau \u0161\u012b gada ruden\u012b. T\u0101s galvenais m\u0113r\u0137is ir palielin\u0101t modul\u0101ro pulvera l\u0101di\u0146u ra\u017eo\u0161anas jaudas Eirop\u0101, izveidojot modernu mun\u012bcijas komplekt\u0113\u0161anas ra\u017eotni Latvij\u0101. \u0160is projekts ir viens no apjom\u012bg\u0101kajiem, kas tiek \u012bstenots Eiropas Komisijas regulas &#8220;Mun\u012bcijas ra\u017eo\u0161anas atbalsta akts&#8221; ietvaros, un to finans\u0113 gan Latvijas valsts, gan Eiropas Savien\u012bba. Latvijas invest\u012bcijas jaun\u0101s r\u016bpn\u012bcas izveid\u0113 ir 26 miljoni eiro, savuk\u0101rt no Eiropas Savien\u012bbas sa\u0146emts 1 miljona eiro finans\u0113jums.<\/p>\n<p>Starptautisk\u0101 sadarb\u012bba un Latvijas ieguld\u012bjums<\/p>\n<p>Projektu &#8220;Rollo&#8221; \u012bsteno &#8220;Valsts aizsardz\u012bbas korpor\u0101cija&#8221; sadarb\u012bb\u0101 ar pieredz\u0113ju\u0161iem industrijas partneriem no It\u0101lijas, Francijas, Norv\u0113\u0123ijas un Somijas. \u0160\u012b sadarb\u012bba \u013cauj Latvijai \u0101tri g\u016bt nepiecie\u0161amo pieredzi, lai att\u012bst\u012btu ra\u017eotni, stiprin\u0101tu aizsardz\u012bbas nozares industrializ\u0101ciju, nodro\u0161in\u0101tu Nacion\u0101lo bru\u0146oto sp\u0113ku (NBS) apg\u0101di un integr\u0113tos starptautiskaj\u0101s mun\u012bcijas pieg\u0101des \u0137\u0113d\u0113s. Paredz\u0113ts, ka gad\u0101 r\u016bpn\u012bc\u0101 sara\u017eos aptuveni 50 000 modul\u0101ro pulvera l\u0101di\u0146u, kas nodro\u0161in\u0101s gan viet\u0113jo aizsardz\u012bbas vajadz\u012bbu, gan eksportu uz cit\u0101m NATO dal\u012bbvalst\u012bm.<\/p>\n<p>Dro\u0161\u012bba un att\u012bst\u012bbas perspekt\u012bvas<\/p>\n<p>Ra\u017eotne tiek izvietota Iecavas pagasta me\u017ea teritorij\u0101, vair\u0101ku kilometru att\u0101lum\u0101 no tuv\u0101kaj\u0101m dz\u012bvojam\u0101m m\u0101j\u0101m un galvenajiem ce\u013ciem, iev\u0113rojot dro\u0161\u012bbas pras\u012bbas milit\u0101ro ra\u017eot\u0146u izvieto\u0161anai. Tuvum\u0101 atrodas ar\u012b Nacion\u0101lo bru\u0146oto sp\u0113ku teritorijas, kas tiek izmantotas milit\u0101raj\u0101m apm\u0101c\u012bb\u0101m. Jaun\u0101 r\u016bpn\u012bca rad\u012bs aptuveni 20\u201325 jaunas darba vietas. Aizsardz\u012bbas ministrs Andris Spr\u016bds uzsv\u0113ris, ka \u0161\u012b r\u016bpn\u012bca ir strat\u0113\u0123iski noz\u012bm\u012bgs solis Latvijas un Eiropas dro\u0161\u012bbas stiprin\u0101\u0161an\u0101, kas palielin\u0101s kritiski svar\u012bgas mun\u012bcijas ra\u017eo\u0161anas jaudas, veidos jaunas kompetences un nodro\u0161in\u0101s Latvijas iesaisti starptautiskaj\u0101s mun\u012bcijas pieg\u0101des \u0137\u0113d\u0113s. \u0160is projekts ir da\u013ca no pla\u0161\u0101kas Latvijas aizsardz\u012bbas industrijas un inov\u0101ciju att\u012bst\u012bbas strat\u0113\u0123ijas 2025.-2036. gadam, kuras m\u0113r\u0137is ir palielin\u0101t viet\u0113j\u0101s aizsardz\u012bbas industrijas \u012bpatsvaru NBS iepirkumos un veicin\u0101t inov\u0101cijas.<\/p>\n","protected":false},"excerpt":{"rendered":"Svin\u012bgs b\u016bvniec\u012bbas s\u0101kums Iecavas pagast\u0101 \u0160odien, 8. janv\u0101r\u012b, Iecavas pagast\u0101 svin\u012bgi aizs\u0101kta artil\u0113rijas mun\u012bcijas modul\u0101ro pulvera l\u0101di\u0146u komplekt\u0113\u0161anas&hellip;\n","protected":false},"author":2,"featured_media":100382,"comment_status":"","ping_status":"","sticky":false,"template":"","format":"standard","meta":{"footnotes":""},"categories":[12],"tags":[3225,23,28,29,32,33,22,19080,30,31,35,39,38,36,37,34,729,40,3224,20,26,27,24486,24,25,21],"class_list":{"0":"post-100381","1":"post","2":"type-post","3":"status-publish","4":"format-standard","5":"has-post-thumbnail","7":"category-latvija","8":"tag-aizsardzibas-industrija","9":"tag-aktualitates","10":"tag-breaking-news","11":"tag-breakingnews","12":"tag-featured-news","13":"tag-featurednews","14":"tag-headlines","15":"tag-iecava","16":"tag-latest-news","17":"tag-latestnews","18":"tag-latvia","19":"tag-latvian","20":"tag-latviesu","21":"tag-latviesu-valoda","22":"tag-latviesuvaloda","23":"tag-latvija","24":"tag-latvijas-armija","25":"tag-lv","26":"tag-municijas-razotne","27":"tag-news","28":"tag-popularakas-zinas","29":"tag-popularakaszinas","30":"tag-pulvera-ladini","31":"tag-top-stories","32":"tag-topstories","33":"tag-zinas"},"share_on_mastodon":{"url":"https:\/\/pubeurope.com\/@lv\/115871935532527490","error":""},"_links":{"self":[{"href":"https:\/\/www.europesays.com\/lv\/wp-json\/wp\/v2\/posts\/100381","targetHints":{"allow":["GET"]}}],"collection":[{"href":"https:\/\/www.europesays.com\/lv\/wp-json\/wp\/v2\/posts"}],"about":[{"href":"https:\/\/www.europesays.com\/lv\/wp-json\/wp\/v2\/types\/post"}],"author":[{"embeddable":true,"href":"https:\/\/www.europesays.com\/lv\/wp-json\/wp\/v2\/users\/2"}],"replies":[{"embeddable":true,"href":"https:\/\/www.europesays.com\/lv\/wp-json\/wp\/v2\/comments?post=100381"}],"version-history":[{"count":0,"href":"https:\/\/www.europesays.com\/lv\/wp-json\/wp\/v2\/posts\/100381\/revisions"}],"wp:featuredmedia":[{"embeddable":true,"href":"https:\/\/www.europesays.com\/lv\/wp-json\/wp\/v2\/media\/100382"}],"wp:attachment":[{"href":"https:\/\/www.europesays.com\/lv\/wp-json\/wp\/v2\/media?parent=100381"}],"wp:term":[{"taxonomy":"category","embeddable":true,"href":"https:\/\/www.europesays.com\/lv\/wp-json\/wp\/v2\/categories?post=100381"},{"taxonomy":"post_tag","embeddable":true,"href":"https:\/\/www.europesays.com\/lv\/wp-json\/wp\/v2\/tags?post=100381"}],"curies":[{"name":"wp","href":"https:\/\/api.w.org\/{rel}","templated":true}]}}