{"id":100392,"date":"2026-01-10T17:38:07","date_gmt":"2026-01-10T17:38:07","guid":{"rendered":"https:\/\/www.europesays.com\/lv\/100392\/"},"modified":"2026-01-10T17:38:07","modified_gmt":"2026-01-10T17:38:07","slug":"vismaz-11-asv-sankcionetie-tankkugi-ar-venecuelas-naftu-izvairijusies-no-blokades","status":"publish","type":"post","link":"https:\/\/www.europesays.com\/lv\/100392\/","title":{"rendered":"Vismaz 11 ASV sankcion\u0113tie tankku\u0123i ar Venecu\u0113las naftu izvair\u012bju\u0161ies no blok\u0101des"},"content":{"rendered":"<p>Se\u0161i tankku\u0123i tika atrasti Kar\u012bbu j\u016bras re\u0123ion\u0101 vair\u0101k nek\u0101 70 j\u016bdzes no Venecu\u0113las krastiem, viens no tiem tika konfisc\u0113ts piektdien. V\u0113l tr\u012bs ku\u0123i dev\u0101s vair\u0101k nek\u0101 450 j\u016bdzes Atlantijas oke\u0101n\u0101 \u2013 p\u0113c anal\u012bti\u0137u dom\u0101m, tiem sal\u012bdzino\u0161i liel\u0101 att\u0101lum\u0101 seko ku\u0123is, kas tiek uzskat\u012bts par <a href=\"https:\/\/www.tvnet.lv\/term\/555410\/asv\" class=\"topicLink\" target=\"_blank\" rel=\"nofollow noopener\">ASV<\/a> j\u016bras kara flotes ku\u0123i. Desmitais <a href=\"https:\/\/www.tvnet.lv\/term\/777538\/tankkugis\" class=\"topicLink\" target=\"_blank\" rel=\"nofollow noopener\">tankku\u0123is<\/a> tika paman\u012bts pie Gren\u0101das krastiem, vienpadsmitais pie Kolumbijas krastiem; Saska\u0146\u0101 ar Krievijas ku\u0123u re\u0123istru p\u0113d\u0113jais nesen tika p\u0101rre\u0123istr\u0113ts ar Krievijas karogu.<\/p>\n<p>TankerTrackers.com l\u0113\u0161, ka 11 tankku\u0123i p\u0101rvad\u0101 kopum\u0101 aptuveni 9,4 miljonus barelu naftas simtiem miljonu dol\u0101ru v\u0113rt\u012bb\u0101. Visi \u0161ie ku\u0123i bija starp 16 tankku\u0123iem, kas tika paman\u012bti net\u0101lu no Venecu\u0113las ost\u0101m p\u0113c blok\u0101des ievie\u0161anas decembr\u012b un p\u0113c tam sl\u0113pa savu patieso atra\u0161an\u0101s vietu.<\/p>\n<p>Tiek uzsv\u0113rts, ka Trampa administr\u0101cija blok\u0101di d\u0113v\u0113 par galveno instrumentu, lai izdar\u012btu spiedienu uz Venecu\u0113lu. Valsts sekret\u0101rs Marko Rubio sac\u012bja, ka \u201ckarant\u012bna\u201d dod Amerikas Savienotaj\u0101m Valst\u012bm \u201csp\u0113c\u012bg\u0101ko iesp\u0113jamo sviru\u201d sarun\u0101s ar viceprezidentu Delsiju Rodrigesu, prezidenta pien\u0101kumu izpild\u012bt\u0101ju p\u0113c Nikolasa Maduro arest\u0113\u0161anas.<\/p>\n<p>Izdevuma interv\u0113tie anal\u012bti\u0137i atz\u012bm\u0113, ka tankku\u0123u \u201caizb\u0113g\u0161ana\u201d liek ap\u0161aub\u012bt blok\u0101des efektivit\u0101ti. Taj\u0101 pa\u0161\u0101 laik\u0101 tre\u0161dien ASV milit\u0101rie sp\u0113ki p\u0113c ned\u0113\u013cu ilgas paka\u013cdz\u012b\u0161an\u0101s p\u0101ri Atlantijas oke\u0101nam konfisc\u0113ja v\u0113l divus ku\u0123us \u2013 \u201cSophia\u201d Kar\u012bbu j\u016br\u0101 un Krievijas tankku\u0123i \u201cMarinera\u201d pie Islandes krastiem. Piektdien tika aiztur\u0113ts tankku\u0123is \u201cOlina\u201d. Maskava nosod\u012bja aiztur\u0113\u0161anu, sakot, ka nevienai valstij nav ties\u012bbu pielietot sp\u0113ku pret ku\u0123iem, kas re\u0123istr\u0113ti citu valstu jurisdikcij\u0101s.<\/p>\n","protected":false},"excerpt":{"rendered":"Se\u0161i tankku\u0123i tika atrasti Kar\u012bbu j\u016bras re\u0123ion\u0101 vair\u0101k nek\u0101 70 j\u016bdzes no Venecu\u0113las krastiem, viens no tiem tika&hellip;\n","protected":false},"author":2,"featured_media":100393,"comment_status":"","ping_status":"","sticky":false,"template":"","format":"standard","meta":{"footnotes":""},"categories":[14],"tags":[23,57,292,28,29,32,33,22,30,31,35,39,38,36,37,34,40,20,26,27,9846,24,25,358,54,55,56,21,58],"class_list":{"0":"post-100392","1":"post","2":"type-post","3":"status-publish","4":"format-standard","5":"has-post-thumbnail","7":"category-zinas-no-arvalstim","8":"tag-aktualitates","9":"tag-arvalstim","10":"tag-asv","11":"tag-breaking-news","12":"tag-breakingnews","13":"tag-featured-news","14":"tag-featurednews","15":"tag-headlines","16":"tag-latest-news","17":"tag-latestnews","18":"tag-latvia","19":"tag-latvian","20":"tag-latviesu","21":"tag-latviesu-valoda","22":"tag-latviesuvaloda","23":"tag-latvija","24":"tag-lv","25":"tag-news","26":"tag-popularakas-zinas","27":"tag-popularakaszinas","28":"tag-tankkugis","29":"tag-top-stories","30":"tag-topstories","31":"tag-venecuela","32":"tag-world","33":"tag-world-news","34":"tag-worldnews","35":"tag-zinas","36":"tag-zinas-no-arvalstim"},"share_on_mastodon":{"url":"https:\/\/pubeurope.com\/@lv\/115872025972233806","error":""},"_links":{"self":[{"href":"https:\/\/www.europesays.com\/lv\/wp-json\/wp\/v2\/posts\/100392","targetHints":{"allow":["GET"]}}],"collection":[{"href":"https:\/\/www.europesays.com\/lv\/wp-json\/wp\/v2\/posts"}],"about":[{"href":"https:\/\/www.europesays.com\/lv\/wp-json\/wp\/v2\/types\/post"}],"author":[{"embeddable":true,"href":"https:\/\/www.europesays.com\/lv\/wp-json\/wp\/v2\/users\/2"}],"replies":[{"embeddable":true,"href":"https:\/\/www.europesays.com\/lv\/wp-json\/wp\/v2\/comments?post=100392"}],"version-history":[{"count":0,"href":"https:\/\/www.europesays.com\/lv\/wp-json\/wp\/v2\/posts\/100392\/revisions"}],"wp:featuredmedia":[{"embeddable":true,"href":"https:\/\/www.europesays.com\/lv\/wp-json\/wp\/v2\/media\/100393"}],"wp:attachment":[{"href":"https:\/\/www.europesays.com\/lv\/wp-json\/wp\/v2\/media?parent=100392"}],"wp:term":[{"taxonomy":"category","embeddable":true,"href":"https:\/\/www.europesays.com\/lv\/wp-json\/wp\/v2\/categories?post=100392"},{"taxonomy":"post_tag","embeddable":true,"href":"https:\/\/www.europesays.com\/lv\/wp-json\/wp\/v2\/tags?post=100392"}],"curies":[{"name":"wp","href":"https:\/\/api.w.org\/{rel}","templated":true}]}}