{"id":100406,"date":"2026-01-10T17:56:07","date_gmt":"2026-01-10T17:56:07","guid":{"rendered":"https:\/\/www.europesays.com\/lv\/100406\/"},"modified":"2026-01-10T17:56:07","modified_gmt":"2026-01-10T17:56:07","slug":"tramps-putins-nebaidas-no-eiropas-vins-baidas-no-asv","status":"publish","type":"post","link":"https:\/\/www.europesays.com\/lv\/100406\/","title":{"rendered":"Tramps: Putins nebaid\u0101s no Eiropas, vi\u0146\u0161 baid\u0101s no ASV"},"content":{"rendered":"<p>ASV prezidents ar\u012b asi kritiz\u0113ja Eiropu kopum\u0101, nor\u0101dot, ka t\u0101 p\u0113d\u0113jos gados ir b\u016btiski main\u012bjusies un tai \u201cir j\u0101sav\u0101cas\u201d. \u201cEs tikai pateik\u0161u, ka Eirop\u0101 ir vietas, kas ir svar\u012bgas, bet vairs nav atpaz\u012bstamas,\u201d piebilda Tramps.<\/p>\n<p>Prezidents, kura dzimtas saknes mekl\u0113jamas Eirop\u0101, kritiz\u0113ja ar\u012b kontinenta migr\u0101cijas politiku un p\u0101reju uz za\u013co ener\u0123iju. Vi\u0146\u0161 nor\u0101d\u012bja, ka Eiropa, invest\u0113jot v\u0113ja ener\u0123ij\u0101, cie\u0161 iev\u0113rojamus finansi\u0101lus zaud\u0113jumus. \u201cVi\u0146i visur ce\u013c v\u0113ja turb\u012bnas un zaud\u0113 milz\u012bgas naudas summas,\u201d sac\u012bja Tramps.<\/p>\n<p>Vienlaikus Tramps atk\u0101rtoti uzsv\u0113ra, ka vienm\u0113r esot uztur\u0113jis labas attiec\u012bbas ar Vladimiru Putinu, tom\u0113r ir v\u012blies Krievijas prezidenta r\u012bc\u012bb\u0101 laik\u0101, kad ASV cen\u0161as pan\u0101kt kara izbeig\u0161anu Ukrain\u0101.<\/p>\n<p>Atbildot uz jaut\u0101jumu, vai vi\u0146\u0161 apsv\u0113rtu Krievij\u0101 veikt milit\u0101ru oper\u0101ciju Vladimira Putina aiztur\u0113\u0161anai \u2013 l\u012bdz\u012bgi k\u0101 nesenaj\u0101 ASV oper\u0101cij\u0101 Venecu\u0113l\u0101, kuras laik\u0101 tika sagr\u0101bts t\u0101s prezidents Nikolass Maduro \u2013, Tramps nor\u0101d\u012bja, ka cer, ka \u0161\u0101da r\u012bc\u012bba neb\u016bs nepiecie\u0161ama. \u201cEs ceru, ka tas neb\u016bs vajadz\u012bgs,\u201d sac\u012bja ASV prezidents.<\/p>\n<p class=\"tv3-fw-500\">Zi\u0146o par k\u013c\u016bdu rakst\u0101<\/p>\n<p class=\"d-md-block d-none\">Iez\u012bm\u0113 k\u013c\u016bdaino tekstu un spied Ctrl+Enter.<\/p>\n<p class=\"d-md-none d-block\">Iez\u012bm\u0113 k\u013c\u016bdaino tekstu un zi\u0146o par to!<\/p>\n","protected":false},"excerpt":{"rendered":"ASV prezidents ar\u012b asi kritiz\u0113ja Eiropu kopum\u0101, nor\u0101dot, ka t\u0101 p\u0113d\u0113jos gados ir b\u016btiski main\u012bjusies un tai \u201cir&hellip;\n","protected":false},"author":2,"featured_media":100407,"comment_status":"","ping_status":"","sticky":false,"template":"","format":"standard","meta":{"footnotes":""},"categories":[14],"tags":[23,57,24487,28,29,32,33,22,30,31,35,39,38,36,37,34,40,20,26,27,24,25,54,55,56,21,58],"class_list":{"0":"post-100406","1":"post","2":"type-post","3":"status-publish","4":"format-standard","5":"has-post-thumbnail","7":"category-zinas-no-arvalstim","8":"tag-aktualitates","9":"tag-arvalstim","10":"tag-asvdonalds-trampseiropakars-ukrainavladimirs-putins","11":"tag-breaking-news","12":"tag-breakingnews","13":"tag-featured-news","14":"tag-featurednews","15":"tag-headlines","16":"tag-latest-news","17":"tag-latestnews","18":"tag-latvia","19":"tag-latvian","20":"tag-latviesu","21":"tag-latviesu-valoda","22":"tag-latviesuvaloda","23":"tag-latvija","24":"tag-lv","25":"tag-news","26":"tag-popularakas-zinas","27":"tag-popularakaszinas","28":"tag-top-stories","29":"tag-topstories","30":"tag-world","31":"tag-world-news","32":"tag-worldnews","33":"tag-zinas","34":"tag-zinas-no-arvalstim"},"share_on_mastodon":{"url":"https:\/\/pubeurope.com\/@lv\/115872096746513305","error":""},"_links":{"self":[{"href":"https:\/\/www.europesays.com\/lv\/wp-json\/wp\/v2\/posts\/100406","targetHints":{"allow":["GET"]}}],"collection":[{"href":"https:\/\/www.europesays.com\/lv\/wp-json\/wp\/v2\/posts"}],"about":[{"href":"https:\/\/www.europesays.com\/lv\/wp-json\/wp\/v2\/types\/post"}],"author":[{"embeddable":true,"href":"https:\/\/www.europesays.com\/lv\/wp-json\/wp\/v2\/users\/2"}],"replies":[{"embeddable":true,"href":"https:\/\/www.europesays.com\/lv\/wp-json\/wp\/v2\/comments?post=100406"}],"version-history":[{"count":0,"href":"https:\/\/www.europesays.com\/lv\/wp-json\/wp\/v2\/posts\/100406\/revisions"}],"wp:featuredmedia":[{"embeddable":true,"href":"https:\/\/www.europesays.com\/lv\/wp-json\/wp\/v2\/media\/100407"}],"wp:attachment":[{"href":"https:\/\/www.europesays.com\/lv\/wp-json\/wp\/v2\/media?parent=100406"}],"wp:term":[{"taxonomy":"category","embeddable":true,"href":"https:\/\/www.europesays.com\/lv\/wp-json\/wp\/v2\/categories?post=100406"},{"taxonomy":"post_tag","embeddable":true,"href":"https:\/\/www.europesays.com\/lv\/wp-json\/wp\/v2\/tags?post=100406"}],"curies":[{"name":"wp","href":"https:\/\/api.w.org\/{rel}","templated":true}]}}