{"id":100414,"date":"2026-01-10T18:02:07","date_gmt":"2026-01-10T18:02:07","guid":{"rendered":"https:\/\/www.europesays.com\/lv\/100414\/"},"modified":"2026-01-10T18:02:07","modified_gmt":"2026-01-10T18:02:07","slug":"noslepumains-viruss-plosa-kubu-miruso-skaits-tiek-slepts-kapsetas-parpilditas-valdiba-kluse","status":"publish","type":"post","link":"https:\/\/www.europesays.com\/lv\/100414\/","title":{"rendered":"Nosl\u0113pumains v\u012bruss plosa Kubu, miru\u0161o skaits tiek sl\u0113pts, kaps\u0113tas p\u0101rpild\u012btas \u2013 vald\u012bba klus\u0113"},"content":{"rendered":"<p>    <img decoding=\"async\" src=\"https:\/\/www.europesays.com\/lv\/wp-content\/uploads\/2026\/01\/cuba-doctors-raise-1024x700.jpeg\" alt=\"&#10;Slimn\u012bca Kub\u0101.&#10;\"\/><\/p>\n<p>Slimn\u012bca Kub\u0101.<\/p>\n<p>Foto. Scanpix\/LETA\/AP Photo\/Franklin Reyes)\n<\/p>\n<p>18:05, 10. janv\u0101ris 2026<\/p>\n<p>Kub\u0101 strauji izplat\u0101s k\u0101da smaga saslim\u0161ana, ko daudzi iedz\u012bvot\u0101ji d\u0113v\u0113 vienk\u0101r\u0161i par \u201cv\u012brusu\u201d. Slimn\u012bcas vair\u0101kos re\u0123ionos ir p\u0101rpild\u012btas, tr\u016bkst medikamentu, gultasvietu un pat elektr\u012bbas, savuk\u0101rt vald\u012bba tiek aps\u016bdz\u0113ta paties\u0101s situ\u0101cijas noklus\u0113\u0161an\u0101.<\/p>\n<p>        Las\u012bt\u0101kie<br \/>\n        <a data-imagesrc=\"{&quot;300&quot;:&quot;https:\\\/\\\/lastatic.ams3.cdn.digitaloceanspaces.com\\\/2026\\\/01\\\/2965eb09-6ea6-4d76-8639-c2e5d2789de8-300x200.jpg&quot;,&quot;1024&quot;:&quot;https:\\\/\\\/lastatic.ams3.cdn.digitaloceanspaces.com\\\/2026\\\/01\\\/2965eb09-6ea6-4d76-8639-c2e5d2789de8-1024x683.jpg&quot;,&quot;1536&quot;:&quot;https:\\\/\\\/lastatic.ams3.cdn.digitaloceanspaces.com\\\/2026\\\/01\\\/2965eb09-6ea6-4d76-8639-c2e5d2789de8-1536x1024.jpg&quot;,&quot;500&quot;:&quot;https:\\\/\\\/lastatic.ams3.cdn.digitaloceanspaces.com\\\/2026\\\/01\\\/2965eb09-6ea6-4d76-8639-c2e5d2789de8-500x333.jpg&quot;,&quot;800&quot;:&quot;https:\\\/\\\/lastatic.ams3.cdn.digitaloceanspaces.com\\\/2026\\\/01\\\/2965eb09-6ea6-4d76-8639-c2e5d2789de8-800x533.jpg&quot;,&quot;1800&quot;:&quot;https:\\\/\\\/lastatic.ams3.cdn.digitaloceanspaces.com\\\/2026\\\/01\\\/2965eb09-6ea6-4d76-8639-c2e5d2789de8.jpg&quot;}\" data-focuspoint=\"&quot;&quot;\" data-p=\"2491975\" href=\"https:\/\/www.la.lv\/so-cetru-zodiaka-zimju-dzives-sakas-melna-svitra-tas-jau-sak-saskarties-ar-nopietniem-dzives-paversieniem\" class=\"content-item lazy-load\" wp_automatic_readability=\"26.5\" rel=\"nofollow noopener\" target=\"_blank\"><\/p>\n<p>                                <img decoding=\"async\" src=\"\" alt=\"\" style=\"\" data-imageid=\"\"\/><\/p>\n<p>                                Kokteilis<\/p>\n<p>\n                                                \u0160o \u010detru zodiaka z\u012bmju dz\u012bv\u0113s s\u0101kas \u201cmeln\u0101 sv\u012btra\u201d \u2013 t\u0101s jau s\u0101k saskarties ar nopietniem dz\u012bves pav\u0113rsieniem\n                            <\/p>\n<p><\/a><a data-imagesrc=\"{&quot;300&quot;:&quot;https:\\\/\\\/lastatic.ams3.cdn.digitaloceanspaces.com\\\/2026\\\/01\\\/trump_94417-300x200.jpg&quot;,&quot;1024&quot;:&quot;https:\\\/\\\/lastatic.ams3.cdn.digitaloceanspaces.com\\\/2026\\\/01\\\/trump_94417-1024x683.jpg&quot;,&quot;1536&quot;:&quot;https:\\\/\\\/lastatic.ams3.cdn.digitaloceanspaces.com\\\/2026\\\/01\\\/trump_94417-1536x1024.jpg&quot;,&quot;500&quot;:&quot;https:\\\/\\\/lastatic.ams3.cdn.digitaloceanspaces.com\\\/2026\\\/01\\\/trump_94417-500x333.jpg&quot;,&quot;800&quot;:&quot;https:\\\/\\\/lastatic.ams3.cdn.digitaloceanspaces.com\\\/2026\\\/01\\\/trump_94417-800x533.jpg&quot;,&quot;2560&quot;:&quot;https:\\\/\\\/lastatic.ams3.cdn.digitaloceanspaces.com\\\/2026\\\/01\\\/trump_94417-scaled.jpg&quot;}\" data-focuspoint=\"&quot;&quot;\" data-p=\"2489466\" href=\"https:\/\/www.la.lv\/video-knapi-knapi-tramps-acimredzami-nebija-forma-pieaug-bazas-par-vina-veselibu\" class=\"content-item lazy-load\" wp_automatic_readability=\"26.5\" rel=\"nofollow noopener\" target=\"_blank\"><\/p>\n<p>                                <img decoding=\"async\" src=\"\" alt=\"\" style=\"\" data-imageid=\"\"\/><\/p>\n<p>                                            VIDEO. FOTO. Knapi, knapi \u2013 Tramps ac\u012bmredzami nebija form\u0101. Pieaug ba\u017eas par vi\u0146a vesel\u012bbu<\/p>\n<p><\/a><a data-imagesrc=\"{&quot;300&quot;:&quot;https:\\\/\\\/lastatic.ams3.cdn.digitaloceanspaces.com\\\/2023\\\/10\\\/sdls00kl_2tgsy-nh-1-300x200.jpg&quot;,&quot;768&quot;:&quot;https:\\\/\\\/lastatic.ams3.cdn.digitaloceanspaces.com\\\/2023\\\/10\\\/sdls00kl_2tgsy-nh-1-768x512.jpg&quot;,&quot;200&quot;:&quot;https:\\\/\\\/lastatic.ams3.cdn.digitaloceanspaces.com\\\/2023\\\/10\\\/sdls00kl_2tgsy-nh-1-200x133.jpg&quot;,&quot;400&quot;:&quot;https:\\\/\\\/lastatic.ams3.cdn.digitaloceanspaces.com\\\/2023\\\/10\\\/sdls00kl_2tgsy-nh-1-400x267.jpg&quot;,&quot;500&quot;:&quot;https:\\\/\\\/lastatic.ams3.cdn.digitaloceanspaces.com\\\/2023\\\/10\\\/sdls00kl_2tgsy-nh-1-500x334.jpg&quot;,&quot;800&quot;:&quot;https:\\\/\\\/lastatic.ams3.cdn.digitaloceanspaces.com\\\/2023\\\/10\\\/sdls00kl_2tgsy-nh-1-800x534.jpg&quot;,&quot;1000&quot;:&quot;https:\\\/\\\/lastatic.ams3.cdn.digitaloceanspaces.com\\\/2023\\\/10\\\/sdls00kl_2tgsy-nh-1.jpg&quot;}\" data-focuspoint=\"{&quot;x&quot;:&quot;50.448816570872836&quot;,&quot;y&quot;:&quot;38.927443944181&quot;}\" data-p=\"2490743\" href=\"https:\/\/www.la.lv\/krievi-frontes-linijas-sakusi-izskatities-pec-buvgruziem-kas-ar-viniem-notiek\" class=\"content-item lazy-load\" wp_automatic_readability=\"26\" rel=\"nofollow noopener\" target=\"_blank\"><\/p>\n<p>                                <img decoding=\"async\" src=\"\" alt=\"\" style=\"object-position: 50.448816570872836% 38.927443944181%\" data-imageid=\"\"\/><\/p>\n<p>                                TV24<\/p>\n<p>                                            Krievi frontes l\u012bnij\u0101s s\u0101ku\u0161i izskat\u012bties p\u0113c b\u016bvgru\u017eiem \u2013 kas ar vi\u0146iem notiek?\n                            <\/p>\n<p><\/a><br \/>\n        <a class=\"read-more\" href=\"https:\/\/www.la.lv\/top\" rel=\"nofollow noopener\" target=\"_blank\">Las\u012bt citas zi\u0146as<\/a><\/p>\n<p>Saslimu\u0161ajiem nov\u0113ro augstu temperat\u016bru, sarkanus izsitumus, \u0101das lob\u012b\u0161anos, piet\u016bku\u0161as loc\u012btavas, vem\u0161anu un caureju. Daudziem nav skaidrs, ar ko tie\u0161i vi\u0146i ir infic\u0113ju\u0161ies, jo prec\u012bza diagnoze netiek noteikta.<\/p>\n<p>Starptautisk\u0101 sabiedr\u012bba jau rea\u0123\u0113jusi uz notieko\u0161o. Kan\u0101da pazi\u0146ojusi par vesel\u012bbas p\u0101rbaud\u0113m un l\u012bdz septi\u0146u dienu karant\u012bnu ce\u013cot\u0101jiem, kuri atgrie\u017eas no Kubas. Savuk\u0101rt Sp\u0101nija decembr\u012b aicin\u0101ja savus pilso\u0146us attur\u0113ties no ce\u013cojumiem uz \u0161o valsti, nor\u0101dot uz nopietnu epid\u0113miju.<\/p>\n<p>    CITI \u0160OBR\u012aD LASA<\/p>\n<p>Saska\u0146\u0101 ar ofici\u0101lajiem datiem l\u012bdz 17. decembrim Kub\u0101 re\u0123istr\u0113ti 52 ar \u0161o saslim\u0161anu saist\u012bti n\u0101ves gad\u012bjumi, liel\u0101koties b\u0113rnu vid\u016b, k\u0101 ar\u012b vair\u0101k nek\u0101 38 000 iesp\u0113jamu saslim\u0161anas gad\u012bjumu. Tom\u0113r viet\u0113jie iedz\u012bvot\u0101ji apgalvo, ka patiesais skaits var\u0113tu b\u016bt iev\u0113rojami liel\u0101ks.<\/p>\n<p>Cilv\u0113kties\u012bbu akt\u012bvists Manuels Kuesta Morua nor\u0101da, ka uzliesmojums s\u0101k\u0101s Matansas provinc\u0113 apm\u0113ram pirms pieciem m\u0113ne\u0161iem, kad s\u0101ku\u0161\u0101s sasirgu\u0161o p\u0113k\u0161\u0146as n\u0101ves. Vi\u0146\u0161 apgalvo, ka varasiest\u0101des \u0161os gad\u012bjumus re\u0123istr\u0113ju\u0161as k\u0101 n\u0101vi dabisku iemeslu d\u0113\u013c, neminot v\u012brusu mir\u0161anas apliec\u012bb\u0101s.<\/p>\n<p>P\u0113c Moruas teikt\u0101, k\u0101da medm\u0101sa Matansas provinces slimn\u012bc\u0101 centusies br\u012bdin\u0101t par neparasti lielo n\u0101ves gad\u012bjumu skaitu, ta\u010du v\u0113l\u0101k tikusi atlaista no darba un apklusin\u0101ta. Tikm\u0113r vald\u012bba ilgu laiku nav sniegusi skaidru inform\u0101ciju par situ\u0101ciju valst\u012b.<\/p>\n<p>Oktobra beig\u0101s Kubas vesel\u012bbas iest\u0101des zi\u0146oja par aptuveni 13 000 jaunu drud\u017ea gad\u012bjumu vienas ned\u0113\u013cas laik\u0101. Atsevi\u0161\u0137os re\u0123ionos, tostarp Kamagvej\u0101 un Holgin\u0101, kaps\u0113tas esot p\u0101rpild\u012btas.<\/p>\n<p>Vald\u012bba epid\u0113miju ofici\u0101li atzina tikai vair\u0101kus m\u0113ne\u0161us p\u0113c slim\u012bbas izplat\u012b\u0161an\u0101s vis\u0101 valst\u012b, tom\u0113r atteic\u0101s izsludin\u0101t nacion\u0101la m\u0113roga \u0101rk\u0101rtas situ\u0101ciju.<\/p>\n<p>Speci\u0101listi pie\u013cauj, ka saslim\u0161ana var\u0113tu b\u016bt saist\u012bta ar vair\u0101ku v\u012brusu vienlaic\u012bgu cirkul\u0101ciju. Tiek min\u0113ti t\u0101di arbov\u012brusi k\u0101 dengas drudzis, Oropu\u0161a v\u012bruss un \u010dikungunja, k\u0101 ar\u012b elpce\u013cu infekcijas \u2013 H1N gripa, respiratori sinciti\u0101lais v\u012bruss un Covid-19. \u0160\u0101da vair\u0101ku infekciju kombin\u0101cija b\u016btiski apgr\u016btina diagnostiku.<\/p>\n<p>Kubas amatpersonas gan uzsver, ka \u0161\u012bs slim\u012bbas valst\u012b ir ierastas, tom\u0113r medi\u0137u, iedz\u012bvot\u0101ju un starptautisko instit\u016bciju sign\u0101li liecina par daudz nopietn\u0101ku kr\u012bzi, nek\u0101 ofici\u0101li tiek atz\u012bts.<\/p>\n<p>T\u0113mas<\/p>\n<p>    SAIST\u012aTIE RAKSTI<\/p>\n","protected":false},"excerpt":{"rendered":"Slimn\u012bca Kub\u0101. Foto. Scanpix\/LETA\/AP Photo\/Franklin Reyes) 18:05, 10. janv\u0101ris 2026 Kub\u0101 strauji izplat\u0101s k\u0101da smaga saslim\u0161ana, ko daudzi&hellip;\n","protected":false},"author":2,"featured_media":100415,"comment_status":"","ping_status":"","sticky":false,"template":"","format":"standard","meta":{"footnotes":""},"categories":[14],"tags":[23,57,28,29,32,33,22,30,31,35,39,38,36,37,34,40,20,26,27,24,25,54,55,56,21,58],"class_list":{"0":"post-100414","1":"post","2":"type-post","3":"status-publish","4":"format-standard","5":"has-post-thumbnail","7":"category-zinas-no-arvalstim","8":"tag-aktualitates","9":"tag-arvalstim","10":"tag-breaking-news","11":"tag-breakingnews","12":"tag-featured-news","13":"tag-featurednews","14":"tag-headlines","15":"tag-latest-news","16":"tag-latestnews","17":"tag-latvia","18":"tag-latvian","19":"tag-latviesu","20":"tag-latviesu-valoda","21":"tag-latviesuvaloda","22":"tag-latvija","23":"tag-lv","24":"tag-news","25":"tag-popularakas-zinas","26":"tag-popularakaszinas","27":"tag-top-stories","28":"tag-topstories","29":"tag-world","30":"tag-world-news","31":"tag-worldnews","32":"tag-zinas","33":"tag-zinas-no-arvalstim"},"share_on_mastodon":{"url":"https:\/\/pubeurope.com\/@lv\/115872120416463158","error":""},"_links":{"self":[{"href":"https:\/\/www.europesays.com\/lv\/wp-json\/wp\/v2\/posts\/100414","targetHints":{"allow":["GET"]}}],"collection":[{"href":"https:\/\/www.europesays.com\/lv\/wp-json\/wp\/v2\/posts"}],"about":[{"href":"https:\/\/www.europesays.com\/lv\/wp-json\/wp\/v2\/types\/post"}],"author":[{"embeddable":true,"href":"https:\/\/www.europesays.com\/lv\/wp-json\/wp\/v2\/users\/2"}],"replies":[{"embeddable":true,"href":"https:\/\/www.europesays.com\/lv\/wp-json\/wp\/v2\/comments?post=100414"}],"version-history":[{"count":0,"href":"https:\/\/www.europesays.com\/lv\/wp-json\/wp\/v2\/posts\/100414\/revisions"}],"wp:featuredmedia":[{"embeddable":true,"href":"https:\/\/www.europesays.com\/lv\/wp-json\/wp\/v2\/media\/100415"}],"wp:attachment":[{"href":"https:\/\/www.europesays.com\/lv\/wp-json\/wp\/v2\/media?parent=100414"}],"wp:term":[{"taxonomy":"category","embeddable":true,"href":"https:\/\/www.europesays.com\/lv\/wp-json\/wp\/v2\/categories?post=100414"},{"taxonomy":"post_tag","embeddable":true,"href":"https:\/\/www.europesays.com\/lv\/wp-json\/wp\/v2\/tags?post=100414"}],"curies":[{"name":"wp","href":"https:\/\/api.w.org\/{rel}","templated":true}]}}