{"id":100419,"date":"2026-01-10T18:06:08","date_gmt":"2026-01-10T18:06:08","guid":{"rendered":"https:\/\/www.europesays.com\/lv\/100419\/"},"modified":"2026-01-10T18:06:08","modified_gmt":"2026-01-10T18:06:08","slug":"kalendas-divnieku-ekipazai-eiropas-cempionata-astota-vieta","status":"publish","type":"post","link":"https:\/\/www.europesays.com\/lv\/100419\/","title":{"rendered":"Kalendas divnieku ekip\u0101\u017eai Eiropas \u010dempion\u0101t\u0101 astot\u0101 vieta"},"content":{"rendered":"<p>Ren\u0101ra Granti\u0146a pilot\u0113tais divnieks Pasaules kausa ieskait\u0113 ierindoj\u0101s 15. poz\u012bcij\u0101 un Eiropas \u010dempion\u0101t\u0101 ie\u0146\u0113ma 13. vietu.<\/p>\n<p>Pirmo vietu gan Eiropas \u010dempion\u0101t\u0101, gan Pasaules kausa posm\u0101 ie\u0146\u0113ma v\u0101cietis Johanness Lohners, kura pilot\u0113tais divnieks sasniedza lab\u0101kos rezult\u0101tus abos braucienos un summ\u0101 fini\u0161\u0113ja div\u0101s min\u016bt\u0113s un 12,24 sekund\u0113s.<\/p>\n<p>Vi\u0146\u0161 par 0,78 sekund\u0113m p\u0101rsp\u0113ja tautieti Fran\u010desko Fr\u012bdrihu, bet Lielbrit\u0101nijas pilots Breds Hols atpalika 1,19 sekundes un bija tre\u0161ais.<\/p>\n<p>Kalenda ar st\u016bm\u0113ju Lauri Kaufmani abos braucienos sasniedza desmito lab\u0101ko laiku un summ\u0101 piek\u0101p\u0101s Lohneram 1,83 sekundes.<\/p>\n<p>Savuk\u0101rt Granti\u0146\u0161 ar st\u016bm\u0113ju Edgaru Unguru, zaud\u0113jot nedaudz vair\u0101k par sekundi, atrad\u0101s 16. poz\u012bcij\u0101, bet otraj\u0101 braucien\u0101 tika pie 14. lab\u0101k\u0101 fini\u0161a laika un zaud\u0113ja uzvar\u0113t\u0101jam 2,35 sekundes.<\/p>\n<p>Iepriek\u0161\u0113j\u0101 posm\u0101 Vinterberg\u0101 Granti\u0146\u0161 izc\u012bn\u012bja savu karjer\u0101 augst\u0101ko poz\u012bciju, fini\u0161\u0113jot 11. divu braucienu summ\u0101. Kalenda bija 18. poz\u012bcij\u0101.<\/p>\n<p>Kopv\u0113rt\u0113jum\u0101 pirmaj\u0101s tr\u012bs viet\u0101s ir v\u0101cie\u0161i Lohners ar 1335 punktiem, Fr\u012bdrihs ar 1265 punktiem un Adams Amm\u016brs ar 1186 punktiem. Kalenda ir desmitaj\u0101 viet\u0101 un otrs lab\u0101kais starp junioriem, bet Granti\u0146\u0161 ierindojas 19. poz\u012bcij\u0101 un ir ceturtais junioru ieskait\u0113.<\/p>\n<p>Sv\u0113tdien tiks aizvad\u012btas \u010detrinieku sacens\u012bbas.<\/p>\n<p>\u0160osezon sportistiem c\u012bnoties par ce\u013caz\u012bm\u0113m uz 2026. gada Mil\u0101nas un Kort\u012bnas d&#8217;Ampeco olimpiskaj\u0101m sp\u0113l\u0113m, ir paredz\u0113ti septi\u0146i Pasaules kausa posmi. Sezonas turpin\u0101jum\u0101 posms v\u0113l notiks Altenberg\u0101.<\/p>\n","protected":false},"excerpt":{"rendered":"Ren\u0101ra Granti\u0146a pilot\u0113tais divnieks Pasaules kausa ieskait\u0113 ierindoj\u0101s 15. poz\u012bcij\u0101 un Eiropas \u010dempion\u0101t\u0101 ie\u0146\u0113ma 13. vietu. Pirmo vietu&hellip;\n","protected":false},"author":2,"featured_media":100420,"comment_status":"","ping_status":"","sticky":false,"template":"","format":"standard","meta":{"footnotes":""},"categories":[17],"tags":[2158,11555,35,39,38,36,37,34,40,67],"class_list":{"0":"post-100419","1":"post","2":"type-post","3":"status-publish","4":"format-standard","5":"has-post-thumbnail","7":"category-sports","8":"tag-bobslejs","9":"tag-jekabs-kalenda","10":"tag-latvia","11":"tag-latvian","12":"tag-latviesu","13":"tag-latviesu-valoda","14":"tag-latviesuvaloda","15":"tag-latvija","16":"tag-lv","17":"tag-sports"},"share_on_mastodon":{"url":"https:\/\/pubeurope.com\/@lv\/115872136075785060","error":""},"_links":{"self":[{"href":"https:\/\/www.europesays.com\/lv\/wp-json\/wp\/v2\/posts\/100419","targetHints":{"allow":["GET"]}}],"collection":[{"href":"https:\/\/www.europesays.com\/lv\/wp-json\/wp\/v2\/posts"}],"about":[{"href":"https:\/\/www.europesays.com\/lv\/wp-json\/wp\/v2\/types\/post"}],"author":[{"embeddable":true,"href":"https:\/\/www.europesays.com\/lv\/wp-json\/wp\/v2\/users\/2"}],"replies":[{"embeddable":true,"href":"https:\/\/www.europesays.com\/lv\/wp-json\/wp\/v2\/comments?post=100419"}],"version-history":[{"count":0,"href":"https:\/\/www.europesays.com\/lv\/wp-json\/wp\/v2\/posts\/100419\/revisions"}],"wp:featuredmedia":[{"embeddable":true,"href":"https:\/\/www.europesays.com\/lv\/wp-json\/wp\/v2\/media\/100420"}],"wp:attachment":[{"href":"https:\/\/www.europesays.com\/lv\/wp-json\/wp\/v2\/media?parent=100419"}],"wp:term":[{"taxonomy":"category","embeddable":true,"href":"https:\/\/www.europesays.com\/lv\/wp-json\/wp\/v2\/categories?post=100419"},{"taxonomy":"post_tag","embeddable":true,"href":"https:\/\/www.europesays.com\/lv\/wp-json\/wp\/v2\/tags?post=100419"}],"curies":[{"name":"wp","href":"https:\/\/api.w.org\/{rel}","templated":true}]}}