{"id":10042,"date":"2025-10-01T21:39:14","date_gmt":"2025-10-01T21:39:14","guid":{"rendered":"https:\/\/www.europesays.com\/lv\/10042\/"},"modified":"2025-10-01T21:39:14","modified_gmt":"2025-10-01T21:39:14","slug":"grupa-astronout-izdod-dziesmu-kas-atgadina-ka-viss-ir-savstarpeji-saistits","status":"publish","type":"post","link":"https:\/\/www.europesays.com\/lv\/10042\/","title":{"rendered":"Grupa &#8220;Astro&#8217;n&#8217;out&#8221; izdod dziesmu, kas atg\u0101dina, ka viss ir savstarp\u0113ji saist\u012bts"},"content":{"rendered":"<p>Divas ned\u0113\u013cas pirms koncertt\u016bres s\u0101kuma, grupa &#8220;Astro\u2019n&#8217;out&#8221; pazi\u0146o: &#8220;Garlaic\u012bgi nav!&#8221;, izdodot jaunu singlu un videoklipu.<\/p>\n<p>Ieskic\u0113jot gaid\u0101m\u0101s akustisk\u0101s koncertt\u016bres &#8220;M\u016bc&#8221; noska\u0146u, grupa izdod jaun\u0101ko singlu un to pavado\u0161o videoklipu. Dziesmas videoversija ataino to gai\u0161o saj\u016btu, ko grupa pl\u0101no sniegt ar\u012b kl\u0101tien\u0113 t\u016bres koncertu apmekl\u0113t\u0101jiem. Dziesma tapusi sadarb\u012bb\u0101 ar producentu Andi Ansonu un skan k\u0101 mierin\u0101jums m\u016bsdienu p\u0101rs\u0101tin\u0101taj\u0101 laikmet\u0101, kad \u0161\u0137iet, ka visu laiku esam spiesti rea\u0123\u0113t uz apk\u0101rt\u0113jo pasauli un ir tik daudz, par ko p\u0101rdz\u012bvot.<\/p>\n<p>&#8220;M\u016bzikas klip\u0101 polariz\u0113tas divas dabas: viena simboliz\u0113 nebeidzamo pasaules jucekli, savuk\u0101rt otr\u0101 par\u0101d\u0101s cer\u012bbu stari\u0146\u0161, ka viss sak\u0101rtosies. T\u0101ds k\u0101 mazs atg\u0101din\u0101jums, ka sajust mierin\u0101jumu varam, san\u0101kot kop\u0101 ar tuvajiem,&#8221; teic klipa re\u017eisors J\u0101nis V\u012btols.<\/p>\n<blockquote><p>&#8220;Fr\u0101ze &#8220;Garlaic\u012bgi nav&#8221; ir t\u0101, kuru izmantojam m\u0101j\u0101s, kad netiekam gal\u0101 ar b\u0113rniem, darbiem, emocij\u0101m, bet, par sp\u012bti saj\u016btu karuselim, vienm\u0113r atceramies nov\u0113rt\u0113t mums doto,&#8221; saka grupas soliste M\u0101ra Upmane-Hol\u0161teine.<\/p><\/blockquote>\n<p>M\u0101ra turpina: &#8220;Videoklipa centr\u0101 eso\u0161\u0101 c\u0113lo\u0146u un seku mijiedarb\u012bba jeb tauri\u0146a efekts, kas atg\u0101dina, ka viss ir savstarp\u0113ji saist\u012bts, br\u012bni\u0161\u0137\u012bgi atspogu\u013co ar\u012b m\u016bsu ilgtsp\u0113j\u012bg\u0101s t\u016bres eksperimenta ideju: cik iesp\u0113jami dabai saudz\u012bgu t\u016bri m\u0113s sp\u0113jam noorganiz\u0113t t\u0101, lai neciestu m\u0101ksliniecisk\u0101s ieceres?&#8221;<\/p>\n<p>&#8220;Astro\u2019n\u2019out&#8221; akustisk\u0101s koncertt\u016bres &#8220;M\u016bc&#8221; pirmais koncerts gaid\u0101ms jau p\u0113c div\u0101m ned\u0113\u013c\u0101m \u2013 17. oktobr\u012b Valmieras Kult\u016bras centr\u0101, p\u0113c tam ar koncertiem grupa viesosies Liep\u0101j\u0101, Jelgav\u0101, Kuld\u012bg\u0101, R\u0113zekn\u0113 un R\u012bg\u0101. Bi\u013cetes nop\u0113rkamas &#8220;Bi\u013ce\u0161u servisa&#8221; kas\u0113s. Ilgtsp\u0113j\u012bbas eksperiments top k\u0101 da\u013ca no &#8220;ReGen paaudze&#8221; koncepta, kas rad\u012bts kop\u0101 ar draugiem, partneriem &#8220;ZAAO&#8221; un &#8220;AJ Power Recycling&#8221;.<\/p>\n<p><img decoding=\"async\" src=\"https:\/\/www.europesays.com\/lv\/wp-content\/uploads\/2025\/10\/5bde63b822dcdedf40a0d12fb6783ebe.png\" title=\"Foto: ekr\u0101nuz\u0146\u0113mums no Astro'n'out\/ Youtube\" alt=\"Foto: ekr\u0101nuz\u0146\u0113mums no Astro'n'out\/ Youtube\"\/><\/p>\n<p class=\"article-img-desc\">Foto: ekr\u0101nuz\u0146\u0113mums no Astro&#8217;n&#8217;out\/ Youtube<\/p>\n","protected":false},"excerpt":{"rendered":"Divas ned\u0113\u013cas pirms koncertt\u016bres s\u0101kuma, grupa &#8220;Astro\u2019n&#8217;out&#8221; pazi\u0146o: &#8220;Garlaic\u012bgi nav!&#8221;, izdodot jaunu singlu un videoklipu. Ieskic\u0113jot gaid\u0101m\u0101s akustisk\u0101s&hellip;\n","protected":false},"author":2,"featured_media":10043,"comment_status":"","ping_status":"","sticky":false,"template":"","format":"standard","meta":{"footnotes":""},"categories":[19],"tags":[129,3848,2239,89,90,35,39,38,36,37,34,40,3849,2240,3850,2241],"class_list":{"0":"post-10042","1":"post","2":"type-post","3":"status-publish","4":"format-standard","5":"has-post-thumbnail","7":"category-izklaide","8":"tag-__typenameadvicekeyword","9":"tag-id525","10":"tag-id93","11":"tag-entertainment","12":"tag-izklaide","13":"tag-latvia","14":"tag-latvian","15":"tag-latviesu","16":"tag-latviesu-valoda","17":"tag-latviesuvaloda","18":"tag-latvija","19":"tag-lv","20":"tag-slugmara-upmane-holsteine","21":"tag-slugmusic","22":"tag-titlemara-upmane-holsteine","23":"tag-titlemusic"},"share_on_mastodon":{"url":"","error":""},"_links":{"self":[{"href":"https:\/\/www.europesays.com\/lv\/wp-json\/wp\/v2\/posts\/10042","targetHints":{"allow":["GET"]}}],"collection":[{"href":"https:\/\/www.europesays.com\/lv\/wp-json\/wp\/v2\/posts"}],"about":[{"href":"https:\/\/www.europesays.com\/lv\/wp-json\/wp\/v2\/types\/post"}],"author":[{"embeddable":true,"href":"https:\/\/www.europesays.com\/lv\/wp-json\/wp\/v2\/users\/2"}],"replies":[{"embeddable":true,"href":"https:\/\/www.europesays.com\/lv\/wp-json\/wp\/v2\/comments?post=10042"}],"version-history":[{"count":0,"href":"https:\/\/www.europesays.com\/lv\/wp-json\/wp\/v2\/posts\/10042\/revisions"}],"wp:featuredmedia":[{"embeddable":true,"href":"https:\/\/www.europesays.com\/lv\/wp-json\/wp\/v2\/media\/10043"}],"wp:attachment":[{"href":"https:\/\/www.europesays.com\/lv\/wp-json\/wp\/v2\/media?parent=10042"}],"wp:term":[{"taxonomy":"category","embeddable":true,"href":"https:\/\/www.europesays.com\/lv\/wp-json\/wp\/v2\/categories?post=10042"},{"taxonomy":"post_tag","embeddable":true,"href":"https:\/\/www.europesays.com\/lv\/wp-json\/wp\/v2\/tags?post=10042"}],"curies":[{"name":"wp","href":"https:\/\/api.w.org\/{rel}","templated":true}]}}