{"id":100426,"date":"2026-01-10T18:20:07","date_gmt":"2026-01-10T18:20:07","guid":{"rendered":"https:\/\/www.europesays.com\/lv\/100426\/"},"modified":"2026-01-10T18:20:07","modified_gmt":"2026-01-10T18:20:07","slug":"medijs-cetri-vienkarsi-soli-un-grenlande-var-piederet-trampam-pusstundas-vai-mazak-laika","status":"publish","type":"post","link":"https:\/\/www.europesays.com\/lv\/100426\/","title":{"rendered":"Medijs: \u010cetri vienk\u0101r\u0161i so\u013ci, un Grenlande var pieder\u0113t Trampam \u201cpusstundas vai maz\u0101k laik\u0101\u201d"},"content":{"rendered":"<p>    <img decoding=\"async\" src=\"https:\/\/www.europesays.com\/lv\/wp-content\/uploads\/2026\/01\/45223fdb-150e-47a4-83d0-08cbcfca377d-1024x686.jpg\" alt=\"&#10;Ilustrat\u012bvs att\u0113ls&#10;\"\/><\/p>\n<p>Ilustrat\u012bvs att\u0113ls<\/p>\n<p>Foto. pexels.com; Scanix\/LETA\n<\/p>\n<p>20:01, 10. janv\u0101ris 2026<\/p>\n<p>ASV prezidents Donalds Tramps v\u0113las, lai Grenlande k\u013c\u016btu par Amerikas Savienoto Valstu teritoriju, ta\u010du, k\u0101 zin\u0101ms, sala jau pieder D\u0101nijai, un salas iedz\u012bvot\u0101ji p\u0101rsvar\u0101 nev\u0113las b\u016bt da\u013ca no ASV, t\u0101, atsaucoties uz izdevumu Politico, raksta Unian. <\/p>\n<p>        Las\u012bt\u0101kie<br \/>\n        <a data-imagesrc=\"{&quot;300&quot;:&quot;https:\\\/\\\/lastatic.ams3.cdn.digitaloceanspaces.com\\\/2026\\\/01\\\/2965eb09-6ea6-4d76-8639-c2e5d2789de8-300x200.jpg&quot;,&quot;1024&quot;:&quot;https:\\\/\\\/lastatic.ams3.cdn.digitaloceanspaces.com\\\/2026\\\/01\\\/2965eb09-6ea6-4d76-8639-c2e5d2789de8-1024x683.jpg&quot;,&quot;1536&quot;:&quot;https:\\\/\\\/lastatic.ams3.cdn.digitaloceanspaces.com\\\/2026\\\/01\\\/2965eb09-6ea6-4d76-8639-c2e5d2789de8-1536x1024.jpg&quot;,&quot;500&quot;:&quot;https:\\\/\\\/lastatic.ams3.cdn.digitaloceanspaces.com\\\/2026\\\/01\\\/2965eb09-6ea6-4d76-8639-c2e5d2789de8-500x333.jpg&quot;,&quot;800&quot;:&quot;https:\\\/\\\/lastatic.ams3.cdn.digitaloceanspaces.com\\\/2026\\\/01\\\/2965eb09-6ea6-4d76-8639-c2e5d2789de8-800x533.jpg&quot;,&quot;1800&quot;:&quot;https:\\\/\\\/lastatic.ams3.cdn.digitaloceanspaces.com\\\/2026\\\/01\\\/2965eb09-6ea6-4d76-8639-c2e5d2789de8.jpg&quot;}\" data-focuspoint=\"&quot;&quot;\" data-p=\"2491975\" href=\"https:\/\/www.la.lv\/so-cetru-zodiaka-zimju-dzives-sakas-melna-svitra-tas-jau-sak-saskarties-ar-nopietniem-dzives-paversieniem\" class=\"content-item lazy-load\" wp_automatic_readability=\"26.5\" rel=\"nofollow noopener\" target=\"_blank\"><\/p>\n<p>                                <img decoding=\"async\" src=\"\" alt=\"\" style=\"\" data-imageid=\"\"\/><\/p>\n<p>                                Kokteilis<\/p>\n<p>\n                                                \u0160o \u010detru zodiaka z\u012bmju dz\u012bv\u0113s s\u0101kas \u201cmeln\u0101 sv\u012btra\u201d \u2013 t\u0101s jau s\u0101k saskarties ar nopietniem dz\u012bves pav\u0113rsieniem\n                            <\/p>\n<p><\/a><a data-imagesrc=\"{&quot;300&quot;:&quot;https:\\\/\\\/lastatic.ams3.cdn.digitaloceanspaces.com\\\/2026\\\/01\\\/FotoJet-22-300x200.jpg&quot;,&quot;1024&quot;:&quot;https:\\\/\\\/lastatic.ams3.cdn.digitaloceanspaces.com\\\/2026\\\/01\\\/FotoJet-22-1024x683.jpg&quot;,&quot;1536&quot;:&quot;https:\\\/\\\/lastatic.ams3.cdn.digitaloceanspaces.com\\\/2026\\\/01\\\/FotoJet-22-1536x1024.jpg&quot;,&quot;500&quot;:&quot;https:\\\/\\\/lastatic.ams3.cdn.digitaloceanspaces.com\\\/2026\\\/01\\\/FotoJet-22-500x333.jpg&quot;,&quot;800&quot;:&quot;https:\\\/\\\/lastatic.ams3.cdn.digitaloceanspaces.com\\\/2026\\\/01\\\/FotoJet-22-800x533.jpg&quot;,&quot;1800&quot;:&quot;https:\\\/\\\/lastatic.ams3.cdn.digitaloceanspaces.com\\\/2026\\\/01\\\/FotoJet-22.jpg&quot;}\" data-focuspoint=\"&quot;&quot;\" data-p=\"2492223\" href=\"https:\/\/www.la.lv\/foto-luk-sadas-personibas-maina-liktenus-serojosa-sieva-un-daudzi-sabiedriba-zinami-cilveki-atvadas-no-imanta-freiberga\" class=\"content-item lazy-load\" wp_automatic_readability=\"27\" rel=\"nofollow noopener\" target=\"_blank\"><\/p>\n<p>                                <img decoding=\"async\" src=\"\" alt=\"\" style=\"\" data-imageid=\"\"\/><\/p>\n<p>                                            FOTO. \u201cL\u016bk, \u0161\u0101das person\u012bbas maina likte\u0146us!\u201d S\u0113rojo\u0161\u0101 sieva un daudzi sabiedr\u012bb\u0101 zin\u0101mi cilv\u0113ki atvad\u0101s no Imanta Freiberga\n                            <\/p>\n<p><\/a><a data-imagesrc=\"{&quot;300&quot;:&quot;https:\\\/\\\/lastatic.ams3.cdn.digitaloceanspaces.com\\\/2026\\\/01\\\/trump_94417-300x200.jpg&quot;,&quot;1024&quot;:&quot;https:\\\/\\\/lastatic.ams3.cdn.digitaloceanspaces.com\\\/2026\\\/01\\\/trump_94417-1024x683.jpg&quot;,&quot;1536&quot;:&quot;https:\\\/\\\/lastatic.ams3.cdn.digitaloceanspaces.com\\\/2026\\\/01\\\/trump_94417-1536x1024.jpg&quot;,&quot;500&quot;:&quot;https:\\\/\\\/lastatic.ams3.cdn.digitaloceanspaces.com\\\/2026\\\/01\\\/trump_94417-500x333.jpg&quot;,&quot;800&quot;:&quot;https:\\\/\\\/lastatic.ams3.cdn.digitaloceanspaces.com\\\/2026\\\/01\\\/trump_94417-800x533.jpg&quot;,&quot;2560&quot;:&quot;https:\\\/\\\/lastatic.ams3.cdn.digitaloceanspaces.com\\\/2026\\\/01\\\/trump_94417-scaled.jpg&quot;}\" data-focuspoint=\"&quot;&quot;\" data-p=\"2489466\" href=\"https:\/\/www.la.lv\/video-knapi-knapi-tramps-acimredzami-nebija-forma-pieaug-bazas-par-vina-veselibu\" class=\"content-item lazy-load\" wp_automatic_readability=\"26.5\" rel=\"nofollow noopener\" target=\"_blank\"><\/p>\n<p>                                <img decoding=\"async\" src=\"\" alt=\"\" style=\"\" data-imageid=\"\"\/><\/p>\n<p>                                            VIDEO. FOTO. Knapi, knapi \u2013 Tramps ac\u012bmredzami nebija form\u0101. Pieaug ba\u017eas par vi\u0146a vesel\u012bbu<\/p>\n<p><\/a><br \/>\n        <a class=\"read-more\" href=\"https:\/\/www.la.lv\/top\" rel=\"nofollow noopener\" target=\"_blank\">Las\u012bt citas zi\u0146as<\/a><\/p>\n<p>Gandr\u012bz t\u016bl\u012bt p\u0113c st\u0101\u0161an\u0101s amat\u0101 Trampa administr\u0101cija jau s\u0101ka run\u0101t par Grenlandes neatkar\u012bbu, kas \u013cautu tai sl\u0113gt dar\u012bjumus ar ASV, ta\u010du \u0161obr\u012bd tam nepiecie\u0161ama Kopenh\u0101genas piekri\u0161ana.<\/p>\n<p>\u201cLai ieg\u016btu neatkar\u012bbu, grenlandie\u0161iem ir j\u0101piedal\u0101s referendum\u0101 un p\u0113c tam j\u0101pan\u0101k vieno\u0161an\u0101s, kas j\u0101apstiprina gan N\u016bkai, gan Kopenh\u0101genai. 2025. gada sabiedrisk\u0101s domas aptauj\u0101 56% grenlandie\u0161u atzina, ka balsos par neatkar\u012bbu, savuk\u0101rt 28% \u2013 pret,\u201d atg\u0101dina publik\u0101cija.<\/p>\n<p>    CITI \u0160OBR\u012aD LASA<\/p>\n<p>1. solis: ietekmes kampa\u0146a par Grenlandes neatkar\u012bbu<\/p>\n<p>D\u0101nijas mediji zi\u0146o, ka ar Trampu saist\u012btie amerik\u0101\u0146i Grenland\u0113 veiku\u0161i slepenas ietekmes oper\u0101cijas, un D\u0101nijas Dro\u0161\u012bbas un izl\u016bko\u0161anas dienests br\u012bdin\u0101jis, ka teritorija \u201cir da\u017e\u0101du ietekmes kampa\u0146u m\u0113r\u0137is\u201d.<\/p>\n<p>Digit\u0101l\u0101s politikas eksperts F\u0113likss Kart\u0113 to sal\u012bdzina ar Maskavas taktiku ietekm\u0113t politiskos rezult\u0101tus t\u0101d\u0101s valst\u012bs k\u0101 Moldova, Rum\u0101nija un Ukraina: \u201cKrievija apvieno bezsaistes un tie\u0161saistes taktiku. Uz vietas t\u0101 sadarbojas ar l\u012bdz\u012bgi dom\u0101jo\u0161\u0101m partij\u0101m, diasporas t\u012bkliem vai prokrieviskiem oligarhiem un maks\u0101 cilv\u0113kiem par dal\u012bbu antieiropeiskos vai antiamerik\u0101niska rakstura protestos.\u201d <\/p>\n<p>T\u0101pat propaganda veido lielus viltus kontu un pseido-pla\u0161sazi\u0146as l\u012bdzek\u013cu t\u012bklus, lai pastiprin\u0101tu darb\u012bbas tie\u0161saist\u0113 un reklam\u0113tu sav\u0113jos kandid\u0101tus. Visa m\u0113r\u0137is bie\u017ei vien nav p\u0101rliecin\u0101t v\u0113l\u0113t\u0101jus, ka prokrieviskais variants ir lab\u0101ks, bet gan padar\u012bt to liel\u0101ku, ska\u013c\u0101ku un popul\u0101r\u0101ku, radot neizb\u0113gam\u012bbas saj\u016btu.<\/p>\n<p>ASV administr\u0101cija, visticam\u0101k, izmantos l\u012bdz\u012bgas metodes, nor\u0101d\u012bjis Trampa vietnieks St\u012bvens Millers: \u201cNeviens nec\u012bn\u012bsies ar ASV par Grenlandes n\u0101kotni.\u201d<\/p>\n<p>Ar\u012b ASV viceprezidents D\u017e. D. Venss viz\u012btes laik\u0101 sal\u0101 pazi\u0146oja: \u201cGrenlandes iedz\u012bvot\u0101ji sa\u0146ems pa\u0161noteik\u0161an\u0101s ties\u012bbas. M\u0113s ceram, ka vi\u0146i izv\u0113l\u0113sies partner\u012bbu ar Amerikas Savienotaj\u0101m Valst\u012bm, jo m\u0113s esam vien\u012bg\u0101 valsts uz Zemes, kas respekt\u0113s vi\u0146u suverenit\u0101ti un dro\u0161\u012bbu.\u201d<\/p>\n<p>T\u0113mas<\/p>\n<p>    SAIST\u012aTIE RAKSTI<\/p>\n","protected":false},"excerpt":{"rendered":"Ilustrat\u012bvs att\u0113ls Foto. pexels.com; Scanix\/LETA 20:01, 10. janv\u0101ris 2026 ASV prezidents Donalds Tramps v\u0113las, lai Grenlande k\u013c\u016btu par&hellip;\n","protected":false},"author":2,"featured_media":100427,"comment_status":"","ping_status":"","sticky":false,"template":"","format":"standard","meta":{"footnotes":""},"categories":[14],"tags":[23,57,28,29,32,33,22,30,31,35,39,38,36,37,34,40,20,26,27,24,25,54,55,56,21,58],"class_list":{"0":"post-100426","1":"post","2":"type-post","3":"status-publish","4":"format-standard","5":"has-post-thumbnail","7":"category-zinas-no-arvalstim","8":"tag-aktualitates","9":"tag-arvalstim","10":"tag-breaking-news","11":"tag-breakingnews","12":"tag-featured-news","13":"tag-featurednews","14":"tag-headlines","15":"tag-latest-news","16":"tag-latestnews","17":"tag-latvia","18":"tag-latvian","19":"tag-latviesu","20":"tag-latviesu-valoda","21":"tag-latviesuvaloda","22":"tag-latvija","23":"tag-lv","24":"tag-news","25":"tag-popularakas-zinas","26":"tag-popularakaszinas","27":"tag-top-stories","28":"tag-topstories","29":"tag-world","30":"tag-world-news","31":"tag-worldnews","32":"tag-zinas","33":"tag-zinas-no-arvalstim"},"share_on_mastodon":{"url":"https:\/\/pubeurope.com\/@lv\/115872191160945229","error":""},"_links":{"self":[{"href":"https:\/\/www.europesays.com\/lv\/wp-json\/wp\/v2\/posts\/100426","targetHints":{"allow":["GET"]}}],"collection":[{"href":"https:\/\/www.europesays.com\/lv\/wp-json\/wp\/v2\/posts"}],"about":[{"href":"https:\/\/www.europesays.com\/lv\/wp-json\/wp\/v2\/types\/post"}],"author":[{"embeddable":true,"href":"https:\/\/www.europesays.com\/lv\/wp-json\/wp\/v2\/users\/2"}],"replies":[{"embeddable":true,"href":"https:\/\/www.europesays.com\/lv\/wp-json\/wp\/v2\/comments?post=100426"}],"version-history":[{"count":0,"href":"https:\/\/www.europesays.com\/lv\/wp-json\/wp\/v2\/posts\/100426\/revisions"}],"wp:featuredmedia":[{"embeddable":true,"href":"https:\/\/www.europesays.com\/lv\/wp-json\/wp\/v2\/media\/100427"}],"wp:attachment":[{"href":"https:\/\/www.europesays.com\/lv\/wp-json\/wp\/v2\/media?parent=100426"}],"wp:term":[{"taxonomy":"category","embeddable":true,"href":"https:\/\/www.europesays.com\/lv\/wp-json\/wp\/v2\/categories?post=100426"},{"taxonomy":"post_tag","embeddable":true,"href":"https:\/\/www.europesays.com\/lv\/wp-json\/wp\/v2\/tags?post=100426"}],"curies":[{"name":"wp","href":"https:\/\/api.w.org\/{rel}","templated":true}]}}