{"id":100430,"date":"2026-01-10T18:26:07","date_gmt":"2026-01-10T18:26:07","guid":{"rendered":"https:\/\/www.europesays.com\/lv\/100430\/"},"modified":"2026-01-10T18:26:07","modified_gmt":"2026-01-10T18:26:07","slug":"krievijas-iznicinataji-shahed-sasala-uzbrukuma-laika-kijivai","status":"publish","type":"post","link":"https:\/\/www.europesays.com\/lv\/100430\/","title":{"rendered":"Krievijas izn\u012bcin\u0101t\u0101ji &#8220;Shahed&#8221; sasala uzbrukuma laik\u0101 Kijivai"},"content":{"rendered":"<p>&#8220;9. janv\u0101r\u012b laikapst\u0101k\u013ci nebija piem\u0113roti lido\u0161anai, apgr\u016btinot da\u017e\u0101du bezpilota lidapar\u0101tu (UAV) izn\u012bcin\u0101\u0161anu gaisa telp\u0101. Past\u0101v termins &#8220;nulles izoterma&#8221;, kas apz\u012bm\u0113, kur atrodas nulle, k\u0101d\u0101 augstum\u0101 un k\u0101d\u0101 viet\u0101. Tas noz\u012bm\u0113, ka augstum\u0101 virs \u0161\u012bs nulles izotermas past\u0101v lidma\u0161\u012bnu apledo\u0161anas iesp\u0113ja,&#8221; skaidroja eksperts.<\/p>\n<p>P\u0113c Hazana teikt\u0101, tas notiek vair\u0101kos apst\u0101k\u013cos: temperat\u016br\u0101 zem nulles, augst\u0101 mitrum\u0101, spiedien\u0101 un citos.<\/p>\n<p>&#8220;Noteiktos augstumos uz virsm\u0101m \u013coti \u0101tri uzkr\u0101jas ledus, iev\u0113rojami samazinot celtsp\u0113ju, t\u0101p\u0113c lidma\u0161\u012bna vienk\u0101r\u0161i nokr\u012bt. T\u0101p\u0113c &#8220;Shahed&#8221; taj\u0101 nakt\u012b lidoja \u013coti zem\u0101 augstum\u0101, 40\u201360 metru augstum\u0101, jo nulles gr\u0101du izoterma atrad\u0101s diezgan tuvu zemei, radot augstu apledojuma risku. Kad tie ieguva augstumu un ieg\u0101ja apledojuma zon\u0101, uz tiem uzkr\u0101j\u0101s ledus, un tie vienk\u0101r\u0161i nokrita, zaud\u0113jot celtsp\u0113ju,&#8221; uzsv\u0113ra anal\u012bti\u0137is.<\/p>\n<p>K\u0101 zi\u0146oja UNIAN, <a href=\"https:\/\/www.apollo.lv\/term\/555452\/krievija\" class=\"topicLink\" target=\"_blank\" rel=\"nofollow noopener\">Krievija<\/a> iepriek\u0161 uz &#8220;Shahed&#8221; drona uzst\u0101d\u012bja p\u0101rn\u0113s\u0101jamas pretgaisa aizsardz\u012bbas sist\u0113mas lidma\u0161\u012bnu med\u012bb\u0101m. P\u0113c &#8220;Flash&#8221; eksperta teikt\u0101, \u0161\u0101ds drons ir apr\u012bkots ar kameru un radio modemu, un ra\u0137eti palai\u017e &#8220;Shahed&#8221; pilots, kur\u0161 to vada no Krievijas teritorijas.<\/p>\n<p>Tikm\u0113r laikraksts &#8220;Defense Express&#8221; atkl\u0101ja Krievijas pl\u0101nu. Anal\u012bti\u0137i uzsv\u0113ra, ka Krievijas m\u0113r\u0137is paliek nemain\u012bgs: rad\u012bt draudus Ukrainas helikopteriem un lidma\u0161\u012bn\u0101m.<\/p>\n","protected":false},"excerpt":{"rendered":"&#8220;9. janv\u0101r\u012b laikapst\u0101k\u013ci nebija piem\u0113roti lido\u0161anai, apgr\u016btinot da\u017e\u0101du bezpilota lidapar\u0101tu (UAV) izn\u012bcin\u0101\u0161anu gaisa telp\u0101. Past\u0101v termins &#8220;nulles izoterma&#8221;,&hellip;\n","protected":false},"author":2,"featured_media":100431,"comment_status":"","ping_status":"","sticky":false,"template":"","format":"standard","meta":{"footnotes":""},"categories":[14],"tags":[23,57,28,29,32,33,22,234,74,30,31,35,39,38,36,37,34,40,20,26,27,24,25,276,54,55,56,21,58],"class_list":{"0":"post-100430","1":"post","2":"type-post","3":"status-publish","4":"format-standard","5":"has-post-thumbnail","7":"category-zinas-no-arvalstim","8":"tag-aktualitates","9":"tag-arvalstim","10":"tag-breaking-news","11":"tag-breakingnews","12":"tag-featured-news","13":"tag-featurednews","14":"tag-headlines","15":"tag-krievija","16":"tag-krievijas-iebrukums-ukraina","17":"tag-latest-news","18":"tag-latestnews","19":"tag-latvia","20":"tag-latvian","21":"tag-latviesu","22":"tag-latviesu-valoda","23":"tag-latviesuvaloda","24":"tag-latvija","25":"tag-lv","26":"tag-news","27":"tag-popularakas-zinas","28":"tag-popularakaszinas","29":"tag-top-stories","30":"tag-topstories","31":"tag-ukraina","32":"tag-world","33":"tag-world-news","34":"tag-worldnews","35":"tag-zinas","36":"tag-zinas-no-arvalstim"},"share_on_mastodon":{"url":"https:\/\/pubeurope.com\/@lv\/115872214738714437","error":""},"_links":{"self":[{"href":"https:\/\/www.europesays.com\/lv\/wp-json\/wp\/v2\/posts\/100430","targetHints":{"allow":["GET"]}}],"collection":[{"href":"https:\/\/www.europesays.com\/lv\/wp-json\/wp\/v2\/posts"}],"about":[{"href":"https:\/\/www.europesays.com\/lv\/wp-json\/wp\/v2\/types\/post"}],"author":[{"embeddable":true,"href":"https:\/\/www.europesays.com\/lv\/wp-json\/wp\/v2\/users\/2"}],"replies":[{"embeddable":true,"href":"https:\/\/www.europesays.com\/lv\/wp-json\/wp\/v2\/comments?post=100430"}],"version-history":[{"count":0,"href":"https:\/\/www.europesays.com\/lv\/wp-json\/wp\/v2\/posts\/100430\/revisions"}],"wp:featuredmedia":[{"embeddable":true,"href":"https:\/\/www.europesays.com\/lv\/wp-json\/wp\/v2\/media\/100431"}],"wp:attachment":[{"href":"https:\/\/www.europesays.com\/lv\/wp-json\/wp\/v2\/media?parent=100430"}],"wp:term":[{"taxonomy":"category","embeddable":true,"href":"https:\/\/www.europesays.com\/lv\/wp-json\/wp\/v2\/categories?post=100430"},{"taxonomy":"post_tag","embeddable":true,"href":"https:\/\/www.europesays.com\/lv\/wp-json\/wp\/v2\/tags?post=100430"}],"curies":[{"name":"wp","href":"https:\/\/api.w.org\/{rel}","templated":true}]}}