{"id":100436,"date":"2026-01-10T18:32:15","date_gmt":"2026-01-10T18:32:15","guid":{"rendered":"https:\/\/www.europesays.com\/lv\/100436\/"},"modified":"2026-01-10T18:32:15","modified_gmt":"2026-01-10T18:32:15","slug":"video-francijas-vetra-atstaj-bez-elektribas-380-tukstosus","status":"publish","type":"post","link":"https:\/\/www.europesays.com\/lv\/100436\/","title":{"rendered":"VIDEO. Francijas v\u0113tra atst\u0101j bez elektr\u012bbas 380 t\u016bksto\u0161us"},"content":{"rendered":"<p class=\"descr\">Sniega v\u0113tras &#8220;Goretti&#8221; d\u0113\u013c Francijas zieme\u013crietumos bez elektroapg\u0101des paliku\u0161as aptuveni 380 000 m\u0101jsaimniec\u012bbu, bet Lielbrit\u0101nij\u0101 &#8211; aptuveni 57 000 m\u0101jsaimniec\u012bbu, piektdien v\u0113sta mediji.<\/p>\n<p>Plkst. 15:19, saska\u0146\u0101 ar jaun\u0101ko inform\u0101ciju, papildin\u0101ta visa zi\u0146a:<\/p>\n<p>Sniega un <a href=\"https:\/\/nra.lv\/birka\/stiprs-vejs\/\" target=\"_blank\" rel=\"noopener nofollow\">stipr\u0101 v\u0113ja<\/a> d\u0113\u013c Eiropas zieme\u013cos trauc\u0113ta aviosatiksme, dzelzce\u013ca satiksme un apgr\u016btin\u0101ta brauk\u0161ana uz ce\u013ciem.<\/p>\n<p>Londonas <a href=\"https:\/\/nra.lv\/birka\/hitrovas-lidosta\/\" target=\"_blank\" rel=\"noopener nofollow\">H\u012btrovas lidost\u0101<\/a> atcelti aptuveni 50 avioreisi, un gaisa satiksme trauc\u0113ta ar\u012b cit\u0101s valst\u012bs, tai skait\u0101 \u010cehij\u0101.<\/p>\n<p>No Lielbrit\u0101nijas l\u012bdz <a href=\"https:\/\/nra.lv\/birka\/vacija\/\" target=\"_blank\" rel=\"noopener nofollow\">V\u0101cijai<\/a> meteorologi aicin\u0101ja cilv\u0113kus palikt telp\u0101s, un daudzos re\u0123ionos ir sp\u0113k\u0101 da\u017e\u0101da l\u012bme\u0146a br\u012bdin\u0101jumi. Lielbrit\u0101nijas Sili sal\u0101s un Kornvol\u0101 izsludin\u0101ts augst\u0101k\u0101 l\u012bme\u0146a br\u012bdin\u0101jums.<\/p>\n<p><a href=\"https:\/\/nra.lv\/birka\/lielbritanija\/\" target=\"_blank\" rel=\"noopener nofollow\">Lielbrit\u0101nij\u0101<\/a> vair\u0101k\u0101s piekrast\u0113s vi\u013c\u0146u augstums sasniedzis desmit l\u012bdz 13 metrus.<\/p>\n<p>Elektroener\u0123ijas un g\u0101zes nozares komp\u0101nija &#8220;The National Grid&#8221; zi\u0146oja, ka Lielbrit\u0101nij\u0101 sniega v\u0113tras &#8220;Goretti&#8221; d\u0113\u013c bez elektroapg\u0101des paliku\u0161as aptuveni 57 000 m\u0101jsaimniec\u012bbu.<\/p>\n<p><a href=\"https:\/\/nra.lv\/birka\/skotija\/\" target=\"_blank\" rel=\"noopener nofollow\">Skotij\u0101<\/a> slikto laikapst\u0101k\u013cu d\u0113\u013c sl\u0113gtas vair\u0101k nek\u0101 250 skolas, bet Kornvol\u0101 nekurs\u0113 vilcieni.<\/p>\n<p><a href=\"https:\/\/nra.lv\/birka\/francija\/\" target=\"_blank\" rel=\"noopener nofollow\">Francijas<\/a> Iek\u0161lietu ministrija zi\u0146oja, ka v\u0113tr\u0101 vieglus ievainojumus guvu\u0161i se\u0161i cilv\u0113ki. V\u0113ja br\u0101zmas nakt\u012b sasniedza \u0101trumu l\u012bdz pat 213 kilometriem stund\u0101 (55,5 metriem sekund\u0113).<\/p>\n<p>Francijas zieme\u013cos piektdien vilcieni, ar da\u017eiem iz\u0146\u0113mumiem, nekurs\u0113. Paredz\u0113ts, ka Normandij\u0101 un Breta\u0146\u0101 dzelzce\u013ca satiksme ats\u0101ksies p\u0113cpusdien\u0101.<\/p>\n<p><a href=\"https:\/\/nra.lv\/birka\/sniega-vetra\/\" target=\"_blank\" rel=\"noopener nofollow\">Sniega v\u0113tras<\/a> d\u0113\u013c trauc\u0113ta satiksme ar\u012b Par\u012bzes re\u0123ion\u0101 un Elzas\u0101 un Lotring\u0101, bet Man\u0161as un Piej\u016bras S\u0113nas departamentos sl\u0113gtas skolas.<\/p>\n<p>\u0160oned\u0113\u013c ar laikapst\u0101k\u013ciem saist\u012btos negad\u012bjumos Eirop\u0101 g\u0101ju\u0161i boj\u0101 vismaz asto\u0146i cilv\u0113ki.<\/p>\n<p>V\u0101cijas zieme\u013cos patlaban plos\u0101s v\u0113tra &#8220;Elli&#8221;, kuras d\u0113\u013c sl\u0113gtas skolas Hamburg\u0101 un Br\u0113men\u0113, un V\u0101cijas zieme\u013cos nekurs\u0113 t\u0101lsatiksmes vilcieni.<\/p>\n<p><a href=\"https:\/\/nra.lv\/birka\/moldova\/\" target=\"_blank\" rel=\"noopener nofollow\">Moldov\u0101<\/a> slikto laikapst\u0101k\u013cu d\u0113\u013c l\u012bdz pirmdienai sl\u0113gtas aptuveni 600 skolas, un Rum\u0101nij\u0101 aptuveni 1000 m\u0101jsaimniec\u012bbas paliku\u0161as bez elektr\u012bbas.<\/p>\n<p>Tikm\u0113r Balk\u0101nos viet\u0101m pierimst <a href=\"https:\/\/nra.lv\/birka\/pludi\/\" target=\"_blank\" rel=\"noopener nofollow\">pl\u016bdi<\/a>, ko ned\u0113\u013cas s\u0101kum\u0101 izrais\u012bja sp\u0113c\u012bga snig\u0161ana un lietusg\u0101zes. Pl\u016bdu d\u0113\u013c tika evaku\u0113ti simtiem cilv\u0113ku, un divi cilv\u0113ki g\u0101ja boj\u0101.<\/p>\n<p>Alb\u0101nij\u0101, kas ir viena no vissmag\u0101k cietu\u0161aj\u0101m re\u0123iona valst\u012bm, premjerministrs Edi Rama pazi\u0146oja, ka varasiest\u0101des s\u0101ku\u0161as apr\u0113\u0137in\u0101t pl\u016bdu rad\u012btos zaud\u0113jumus. Valsts dienvidos appl\u016bda simtiem m\u0101ju.<\/p>\n<p>Br\u012bdin\u0101jumi par apledojumu un snig\u0161anu joproj\u0101m ir sp\u0113k\u0101 liel\u0101kaj\u0101 re\u0123iona da\u013c\u0101, tai skait\u0101 Serbij\u0101, kur rietumos jau vair\u0101kas dienas nav elektr\u012bbas.<\/p>\n<p>\t\t\t\t\t\tinfo<\/p>\n<p>Uzzini pirmais<br \/>kas interesants noticis Latvij\u0101 un pasaul\u0113,<br \/>pievienojoties mums <a href=\"https:\/\/t.me\/neatkariga\" rel=\"nofollow\">Telegram<\/a> vai <a href=\"https:\/\/whatsapp.com\/channel\/0029VaMLFUH5K3zLU5s4wm3y\" rel=\"nofollow noopener\" target=\"_blank\">Whatsapp<\/a> kan\u0101l\u0101<\/p>\n","protected":false},"excerpt":{"rendered":"Sniega v\u0113tras &#8220;Goretti&#8221; d\u0113\u013c Francijas zieme\u013crietumos bez elektroapg\u0101des paliku\u0161as aptuveni 380 000 m\u0101jsaimniec\u012bbu, bet Lielbrit\u0101nij\u0101 &#8211; aptuveni 57&hellip;\n","protected":false},"author":2,"featured_media":100437,"comment_status":"","ping_status":"","sticky":false,"template":"","format":"standard","meta":{"footnotes":""},"categories":[14],"tags":[23,57,28,29,32,33,22,30,31,35,39,38,36,37,34,40,20,26,27,24,25,54,55,56,21,58],"class_list":{"0":"post-100436","1":"post","2":"type-post","3":"status-publish","4":"format-standard","5":"has-post-thumbnail","7":"category-zinas-no-arvalstim","8":"tag-aktualitates","9":"tag-arvalstim","10":"tag-breaking-news","11":"tag-breakingnews","12":"tag-featured-news","13":"tag-featurednews","14":"tag-headlines","15":"tag-latest-news","16":"tag-latestnews","17":"tag-latvia","18":"tag-latvian","19":"tag-latviesu","20":"tag-latviesu-valoda","21":"tag-latviesuvaloda","22":"tag-latvija","23":"tag-lv","24":"tag-news","25":"tag-popularakas-zinas","26":"tag-popularakaszinas","27":"tag-top-stories","28":"tag-topstories","29":"tag-world","30":"tag-world-news","31":"tag-worldnews","32":"tag-zinas","33":"tag-zinas-no-arvalstim"},"share_on_mastodon":{"url":"https:\/\/pubeurope.com\/@lv\/115872238275754982","error":""},"_links":{"self":[{"href":"https:\/\/www.europesays.com\/lv\/wp-json\/wp\/v2\/posts\/100436","targetHints":{"allow":["GET"]}}],"collection":[{"href":"https:\/\/www.europesays.com\/lv\/wp-json\/wp\/v2\/posts"}],"about":[{"href":"https:\/\/www.europesays.com\/lv\/wp-json\/wp\/v2\/types\/post"}],"author":[{"embeddable":true,"href":"https:\/\/www.europesays.com\/lv\/wp-json\/wp\/v2\/users\/2"}],"replies":[{"embeddable":true,"href":"https:\/\/www.europesays.com\/lv\/wp-json\/wp\/v2\/comments?post=100436"}],"version-history":[{"count":0,"href":"https:\/\/www.europesays.com\/lv\/wp-json\/wp\/v2\/posts\/100436\/revisions"}],"wp:featuredmedia":[{"embeddable":true,"href":"https:\/\/www.europesays.com\/lv\/wp-json\/wp\/v2\/media\/100437"}],"wp:attachment":[{"href":"https:\/\/www.europesays.com\/lv\/wp-json\/wp\/v2\/media?parent=100436"}],"wp:term":[{"taxonomy":"category","embeddable":true,"href":"https:\/\/www.europesays.com\/lv\/wp-json\/wp\/v2\/categories?post=100436"},{"taxonomy":"post_tag","embeddable":true,"href":"https:\/\/www.europesays.com\/lv\/wp-json\/wp\/v2\/tags?post=100436"}],"curies":[{"name":"wp","href":"https:\/\/api.w.org\/{rel}","templated":true}]}}