{"id":100450,"date":"2026-01-10T18:52:17","date_gmt":"2026-01-10T18:52:17","guid":{"rendered":"https:\/\/www.europesays.com\/lv\/100450\/"},"modified":"2026-01-10T18:52:17","modified_gmt":"2026-01-10T18:52:17","slug":"rigas-doma-laudis-atvadas-no-vairas-vikes-freibergas-vira-imanta-freiberga","status":"publish","type":"post","link":"https:\/\/www.europesays.com\/lv\/100450\/","title":{"rendered":"R\u012bgas Dom\u0101 \u013caudis atvad\u0101s no Vairas V\u012b\u0137es-Freibergas v\u012bra Imanta Freiberga"},"content":{"rendered":"<p>\u201cImanta person\u012bbas centr\u0101l\u0101 da\u013ca ir cilv\u0113c\u012bgums. Kad p\u0113c 30 gadiem ierad\u0101mies Francij\u0101 tai ferm\u0101, kur\u0101 vi\u0146\u0161 k\u0101 puika bija str\u0101d\u0101jis, vi\u0146a saimnieka m\u0101sa izn\u0101ca un teica: \u201cImanti\u0146, k\u0101ds prieks tevi redz\u0113t! M\u0113s v\u0113l vakar par tevi run\u0101j\u0101m! M\u0113s vienm\u0113r tevi atceramies! Tu mums biji k\u0101 \u0123imenes loceklis!\u201d,\u201d par savu m\u012b\u013co Imantu, ar kuru laul\u012bb\u0101 nodz\u012bvoti 65 gadi, v\u012bra memu\u0101ros &#8220;Dari, kas j\u0101dara&#8221; izteikusies Vaira V\u012b\u0137e-Freiberga. \u201cJa mani b\u016btu nos\u016bt\u012bju\u0161i uz fermu, man liekas, ka es justos sar\u016bgtin\u0101ta, bet vi\u0146\u0161 saka: \u201cEs tur daudz iem\u0101c\u012bjos.\u201d Man da\u017ereiz liekas, ka vi\u0146\u0161 uz visu skat\u0101s pat par daudz pozit\u012bvi. J\u0101, vi\u0146\u0161 ferm\u0101 apsald\u0113ja roku pirkstus, bet tas ir s\u012bkums; tie bija labi cilv\u0113ki, un vi\u0146\u0161 tur dz\u012bvoja vi\u0146u dz\u012bvi. Saskat\u012bt vis\u0101 pozit\u012bvo \u2013 tas pieder pie vi\u0146a person\u012bbas. Vi\u0146\u0161 ir kluss un nepretenciozs, un liel\u012bba vi\u0146am nav paz\u012bstama.\u201d<\/p>\n","protected":false},"excerpt":{"rendered":"\u201cImanta person\u012bbas centr\u0101l\u0101 da\u013ca ir cilv\u0113c\u012bgums. Kad p\u0113c 30 gadiem ierad\u0101mies Francij\u0101 tai ferm\u0101, kur\u0101 vi\u0146\u0161 k\u0101 puika&hellip;\n","protected":false},"author":2,"featured_media":100451,"comment_status":"","ping_status":"","sticky":false,"template":"","format":"standard","meta":{"footnotes":""},"categories":[5],"tags":[23,28,29,32,33,22,30,31,35,39,38,36,37,34,40,20,26,27,24,25,21],"class_list":{"0":"post-100450","1":"post","2":"type-post","3":"status-publish","4":"format-standard","5":"has-post-thumbnail","7":"category-aktualitates","8":"tag-aktualitates","9":"tag-breaking-news","10":"tag-breakingnews","11":"tag-featured-news","12":"tag-featurednews","13":"tag-headlines","14":"tag-latest-news","15":"tag-latestnews","16":"tag-latvia","17":"tag-latvian","18":"tag-latviesu","19":"tag-latviesu-valoda","20":"tag-latviesuvaloda","21":"tag-latvija","22":"tag-lv","23":"tag-news","24":"tag-popularakas-zinas","25":"tag-popularakaszinas","26":"tag-top-stories","27":"tag-topstories","28":"tag-zinas"},"share_on_mastodon":{"url":"https:\/\/pubeurope.com\/@lv\/115872317510200199","error":""},"_links":{"self":[{"href":"https:\/\/www.europesays.com\/lv\/wp-json\/wp\/v2\/posts\/100450","targetHints":{"allow":["GET"]}}],"collection":[{"href":"https:\/\/www.europesays.com\/lv\/wp-json\/wp\/v2\/posts"}],"about":[{"href":"https:\/\/www.europesays.com\/lv\/wp-json\/wp\/v2\/types\/post"}],"author":[{"embeddable":true,"href":"https:\/\/www.europesays.com\/lv\/wp-json\/wp\/v2\/users\/2"}],"replies":[{"embeddable":true,"href":"https:\/\/www.europesays.com\/lv\/wp-json\/wp\/v2\/comments?post=100450"}],"version-history":[{"count":0,"href":"https:\/\/www.europesays.com\/lv\/wp-json\/wp\/v2\/posts\/100450\/revisions"}],"wp:featuredmedia":[{"embeddable":true,"href":"https:\/\/www.europesays.com\/lv\/wp-json\/wp\/v2\/media\/100451"}],"wp:attachment":[{"href":"https:\/\/www.europesays.com\/lv\/wp-json\/wp\/v2\/media?parent=100450"}],"wp:term":[{"taxonomy":"category","embeddable":true,"href":"https:\/\/www.europesays.com\/lv\/wp-json\/wp\/v2\/categories?post=100450"},{"taxonomy":"post_tag","embeddable":true,"href":"https:\/\/www.europesays.com\/lv\/wp-json\/wp\/v2\/tags?post=100450"}],"curies":[{"name":"wp","href":"https:\/\/api.w.org\/{rel}","templated":true}]}}