{"id":100456,"date":"2026-01-10T19:08:03","date_gmt":"2026-01-10T19:08:03","guid":{"rendered":"https:\/\/www.europesays.com\/lv\/100456\/"},"modified":"2026-01-10T19:08:03","modified_gmt":"2026-01-10T19:08:03","slug":"vatikans-meginaja-vienoties-ar-asv-lai-atlautu-maduro-aizbegt-uz-krieviju","status":"publish","type":"post","link":"https:\/\/www.europesays.com\/lv\/100456\/","title":{"rendered":"Vatik\u0101ns m\u0113\u0123in\u0101ja vienoties ar ASV, lai at\u013cautu Maduro aizb\u0113gt uz Krieviju"},"content":{"rendered":"<p>Saska\u0146\u0101 ar izdevuma ieg\u016btajiem dokumentiem, 24. decembr\u012b tik\u0161an\u0101s laik\u0101 ar B\u0113r\u010du Parolins pazi\u0146oja, ka Krievija ir gatava pie\u0146emt Maduro. Vi\u0146\u0161 ar\u012b dal\u012bj\u0101s ar to, ko dokumenti raksturo k\u0101 &#8220;baumas&#8221;, ka Venecu\u0113la ir k\u013cuvusi par &#8220;iz\u0161\u0137iro\u0161u elementu&#8221; sarun\u0101s par Krievijas un Ukrainas karu un ka &#8220;Maskava pamet\u012bs Venecu\u0113lu, ja t\u0101 b\u016bs apmierin\u0101ta ar Ukrainu&#8221;.<\/p>\n<p>Tom\u0113r, p\u0113c \u017eurn\u0101listu dom\u0101m, Maduro apmai\u0146a pret Ukrainu neizdev\u0101s diktatora pa\u0161a sp\u012bt\u012bbas d\u0113\u013c. Vi\u0146\u0161 netic\u0113ja, ka Tramps patie\u0161\u0101m \u0137ersies pie milit\u0101r\u0101m darb\u012bb\u0101m, un uzskat\u012bja Va\u0161ingtonas draudus par t\u012bru blefu.<\/p>\n<p>&#8220;Vi\u0146\u0161 nepiekrita dar\u012bjumam. Vi\u0146\u0161 vienk\u0101r\u0161i gras\u012bj\u0101s s\u0113d\u0113t un skat\u012bties, k\u0101 cilv\u0113ki rada kr\u012bzi,&#8221; viens no publik\u0101cijas avotiem past\u0101st\u012bja medijam.<\/p>\n<p>\u0160aj\u0101 kontekst\u0101 vi\u0146i jo \u012bpa\u0161i piemin epizodi, kur\u0101 vair\u0101kas dienas pirms amerik\u0101\u0146u oper\u0101cijas Maduro dejoja Venecu\u0113las telev\u012bzij\u0101, ko amerik\u0101\u0146i uzskat\u012bja par atkl\u0101tu Trampa izsmieklu.<\/p>\n","protected":false},"excerpt":{"rendered":"Saska\u0146\u0101 ar izdevuma ieg\u016btajiem dokumentiem, 24. decembr\u012b tik\u0161an\u0101s laik\u0101 ar B\u0113r\u010du Parolins pazi\u0146oja, ka Krievija ir gatava pie\u0146emt&hellip;\n","protected":false},"author":2,"featured_media":95708,"comment_status":"","ping_status":"","sticky":false,"template":"","format":"standard","meta":{"footnotes":""},"categories":[14],"tags":[23,57,292,28,29,32,33,22,234,30,31,35,39,38,36,37,34,40,20,5168,26,27,24,25,54,55,56,21,58],"class_list":{"0":"post-100456","1":"post","2":"type-post","3":"status-publish","4":"format-standard","5":"has-post-thumbnail","7":"category-zinas-no-arvalstim","8":"tag-aktualitates","9":"tag-arvalstim","10":"tag-asv","11":"tag-breaking-news","12":"tag-breakingnews","13":"tag-featured-news","14":"tag-featurednews","15":"tag-headlines","16":"tag-krievija","17":"tag-latest-news","18":"tag-latestnews","19":"tag-latvia","20":"tag-latvian","21":"tag-latviesu","22":"tag-latviesu-valoda","23":"tag-latviesuvaloda","24":"tag-latvija","25":"tag-lv","26":"tag-news","27":"tag-nikolass-maduro","28":"tag-popularakas-zinas","29":"tag-popularakaszinas","30":"tag-top-stories","31":"tag-topstories","32":"tag-world","33":"tag-world-news","34":"tag-worldnews","35":"tag-zinas","36":"tag-zinas-no-arvalstim"},"share_on_mastodon":{"url":"https:\/\/pubeurope.com\/@lv\/115872379842899602","error":""},"_links":{"self":[{"href":"https:\/\/www.europesays.com\/lv\/wp-json\/wp\/v2\/posts\/100456","targetHints":{"allow":["GET"]}}],"collection":[{"href":"https:\/\/www.europesays.com\/lv\/wp-json\/wp\/v2\/posts"}],"about":[{"href":"https:\/\/www.europesays.com\/lv\/wp-json\/wp\/v2\/types\/post"}],"author":[{"embeddable":true,"href":"https:\/\/www.europesays.com\/lv\/wp-json\/wp\/v2\/users\/2"}],"replies":[{"embeddable":true,"href":"https:\/\/www.europesays.com\/lv\/wp-json\/wp\/v2\/comments?post=100456"}],"version-history":[{"count":0,"href":"https:\/\/www.europesays.com\/lv\/wp-json\/wp\/v2\/posts\/100456\/revisions"}],"wp:featuredmedia":[{"embeddable":true,"href":"https:\/\/www.europesays.com\/lv\/wp-json\/wp\/v2\/media\/95708"}],"wp:attachment":[{"href":"https:\/\/www.europesays.com\/lv\/wp-json\/wp\/v2\/media?parent=100456"}],"wp:term":[{"taxonomy":"category","embeddable":true,"href":"https:\/\/www.europesays.com\/lv\/wp-json\/wp\/v2\/categories?post=100456"},{"taxonomy":"post_tag","embeddable":true,"href":"https:\/\/www.europesays.com\/lv\/wp-json\/wp\/v2\/tags?post=100456"}],"curies":[{"name":"wp","href":"https:\/\/api.w.org\/{rel}","templated":true}]}}