{"id":100457,"date":"2026-01-10T19:10:07","date_gmt":"2026-01-10T19:10:07","guid":{"rendered":"https:\/\/www.europesays.com\/lv\/100457\/"},"modified":"2026-01-10T19:10:07","modified_gmt":"2026-01-10T19:10:07","slug":"rets-skats-%e2%9f%a9-meza-novietota-kamera-iemuzinajusi-ideali-koordinetu-vilku-bara-parvietosanos-igaunija","status":"publish","type":"post","link":"https:\/\/www.europesays.com\/lv\/100457\/","title":{"rendered":"RETS SKATS \u27e9 Me\u017e\u0101 novietota kamera iem\u016b\u017ein\u0101jusi ide\u0101li koordin\u0113tu vilku bara p\u0101rvieto\u0161anos Igaunij\u0101"},"content":{"rendered":"<p>P\u0113c speci\u0101listu nov\u0113rt\u0113juma, \u0161\u0101da uzved\u012bba nav nejau\u0161a \u2013 vilku bars p\u0101rvietojas vienm\u0113r atbilsto\u0161i noteiktam iek\u0161\u0113jam lo\u0123iskajam k\u0101rt\u012bbas un hierarhijas principam.<\/p>\n<p>Vilki p\u0101rvietojas noteikt\u0101 sec\u012bb\u0101<\/p>\n<p>Da\u017e\u0101dos dz\u012bves posmos <a href=\"https:\/\/www.tvnet.lv\/term\/574745\/vilki\" class=\"topicLink\" target=\"_blank\" rel=\"nofollow noopener\">vilki<\/a> dz\u012bvo vai nu p\u0101ros, vai baros. T\u0101 k\u0101 tie ir \u013coti soci\u0101li <a href=\"https:\/\/www.tvnet.lv\/term\/555403\/dzivnieki\" class=\"topicLink\" target=\"_blank\" rel=\"nofollow noopener\">dz\u012bvnieki<\/a>, tie tom\u0113r dod priek\u0161roku pulc\u0113ties baros. Bara lielums var sv\u0101rst\u012bties no 2 l\u012bdz 36 \u012bpat\u0146iem, bet parasti vid\u0113jais bara lielums ir apm\u0113ram se\u0161i vilki. Igaunij\u0101 dz\u012bvojo\u0161ajiem bariem parastais lielums ir no 2 l\u012bdz 11 \u012bpat\u0146iem.<\/p>\n<p>Bara kodolu veido vado\u0146u p\u0101ris, proti, alfa m\u0101t\u012bte un alfa t\u0113vi\u0146\u0161, un to p\u0113cn\u0101c\u0113ji vair\u0101ku gadu garum\u0101. Bie\u017ei bar\u0101 ir ar\u012b citi pieaugu\u0161i, pak\u013cauti pl\u0113s\u0113ji. Hierarhija bar\u0101 parasti ir \u0161\u0101da: augst\u0101kaj\u0101 poz\u012bcij\u0101 ir alfa m\u0101t\u012bte un alfa t\u0113vi\u0146\u0161, n\u0101kamaj\u0101 \u2013 beta vilki, bet viszem\u0101kaj\u0101 poz\u012bcij\u0101 ir omega vilki. \u0160\u0101di bari parasti turas kop\u0101 divus tr\u012bs gadus, kop\u012bgi p\u0101rvietojoties un med\u012bjot.<\/p>\n","protected":false},"excerpt":{"rendered":"P\u0113c speci\u0101listu nov\u0113rt\u0113juma, \u0161\u0101da uzved\u012bba nav nejau\u0161a \u2013 vilku bars p\u0101rvietojas vienm\u0113r atbilsto\u0161i noteiktam iek\u0161\u0113jam lo\u0123iskajam k\u0101rt\u012bbas un&hellip;\n","protected":false},"author":2,"featured_media":100458,"comment_status":"","ping_status":"","sticky":false,"template":"","format":"standard","meta":{"footnotes":""},"categories":[5],"tags":[23,28,29,5807,32,33,22,73,30,31,35,39,38,36,37,34,40,8357,20,26,27,20407,24,25,2238,15002,21],"class_list":{"0":"post-100457","1":"post","2":"type-post","3":"status-publish","4":"format-standard","5":"has-post-thumbnail","7":"category-aktualitates","8":"tag-aktualitates","9":"tag-breaking-news","10":"tag-breakingnews","11":"tag-dzivnieki","12":"tag-featured-news","13":"tag-featurednews","14":"tag-headlines","15":"tag-igaunija","16":"tag-latest-news","17":"tag-latestnews","18":"tag-latvia","19":"tag-latvian","20":"tag-latviesu","21":"tag-latviesu-valoda","22":"tag-latviesuvaloda","23":"tag-latvija","24":"tag-lv","25":"tag-meza-dzivnieki","26":"tag-news","27":"tag-popularakas-zinas","28":"tag-popularakaszinas","29":"tag-savvalas-dzivnieki","30":"tag-top-stories","31":"tag-topstories","32":"tag-tvnet-arvalstis","33":"tag-vilki","34":"tag-zinas"},"share_on_mastodon":{"url":"https:\/\/pubeurope.com\/@lv\/115872387746412427","error":""},"_links":{"self":[{"href":"https:\/\/www.europesays.com\/lv\/wp-json\/wp\/v2\/posts\/100457","targetHints":{"allow":["GET"]}}],"collection":[{"href":"https:\/\/www.europesays.com\/lv\/wp-json\/wp\/v2\/posts"}],"about":[{"href":"https:\/\/www.europesays.com\/lv\/wp-json\/wp\/v2\/types\/post"}],"author":[{"embeddable":true,"href":"https:\/\/www.europesays.com\/lv\/wp-json\/wp\/v2\/users\/2"}],"replies":[{"embeddable":true,"href":"https:\/\/www.europesays.com\/lv\/wp-json\/wp\/v2\/comments?post=100457"}],"version-history":[{"count":0,"href":"https:\/\/www.europesays.com\/lv\/wp-json\/wp\/v2\/posts\/100457\/revisions"}],"wp:featuredmedia":[{"embeddable":true,"href":"https:\/\/www.europesays.com\/lv\/wp-json\/wp\/v2\/media\/100458"}],"wp:attachment":[{"href":"https:\/\/www.europesays.com\/lv\/wp-json\/wp\/v2\/media?parent=100457"}],"wp:term":[{"taxonomy":"category","embeddable":true,"href":"https:\/\/www.europesays.com\/lv\/wp-json\/wp\/v2\/categories?post=100457"},{"taxonomy":"post_tag","embeddable":true,"href":"https:\/\/www.europesays.com\/lv\/wp-json\/wp\/v2\/tags?post=100457"}],"curies":[{"name":"wp","href":"https:\/\/api.w.org\/{rel}","templated":true}]}}