{"id":100465,"date":"2026-01-10T19:44:07","date_gmt":"2026-01-10T19:44:07","guid":{"rendered":"https:\/\/www.europesays.com\/lv\/100465\/"},"modified":"2026-01-10T19:44:07","modified_gmt":"2026-01-10T19:44:07","slug":"tramps-paraksta-rikojumu-asv-tureto-venecuelas-naftas-ienemumu-aizsardzibai","status":"publish","type":"post","link":"https:\/\/www.europesays.com\/lv\/100465\/","title":{"rendered":"Tramps paraksta r\u012bkojumu ASV tur\u0113to Venecu\u0113las naftas ie\u0146\u0113mumu aizsardz\u012bbai"},"content":{"rendered":"<p>Izpildr\u012bkojums nodro\u0161ina \u0161iem ie\u0146\u0113mumiem \u012bpa\u0161u aizsardz\u012bbu, lai nov\u0113rstu to konfisk\u0101ciju ties\u0101s vai kreditoru interes\u0113s. T\u0101da r\u012bc\u012bba tiek pamatota, k\u0101 nepiecie\u0161ama ASV valsts dro\u0161\u012bbai un \u0101rpolitikai. &#8220;Prezidents Tramps nov\u0113r\u0161 Venecu\u0113las naftas ie\u0146\u0113mumu konfisk\u0101ciju, kas var\u0113tu apdraud\u0113t ASV centienus nodro\u0161in\u0101t ekonomisko un politisko stabilit\u0101ti Venecu\u0113l\u0101,&#8221; uzsv\u0113ra Baltais nams.<\/p>\n<p>Venecu\u0113l\u0101, pret kuru Va\u0161ingtona kop\u0161 2019. gada piem\u0113ro sankcijas, atrodas aptuveni piektda\u013ca pasaules naftas rezervju, un k\u0101dreiz t\u0101 bija viens no galvenajiem j\u0113lnaftas pieg\u0101d\u0101t\u0101jiem ASV. Ta\u010du saska\u0146\u0101 ar OPEC datiem 2024. gad\u0101 t\u0101 ra\u017eoja tikai aptuveni 1% no kop\u0113j\u0101 j\u0113lnaftas apjoma pasaul\u0113, jo to kav\u0113ja gadiem ilgas nepietiekamas invest\u012bcijas, sankcijas un embargo.<\/p>\n<p>Tramps uzskata, ka \u0161\u012bs valsts milz\u012bg\u0101s naftas rezerves ir ieguvums vi\u0146a c\u012b\u0146\u0101 par ASV degvielas cenu turpm\u0101ku samazin\u0101\u0161anu. Izpildr\u012bkojums pie\u0146emts ned\u0113\u013cu p\u0113c tam, kad ASV bru\u0146otie sp\u0113ki oper\u0101cij\u0101 Venecu\u0113las galvaspils\u0113t\u0101 arest\u0113ja autorit\u0101ro l\u012bderi Maduro, nogalinot desmitiem Venecu\u0113las un Kubas dro\u0161\u012bbas sp\u0113ku darbinieku.<\/p>\n","protected":false},"excerpt":{"rendered":"Izpildr\u012bkojums nodro\u0161ina \u0161iem ie\u0146\u0113mumiem \u012bpa\u0161u aizsardz\u012bbu, lai nov\u0113rstu to konfisk\u0101ciju ties\u0101s vai kreditoru interes\u0113s. T\u0101da r\u012bc\u012bba tiek pamatota,&hellip;\n","protected":false},"author":2,"featured_media":100466,"comment_status":"","ping_status":"","sticky":false,"template":"","format":"standard","meta":{"footnotes":""},"categories":[14],"tags":[23,57,292,28,29,542,32,33,22,30,31,35,39,38,36,37,34,40,2421,20,26,27,24,25,358,54,55,56,21,58],"class_list":{"0":"post-100465","1":"post","2":"type-post","3":"status-publish","4":"format-standard","5":"has-post-thumbnail","7":"category-zinas-no-arvalstim","8":"tag-aktualitates","9":"tag-arvalstim","10":"tag-asv","11":"tag-breaking-news","12":"tag-breakingnews","13":"tag-donalds-tramps","14":"tag-featured-news","15":"tag-featurednews","16":"tag-headlines","17":"tag-latest-news","18":"tag-latestnews","19":"tag-latvia","20":"tag-latvian","21":"tag-latviesu","22":"tag-latviesu-valoda","23":"tag-latviesuvaloda","24":"tag-latvija","25":"tag-lv","26":"tag-nafta","27":"tag-news","28":"tag-popularakas-zinas","29":"tag-popularakaszinas","30":"tag-top-stories","31":"tag-topstories","32":"tag-venecuela","33":"tag-world","34":"tag-world-news","35":"tag-worldnews","36":"tag-zinas","37":"tag-zinas-no-arvalstim"},"share_on_mastodon":{"url":"https:\/\/pubeurope.com\/@lv\/115872521481084632","error":""},"_links":{"self":[{"href":"https:\/\/www.europesays.com\/lv\/wp-json\/wp\/v2\/posts\/100465","targetHints":{"allow":["GET"]}}],"collection":[{"href":"https:\/\/www.europesays.com\/lv\/wp-json\/wp\/v2\/posts"}],"about":[{"href":"https:\/\/www.europesays.com\/lv\/wp-json\/wp\/v2\/types\/post"}],"author":[{"embeddable":true,"href":"https:\/\/www.europesays.com\/lv\/wp-json\/wp\/v2\/users\/2"}],"replies":[{"embeddable":true,"href":"https:\/\/www.europesays.com\/lv\/wp-json\/wp\/v2\/comments?post=100465"}],"version-history":[{"count":0,"href":"https:\/\/www.europesays.com\/lv\/wp-json\/wp\/v2\/posts\/100465\/revisions"}],"wp:featuredmedia":[{"embeddable":true,"href":"https:\/\/www.europesays.com\/lv\/wp-json\/wp\/v2\/media\/100466"}],"wp:attachment":[{"href":"https:\/\/www.europesays.com\/lv\/wp-json\/wp\/v2\/media?parent=100465"}],"wp:term":[{"taxonomy":"category","embeddable":true,"href":"https:\/\/www.europesays.com\/lv\/wp-json\/wp\/v2\/categories?post=100465"},{"taxonomy":"post_tag","embeddable":true,"href":"https:\/\/www.europesays.com\/lv\/wp-json\/wp\/v2\/tags?post=100465"}],"curies":[{"name":"wp","href":"https:\/\/api.w.org\/{rel}","templated":true}]}}