{"id":100467,"date":"2026-01-10T19:45:12","date_gmt":"2026-01-10T19:45:12","guid":{"rendered":"https:\/\/www.europesays.com\/lv\/100467\/"},"modified":"2026-01-10T19:45:12","modified_gmt":"2026-01-10T19:45:12","slug":"kulturas-ministre-bazas-par-gora-nakotni-radijis-apsvertais-variants-nodot-to-privata-parvalde-1188-lv","status":"publish","type":"post","link":"https:\/\/www.europesays.com\/lv\/100467\/","title":{"rendered":"Kult\u016bras ministre: Ba\u017eas par &quot;Gora&quot; n\u0101kotni rad\u012bjis apsv\u0113rtais variants nodot to priv\u0101t\u0101 p\u0101rvald\u0113 &#8211; 1188.lv"},"content":{"rendered":"<ol>\n<li><a href=\"https:\/\/news.google.com\/rss\/articles\/CBMixAFBVV95cUxPYV9EXzM4d3hEUWFXaWRBN1hrcy1FbUJ5VG1iaWlKd1BDbDRKVVRTeV80YVBjenlaVWtvN184elZ0SllONDROTWFlRF9aRHJOb3d0ODMtVEI2QkxQZWk1UjdVSHVqWVcwSFVhY3RXTHVORWRiWDdabEFPempyLVpRb1FwbEFLd0tiMy1Wa0Z0WGs5QzAxMUdCbVNJRElfU00taWNvYk1iN1Z4NXZGVXZoTnN5bVR6bS1jWUVsQTBYMTEwVXZx?oc=5\" target=\"_blank\" rel=\"nofollow noopener\">Kult\u016bras ministre: Ba\u017eas par &#8220;Gora&#8221; n\u0101kotni rad\u012bjis apsv\u0113rtais variants nodot to priv\u0101t\u0101 p\u0101rvald\u0113<\/a>&nbsp;&nbsp;1188.lv<\/li>\n<li><a href=\"https:\/\/news.google.com\/rss\/articles\/CBMi4wFBVV95cUxQQnM0cTFqTXZZekVSWEFfMGRHY0JSa2JUVzVLa2NYcVRfSnhQSnFpcmlWS3pieDc4ZXc5VzlOQjIwWEVYTEJRU2tfdFY3QWlFcXg1U1FuU0hxNHprbGlWWnZLVDR5NU9OZUtFOXQ0Y2dQc1U3UDhlNVllbGwwcWctNlY4aG9Zc3JfZVZ1WHo4UTRyR1lsb0F0UXJ2b1llRmJJMEZQMHQ4SjVQX0ZKc095OHVhb0s2UDVjX3lYVFFPb2xtNnBxbnBQWHlYRzVodWpvNTlGUk1zZUlqNWNuUFZBbGVTNA?oc=5\" target=\"_blank\" rel=\"nofollow noopener\">&#8220;J\u0101atst\u0101j R\u0113zekne mier\u0101!&#8221; pret &#8220;politi\u0137iem nav j\u0101iejaucas satur\u0101&#8221; \u2013 k\u0101ds liktenis sagaida &#8220;Goru&#8221;?<\/a>&nbsp;&nbsp;Delfi<\/li>\n<li><a href=\"https:\/\/news.google.com\/rss\/articles\/CBMizgFBVV95cUxPaHRfUW9yV3FacU5nVUhwNlJycWtncXFOWEVvU0NYRVVZbGhjN19tX01GLVpEZU5vUl85QzlpaUlDVEh0SWhDd3ptZmwzY0RycG41QzBDRW5Gb0Rsak43cE1ObjBSMTl4VW9rUThXSU5OdkhVSFBiMWpqbE5maGJOcGhLdi1mb2xnb2NaNHFKMEJEMXIyNDNqdDZVM3ZSZ2tyXzZZNldDYXhiNmFTbnl2ZVZySW5LbHhUbGhpZFJTcmpuTkxxLXRNYk5fakFFQQ?oc=5\" target=\"_blank\" rel=\"nofollow noopener\">Koncertz\u0101\u013cu vad\u012bt\u0101ji ba\u017e\u012bjas par Krievijas kult\u016bras ietekmi Latgal\u0113 \/ Raksts<\/a>&nbsp;&nbsp;LSM<\/li>\n<li><a href=\"https:\/\/news.google.com\/rss\/articles\/CBMirAFBVV95cUxPcWdTaG5IS194cFZtZlNmSlRnYmFhM2hsQUc5SklON0ltdjEzVEgzcENhRURKd3c0U19QVXNEN1ZrTEY4dDZHaGNPS3RxeHRtcHo1YjdJeWhQRVFYakpheDB0Y3FNUmlYUzBXVnJnZF82TkVCNlRMSnJWRzJjTDBqYk1XM2pUV0lpYzNYa0tpSHlrLUV3V2htUGtEQ2EyWWhCMWd2NjJsQ3FFSmtK?oc=5\" target=\"_blank\" rel=\"nofollow noopener\">Bijus\u012b &#8220;Gora&#8221; vad\u012bt\u0101ja atbalsta koncertz\u0101les p\u0101r\u0146em\u0161anu valsts p\u0101rvald\u012bb\u0101<\/a>&nbsp;&nbsp;Jauns.lv<\/li>\n<li><a href=\"https:\/\/news.google.com\/rss\/articles\/CBMi4AFBVV95cUxQRzk2Q3pGOFBoS3VXaWtpMEFDT3p0ZV96REVLUkl3bDdlZVlBTTg1dUFKdE9GOHZ0SGJtZEJyYUdidUVsSVhwaURkZTM2Tnh0MXJQdHpzWUs4X3NRdGhqZ1RGeXlldEkzWG5rZ0ZQcGZVb0dmdU9RUHBwUXctekRHdC04ZGtZV01nOWl0dnBwS0ZWcDA5V3MzMWlEWENCWk83SUFqN0xKTUtDSzR4clBMLTdHLWNzVWx1WEEzdmZtLUMxaU9HTzM3cV9mbHhNbS10Skp1YXNjVUptQVh0aTRjVw?oc=5\" target=\"_blank\" rel=\"nofollow noopener\">Latvijas Profesion\u0101lo m\u016bzikas kolekt\u012bvu asoci\u0101cija atkl\u0101t\u0101 v\u0113stul\u0113 izsaka atbalstu Austrumlatvijas koncertz\u0101lei &#8220;Gors&#8221;<\/a>&nbsp;&nbsp;Sejas.lv<\/li>\n<\/ol>\n","protected":false},"excerpt":{"rendered":"Kult\u016bras ministre: Ba\u017eas par &#8220;Gora&#8221; n\u0101kotni rad\u012bjis apsv\u0113rtais variants nodot to priv\u0101t\u0101 p\u0101rvald\u0113&nbsp;&nbsp;1188.lv &#8220;J\u0101atst\u0101j R\u0113zekne mier\u0101!&#8221; pret &#8220;politi\u0137iem&hellip;\n","protected":false},"author":2,"featured_media":100468,"comment_status":"","ping_status":"","sticky":false,"template":"","format":"standard","meta":{"footnotes":""},"categories":[12],"tags":[129,24406,24492,1209,289,23,28,29,32,33,22,30,31,35,39,38,36,37,34,40,20,26,27,290,24407,1210,24493,291,24408,1211,24494,24,25,21],"class_list":{"0":"post-100467","1":"post","2":"type-post","3":"status-publish","4":"format-standard","5":"has-post-thumbnail","7":"category-latvija","8":"tag-__typenameadvicekeyword","9":"tag-id1008","10":"tag-id777","11":"tag-id824","12":"tag-id931","13":"tag-aktualitates","14":"tag-breaking-news","15":"tag-breakingnews","16":"tag-featured-news","17":"tag-featurednews","18":"tag-headlines","19":"tag-latest-news","20":"tag-latestnews","21":"tag-latvia","22":"tag-latvian","23":"tag-latviesu","24":"tag-latviesu-valoda","25":"tag-latviesuvaloda","26":"tag-latvija","27":"tag-lv","28":"tag-news","29":"tag-popularakas-zinas","30":"tag-popularakaszinas","31":"tag-slugkultura","32":"tag-slugkulturas-ministrija","33":"tag-slugpolitika","34":"tag-slugrezekne","35":"tag-titlekultura","36":"tag-titlekulturas-ministrija","37":"tag-titlepolitika","38":"tag-titlerezekne","39":"tag-top-stories","40":"tag-topstories","41":"tag-zinas"},"share_on_mastodon":{"url":"","error":"Validation failed: Text character limit of 500 exceeded"},"_links":{"self":[{"href":"https:\/\/www.europesays.com\/lv\/wp-json\/wp\/v2\/posts\/100467","targetHints":{"allow":["GET"]}}],"collection":[{"href":"https:\/\/www.europesays.com\/lv\/wp-json\/wp\/v2\/posts"}],"about":[{"href":"https:\/\/www.europesays.com\/lv\/wp-json\/wp\/v2\/types\/post"}],"author":[{"embeddable":true,"href":"https:\/\/www.europesays.com\/lv\/wp-json\/wp\/v2\/users\/2"}],"replies":[{"embeddable":true,"href":"https:\/\/www.europesays.com\/lv\/wp-json\/wp\/v2\/comments?post=100467"}],"version-history":[{"count":0,"href":"https:\/\/www.europesays.com\/lv\/wp-json\/wp\/v2\/posts\/100467\/revisions"}],"wp:featuredmedia":[{"embeddable":true,"href":"https:\/\/www.europesays.com\/lv\/wp-json\/wp\/v2\/media\/100468"}],"wp:attachment":[{"href":"https:\/\/www.europesays.com\/lv\/wp-json\/wp\/v2\/media?parent=100467"}],"wp:term":[{"taxonomy":"category","embeddable":true,"href":"https:\/\/www.europesays.com\/lv\/wp-json\/wp\/v2\/categories?post=100467"},{"taxonomy":"post_tag","embeddable":true,"href":"https:\/\/www.europesays.com\/lv\/wp-json\/wp\/v2\/tags?post=100467"}],"curies":[{"name":"wp","href":"https:\/\/api.w.org\/{rel}","templated":true}]}}