{"id":100471,"date":"2026-01-10T19:50:08","date_gmt":"2026-01-10T19:50:08","guid":{"rendered":"https:\/\/www.europesays.com\/lv\/100471\/"},"modified":"2026-01-10T19:50:08","modified_gmt":"2026-01-10T19:50:08","slug":"leiena-aicina-iranu-atjaunot-interneta-sakarus","status":"publish","type":"post","link":"https:\/\/www.europesays.com\/lv\/100471\/","title":{"rendered":"Leiena aicina Ir\u0101nu atjaunot interneta sakarus"},"content":{"rendered":"<p class=\"descr\">Eiropas Komisijas (EK) priek\u0161s\u0113d\u0113t\u0101ja Urzula fon der Leiena sestdien aicin\u0101ja atbr\u012bvot visus Ir\u0101n\u0101 ieslodz\u012btos protest\u0113t\u0101jus un piln\u012bb\u0101 atjaunot interneta piek\u013cuvi valst\u012b.<\/p>\n<p>&#8220;Teher\u0101nas iel\u0101s un pils\u0113t\u0101s vis\u0101 pasaul\u0113 skan Ir\u0101nas sievie\u0161u un v\u012brie\u0161u so\u013ci, kas pieprasa br\u012bv\u012bbu. Br\u012bv\u012bbu run\u0101t, pulc\u0113ties, ce\u013cot un, galvenais, dz\u012bvot br\u012bvi,&#8221; <a href=\"https:\/\/nra.lv\/birka\/urzula-fon-der-leiena\/\" target=\"_blank\" rel=\"noopener nofollow\">Leiena<\/a> rakst\u012bja soci\u0101lajos t\u012bklos.<\/p>\n<p>&#8220;Eiropa piln\u012bb\u0101 atbalsta vi\u0146us. M\u0113s nep\u0101rprotami nosod\u0101m \u0161o likum\u012bgo demonstr\u0101ciju vardarb\u012bgo apspie\u0161anu,&#8221; vi\u0146a pauda, piebilstot, ka par demonstr\u0101ciju apspied\u0113jus v\u0113sture neatcer\u0113sies pozit\u012bvi.<\/p>\n<blockquote><p>M\u0113s aicin\u0101m nekav\u0113joties atbr\u012bvot visus ieslodz\u012btos demonstrantus. M\u0113s aicin\u0101m atjaunot piln\u012bgu interneta piek\u013cuvi. Un, visbeidzot, m\u0113s aicin\u0101m iev\u0113rot pamatties\u012bbas,&#8221; pazi\u0146oja EK priek\u0161s\u0113d\u0113t\u0101ja.<\/p><\/blockquote>\n<p><a href=\"https:\/\/nra.lv\/birka\/irana\/\" target=\"_blank\" rel=\"noopener nofollow\">Ir\u0101n\u0101<\/a> jau gandr\u012bz divas ned\u0113\u013cas turpin\u0101s pla\u0161as demonstr\u0101cijas, ko izrais\u012bjusi smaga ekonomisk\u0101 kr\u012bze. Akt\u012bvisti apgalvo, ka desmitiem protest\u0113t\u0101ju ir g\u0101ju\u0161i boj\u0101 dro\u0161\u012bbas sp\u0113ku ne\u017e\u0113l\u012bgaj\u0101s represij\u0101s.<\/p>\n<p>P\u0113c nevalstisko akt\u012bvistu grupu datiem, kop\u0161 ceturtdienas iest\u0101des ir blo\u0137\u0113ju\u0161as interneta piek\u013cuvi vis\u0101 valst\u012b, k\u0101 ar\u012b p\u0101rtrauku\u0161as telefona sakarus.<\/p>\n<p>\t\t\t\t\t\tinfo<\/p>\n<p>Uzzini pirmais<br \/>kas interesants noticis Latvij\u0101 un pasaul\u0113,<br \/>pievienojoties mums <a href=\"https:\/\/t.me\/neatkariga\" rel=\"nofollow\">Telegram<\/a> vai <a href=\"https:\/\/whatsapp.com\/channel\/0029VaMLFUH5K3zLU5s4wm3y\" rel=\"nofollow noopener\" target=\"_blank\">Whatsapp<\/a> kan\u0101l\u0101<\/p>\n","protected":false},"excerpt":{"rendered":"Eiropas Komisijas (EK) priek\u0161s\u0113d\u0113t\u0101ja Urzula fon der Leiena sestdien aicin\u0101ja atbr\u012bvot visus Ir\u0101n\u0101 ieslodz\u012btos protest\u0113t\u0101jus un piln\u012bb\u0101 atjaunot&hellip;\n","protected":false},"author":2,"featured_media":100472,"comment_status":"","ping_status":"","sticky":false,"template":"","format":"standard","meta":{"footnotes":""},"categories":[14],"tags":[23,57,28,29,32,33,22,30,31,35,39,38,36,37,34,40,20,26,27,24,25,54,55,56,21,58],"class_list":{"0":"post-100471","1":"post","2":"type-post","3":"status-publish","4":"format-standard","5":"has-post-thumbnail","7":"category-zinas-no-arvalstim","8":"tag-aktualitates","9":"tag-arvalstim","10":"tag-breaking-news","11":"tag-breakingnews","12":"tag-featured-news","13":"tag-featurednews","14":"tag-headlines","15":"tag-latest-news","16":"tag-latestnews","17":"tag-latvia","18":"tag-latvian","19":"tag-latviesu","20":"tag-latviesu-valoda","21":"tag-latviesuvaloda","22":"tag-latvija","23":"tag-lv","24":"tag-news","25":"tag-popularakas-zinas","26":"tag-popularakaszinas","27":"tag-top-stories","28":"tag-topstories","29":"tag-world","30":"tag-world-news","31":"tag-worldnews","32":"tag-zinas","33":"tag-zinas-no-arvalstim"},"share_on_mastodon":{"url":"https:\/\/pubeurope.com\/@lv\/115872545130388162","error":""},"_links":{"self":[{"href":"https:\/\/www.europesays.com\/lv\/wp-json\/wp\/v2\/posts\/100471","targetHints":{"allow":["GET"]}}],"collection":[{"href":"https:\/\/www.europesays.com\/lv\/wp-json\/wp\/v2\/posts"}],"about":[{"href":"https:\/\/www.europesays.com\/lv\/wp-json\/wp\/v2\/types\/post"}],"author":[{"embeddable":true,"href":"https:\/\/www.europesays.com\/lv\/wp-json\/wp\/v2\/users\/2"}],"replies":[{"embeddable":true,"href":"https:\/\/www.europesays.com\/lv\/wp-json\/wp\/v2\/comments?post=100471"}],"version-history":[{"count":0,"href":"https:\/\/www.europesays.com\/lv\/wp-json\/wp\/v2\/posts\/100471\/revisions"}],"wp:featuredmedia":[{"embeddable":true,"href":"https:\/\/www.europesays.com\/lv\/wp-json\/wp\/v2\/media\/100472"}],"wp:attachment":[{"href":"https:\/\/www.europesays.com\/lv\/wp-json\/wp\/v2\/media?parent=100471"}],"wp:term":[{"taxonomy":"category","embeddable":true,"href":"https:\/\/www.europesays.com\/lv\/wp-json\/wp\/v2\/categories?post=100471"},{"taxonomy":"post_tag","embeddable":true,"href":"https:\/\/www.europesays.com\/lv\/wp-json\/wp\/v2\/tags?post=100471"}],"curies":[{"name":"wp","href":"https:\/\/api.w.org\/{rel}","templated":true}]}}