{"id":100485,"date":"2026-01-10T20:10:14","date_gmt":"2026-01-10T20:10:14","guid":{"rendered":"https:\/\/www.europesays.com\/lv\/100485\/"},"modified":"2026-01-10T20:10:14","modified_gmt":"2026-01-10T20:10:14","slug":"iranas-gazta-saha-dels-aicina-uz-plasakiem-protestiem-teheranas-slimnicas-izsludina-krizi-raksts","status":"publish","type":"post","link":"https:\/\/www.europesays.com\/lv\/100485\/","title":{"rendered":"Ir\u0101nas g\u0101zt\u0101 \u0161aha d\u0113ls aicina uz pla\u0161\u0101kiem protestiem; Teher\u0101nas slimn\u012bc\u0101s izsludina kr\u012bzi \/ Raksts"},"content":{"rendered":"<p>Vair\u0101k\u0101s Teher\u0101nas slimn\u012bc\u0101s izsludin\u0101ts kr\u012bzes st\u0101voklis protest\u0113t\u0101ju un varas iest\u0101\u017eu sadursmju d\u0113\u013c. T\u0101 pazi\u0146oju\u0161i vair\u0101ki Ir\u0101nas vesel\u012bbas apr\u016bpes darbinieki.<\/p>\n<p>Protesti pret vald\u012bbu un past\u0101vo\u0161o Isl\u0101ma Republikas varu turpina palielin\u0101ties, p\u0101r\u0146emot desmitiem pils\u0113tu.<\/p>\n<p>Septi\u0146desmito gadu isl\u0101ma revol\u016bcij\u0101 g\u0101zt\u0101 Rietumu atbalst\u012bt\u0101 \u0161aha d\u0113ls, kur\u0161 kop\u0161 \u0161\u012b laika dz\u012bvo trimd\u0101, aicin\u0101jis protest\u0113t\u0101jus turpin\u0101t un papla\u0161in\u0101t protestus, tostarp pl\u0101not potenci\u0101li ie\u0146emt pils\u0113tu centrus.<\/p>\n<p>Protesti, kas ilgst jau vair\u0101kas ned\u0113\u013cas, ir vieni no pla\u0161\u0101kajiem Isl\u0101ma Republikas past\u0101v\u0113\u0161anas laik\u0101. T\u0101s l\u012bderis \u0101jatolla Al\u012b H\u0101mene\u012b nosoda protest\u0113t\u0101jus un nor\u0101da, ka tas ir ASV pirksts protest\u0113t\u0101ju k\u016bd\u012b\u0161an\u0101.<\/p>\n<p>ASV prezidents Donalds Tramps vair\u0101kk\u0101rt br\u012bdin\u0101jis Ir\u0101nas vald\u012bbu nepielietot sp\u0113ku protestu apspie\u0161an\u0101, draudot ar posto\u0161\u0101m sek\u0101m.<\/p>\n<p>Zi\u0146as no Ir\u0101nas ir sare\u017e\u0123\u012bti ieg\u016bt, jo dro\u0161\u012bbas sp\u0113ki vis\u0101 valst\u012b <a href=\"https:\/\/www.lsm.lv\/raksts\/zinas\/arzemes\/09.01.2026-irana-par-spiti-interneta-blokesanai-pienemas-speka-iedzivotaju-protesti.a629274\/\" class=\"lsm-link\" data-type=\"article\" data-id=\"629274\" rel=\"nofollow noopener\" target=\"_blank\">atsl\u0113gu\u0161i internetu un telefona sakarus.<\/a><\/p>\n<p>KONTEKSTS:<\/p>\n<p>Ir\u0101na ar vair\u0101k nek\u0101 90 miljoniem iedz\u012bvot\u0101ju ir viena no liel\u0101kaj\u0101m un ietekm\u012bg\u0101kaj\u0101m valst\u012bm Tuvo Austrumu re\u0123ion\u0101. Gadsimtiem ilgi t\u0101 bijusi paz\u012bstama k\u0101 Persija. 1979. gad\u0101 isl\u0101ma fundament\u0101listi <a href=\"https:\/\/lr1.lsm.lv\/lv\/raksts\/siis-dienas-aciim\/revolucija-irana-1979.gada-rodas-jauna-valsts-islama-republika.a119668\/\" target=\"_blank\" rel=\"nofollow noopener\">sar\u012bkoja revol\u016bciju<\/a>, kuras rezult\u0101t\u0101 tika g\u0101zta monarhija un izveidota Ir\u0101nas Isl\u0101ma Republika. Ir\u0101n\u0101 pie varas nostiprin\u0101j\u0101s teokr\u0101tisks re\u017e\u012bms, kur\u0101 galven\u0101 loma ir isl\u0101ma gar\u012bdzniekiem. \u0160is re\u017e\u012bms ir apspiedis opoz\u012bciju, ierobe\u017eojis sievie\u0161u ties\u012bbas un vaj\u0101jis da\u017e\u0101das minorit\u0101tes.<\/p>\n<p>Ir\u0101nai ir vienas no liel\u0101kaj\u0101m naftas un g\u0101zes rezerv\u0113m pasaul\u0113, bet aizdomas rosin\u0101ju\u0161i t\u0101s centieni att\u012bst\u012bt <a href=\"https:\/\/www.lsm.lv\/raksts\/zinas\/arzemes\/17.06.2025-lsm-skaidro-kas-ir-iranas-kodolprogramma-un-kapec-izraela-nevelas-pielaut-tas-attistibu.a603474\/\" class=\"lsm-link\" data-type=\"article\" data-id=\"603474\" rel=\"nofollow noopener\" target=\"_blank\">atomener\u0123ijas programmu<\/a>. Izra\u0113la un citi Ir\u0101nas pretinieki uzskata, ka Teher\u0101nas re\u017e\u012bma patiesais m\u0113r\u0137is ir ieg\u016bt kodoliero\u010dus.<\/p>\n<p>Izra\u0113la un ASV ap\u0146\u0113mu\u0161\u0101s nepie\u013caut \u0161\u0101da scen\u0101rija \u012bsteno\u0161anu, t\u0101d\u0113\u013c 2025. gada j\u016bnij\u0101 <a href=\"https:\/\/www.lsm.lv\/raksts\/zinas\/arzemes\/22.06.2025-asv-iesaistas-kara-pret-iranu-uzbruk-vairakiem-kodolprogrammas-objektiem.a604216\/\" class=\"lsm-link\" data-type=\"article\" data-id=\"604216\" rel=\"nofollow noopener\" target=\"_blank\">veica triecienus<\/a> pret Ir\u0101nas kodolprogrammas objektiem.<\/p>\n<p>Izra\u0113la uzskata Ir\u0101nu par savu galveno ienaidnieci, jo Teher\u0101nas re\u017e\u012bms <a href=\"https:\/\/www.lsm.lv\/raksts\/zinas\/arzemes\/07.02.2024-izraelas-armija-publisko-pieradijumus-par-tiesu-iranas-finansejumu-hamas.a541940\/\" class=\"lsm-link\" data-type=\"article\" data-id=\"541940\" rel=\"nofollow noopener\" target=\"_blank\">finans\u0113<\/a> t\u0101das teroristu organiz\u0101cijas k\u0101 &#8220;Hizbull\u0101h&#8221; un &#8220;Ham\u0101s&#8221;.<\/p>\n<p>Ir\u0101nu vair\u0101kk\u0101rt ir satricin\u0101ju\u0161i sabiedr\u012bbas protesti, it sevi\u0161\u0137i p\u0113c jaunietes <a href=\"https:\/\/www.lsm.lv\/raksts\/zinas\/arzemes\/protesti-pec-22-gadus-vecas-amini-naves-cik-tie-ir-nozimigi-un-vai-iespejams-iranas-maidans.a477040\/\" class=\"lsm-link\" data-type=\"article\" data-id=\"477040\" rel=\"nofollow noopener\" target=\"_blank\">Mahsas Amini n\u0101ves 2022. gad\u0101<\/a>, bet valdo\u0161ais re\u017e\u012bms ir sp\u0113jis notur\u0113ties pie varas.<\/p>\n<p>2025. gada nogal\u0113 un 2026. gada s\u0101kum\u0101 protesti <a href=\"https:\/\/www.lsm.lv\/raksts\/zinas\/arzemes\/08.01.2026-iedzivotaju-protesti-un-trampa-draudi-iebrukt-vai-iranas-rezims-notures-varas-grozus.a629073\/\" class=\"lsm-link\" data-type=\"article\" data-id=\"629073\" rel=\"nofollow noopener\" target=\"_blank\">ats\u0101ku\u0161ies ar jaunu sparu<\/a>; \u0161oreiz iedz\u012bvot\u0101jus visvair\u0101k satrauc augst\u0101 infl\u0101cija un ekonomikas kr\u012bze. Valdo\u0161\u0101 re\u017e\u012bma pretinieki aicina g\u0101zt \u0101jatollu H\u0101menei un <a href=\"https:\/\/www.lsm.lv\/raksts\/zinas\/arzemes\/09.01.2026-tukstosiem-protestetaju-irana-aicina-gazt-valdoso-rezimu-un-nodot-varu-pedeja-saha-delam-pahlavi.a629228\/\" class=\"lsm-link\" data-type=\"article\" data-id=\"629228\" rel=\"nofollow noopener\" target=\"_blank\">nodot varu<\/a> p\u0113d\u0113j\u0101 Ir\u0101nas monarha d\u0113lam Rezam Pahlavi.<\/p>\n<p>                    Valodas k\u013c\u016bda rakst\u0101?<\/p>\n<p class=\"d-none d-md-block\">Iez\u012bm\u0113jiet tekstu un spiediet Ctrl+Enter, lai nos\u016bt\u012btu labojamo teksta fragmentu redaktoram! Par faktu k\u013c\u016bd\u0101m l\u016bdzam zi\u0146ot e-past\u0101 <a href=\"https:\/\/www.lsm.lv\/cdn-cgi\/l\/email-protection\" class=\"__cf_email__\" data-cfemail=\"97e5f2f3f6fcf4fefdf6d7fbe4fab9fbe1\" rel=\"nofollow noopener\" target=\"_blank\">[email\u00a0protected]<\/a>.<\/p>\n<p class=\"d-md-none\">Iez\u012bm\u0113jiet tekstu un spiediet uz Zi\u0146ot par k\u013c\u016bdu pogas, lai nos\u016bt\u012btu labojamo teksta fragmentu redaktoram!<\/p>\n<p>\n                    Zi\u0146ot par k\u013c\u016bdu\n                <\/p>\n","protected":false},"excerpt":{"rendered":"Vair\u0101k\u0101s Teher\u0101nas slimn\u012bc\u0101s izsludin\u0101ts kr\u012bzes st\u0101voklis protest\u0113t\u0101ju un varas iest\u0101\u017eu sadursmju d\u0113\u013c. T\u0101 pazi\u0146oju\u0161i vair\u0101ki Ir\u0101nas vesel\u012bbas apr\u016bpes&hellip;\n","protected":false},"author":2,"featured_media":100486,"comment_status":"","ping_status":"","sticky":false,"template":"","format":"standard","meta":{"footnotes":""},"categories":[5],"tags":[23,28,29,32,33,22,30,31,35,39,38,36,37,34,40,20,26,27,24,25,21],"class_list":{"0":"post-100485","1":"post","2":"type-post","3":"status-publish","4":"format-standard","5":"has-post-thumbnail","7":"category-aktualitates","8":"tag-aktualitates","9":"tag-breaking-news","10":"tag-breakingnews","11":"tag-featured-news","12":"tag-featurednews","13":"tag-headlines","14":"tag-latest-news","15":"tag-latestnews","16":"tag-latvia","17":"tag-latvian","18":"tag-latviesu","19":"tag-latviesu-valoda","20":"tag-latviesuvaloda","21":"tag-latvija","22":"tag-lv","23":"tag-news","24":"tag-popularakas-zinas","25":"tag-popularakaszinas","26":"tag-top-stories","27":"tag-topstories","28":"tag-zinas"},"share_on_mastodon":{"url":"https:\/\/pubeurope.com\/@lv\/115872623680009002","error":""},"_links":{"self":[{"href":"https:\/\/www.europesays.com\/lv\/wp-json\/wp\/v2\/posts\/100485","targetHints":{"allow":["GET"]}}],"collection":[{"href":"https:\/\/www.europesays.com\/lv\/wp-json\/wp\/v2\/posts"}],"about":[{"href":"https:\/\/www.europesays.com\/lv\/wp-json\/wp\/v2\/types\/post"}],"author":[{"embeddable":true,"href":"https:\/\/www.europesays.com\/lv\/wp-json\/wp\/v2\/users\/2"}],"replies":[{"embeddable":true,"href":"https:\/\/www.europesays.com\/lv\/wp-json\/wp\/v2\/comments?post=100485"}],"version-history":[{"count":0,"href":"https:\/\/www.europesays.com\/lv\/wp-json\/wp\/v2\/posts\/100485\/revisions"}],"wp:featuredmedia":[{"embeddable":true,"href":"https:\/\/www.europesays.com\/lv\/wp-json\/wp\/v2\/media\/100486"}],"wp:attachment":[{"href":"https:\/\/www.europesays.com\/lv\/wp-json\/wp\/v2\/media?parent=100485"}],"wp:term":[{"taxonomy":"category","embeddable":true,"href":"https:\/\/www.europesays.com\/lv\/wp-json\/wp\/v2\/categories?post=100485"},{"taxonomy":"post_tag","embeddable":true,"href":"https:\/\/www.europesays.com\/lv\/wp-json\/wp\/v2\/tags?post=100485"}],"curies":[{"name":"wp","href":"https:\/\/api.w.org\/{rel}","templated":true}]}}