{"id":100499,"date":"2026-01-10T20:51:07","date_gmt":"2026-01-10T20:51:07","guid":{"rendered":"https:\/\/www.europesays.com\/lv\/100499\/"},"modified":"2026-01-10T20:51:07","modified_gmt":"2026-01-10T20:51:07","slug":"noskaties-rezeknes-pasvaldibas-versanas-pret-koncertzali-gors-varetu-but-saistita-ar-velmi-to-piepildit-ar-krievisku-saturu-tvnet","status":"publish","type":"post","link":"https:\/\/www.europesays.com\/lv\/100499\/","title":{"rendered":"NOSKATIES R\u0113zeknes pa\u0161vald\u012bbas v\u0113r\u0161an\u0101s pret koncertz\u0101li \u201cGors\u201d var\u0113tu b\u016bt saist\u012bta ar v\u0113lmi to piepild\u012bt ar krievisku saturu &#8211; TVNET"},"content":{"rendered":"<ol>\n<li><a href=\"https:\/\/news.google.com\/rss\/articles\/CBMi5wFBVV95cUxPc3hOUjJaU1ZqTWdVQzdJaTh6S0VNQWtaY1E1YVlhX1dhRENaSkV6dTBiS3dVY2ViYUVJcUwtWk9xYXd5M2VlTHRTUU9FYWlSVk1CT1pmcnVkcUhJMnl2c2pXSl9VX3JrTUdTT0doTW9uLThhWERxaXhXRjlMLUg1dW9iQnBHZ29qaTBpMUZHUUYyVzhJNjA3aTI1c2s2bV91blBvRzEycTJRMndwNW44TXdEcFJSWUZxRkJPenUzN2VrWVluQ09EamFyN2V6SnVLYTJaVjhhdGJ2ZlU1WXdUZ1I3azRzc0k?oc=5\" target=\"_blank\" rel=\"nofollow noopener\">NOSKATIES R\u0113zeknes pa\u0161vald\u012bbas v\u0113r\u0161an\u0101s pret koncertz\u0101li \u201cGors\u201d var\u0113tu b\u016bt saist\u012bta ar v\u0113lmi to piepild\u012bt ar krievisku saturu<\/a>&nbsp;&nbsp;TVNET<\/li>\n<li><a href=\"https:\/\/news.google.com\/rss\/articles\/CBMizgFBVV95cUxPaHRfUW9yV3FacU5nVUhwNlJycWtncXFOWEVvU0NYRVVZbGhjN19tX01GLVpEZU5vUl85QzlpaUlDVEh0SWhDd3ptZmwzY0RycG41QzBDRW5Gb0Rsak43cE1ObjBSMTl4VW9rUThXSU5OdkhVSFBiMWpqbE5maGJOcGhLdi1mb2xnb2NaNHFKMEJEMXIyNDNqdDZVM3ZSZ2tyXzZZNldDYXhiNmFTbnl2ZVZySW5LbHhUbGhpZFJTcmpuTkxxLXRNYk5fakFFQQ?oc=5\" target=\"_blank\" rel=\"nofollow noopener\">Koncertz\u0101\u013cu vad\u012bt\u0101ji ba\u017e\u012bjas par Krievijas kult\u016bras ietekmi Latgal\u0113 \/ Raksts<\/a>&nbsp;&nbsp;LSM<\/li>\n<li><a href=\"https:\/\/news.google.com\/rss\/articles\/CBMi4wFBVV95cUxQQnM0cTFqTXZZekVSWEFfMGRHY0JSa2JUVzVLa2NYcVRfSnhQSnFpcmlWS3pieDc4ZXc5VzlOQjIwWEVYTEJRU2tfdFY3QWlFcXg1U1FuU0hxNHprbGlWWnZLVDR5NU9OZUtFOXQ0Y2dQc1U3UDhlNVllbGwwcWctNlY4aG9Zc3JfZVZ1WHo4UTRyR1lsb0F0UXJ2b1llRmJJMEZQMHQ4SjVQX0ZKc095OHVhb0s2UDVjX3lYVFFPb2xtNnBxbnBQWHlYRzVodWpvNTlGUk1zZUlqNWNuUFZBbGVTNA?oc=5\" target=\"_blank\" rel=\"nofollow noopener\">&#8220;J\u0101atst\u0101j R\u0113zekne mier\u0101!&#8221; pret &#8220;politi\u0137iem nav j\u0101iejaucas satur\u0101&#8221; \u2013 k\u0101ds liktenis sagaida &#8220;Goru&#8221;?<\/a>&nbsp;&nbsp;Delfi<\/li>\n<li><a href=\"https:\/\/news.google.com\/rss\/articles\/CBMirAFBVV95cUxPcWdTaG5IS194cFZtZlNmSlRnYmFhM2hsQUc5SklON0ltdjEzVEgzcENhRURKd3c0U19QVXNEN1ZrTEY4dDZHaGNPS3RxeHRtcHo1YjdJeWhQRVFYakpheDB0Y3FNUmlYUzBXVnJnZF82TkVCNlRMSnJWRzJjTDBqYk1XM2pUV0lpYzNYa0tpSHlrLUV3V2htUGtEQ2EyWWhCMWd2NjJsQ3FFSmtK?oc=5\" target=\"_blank\" rel=\"nofollow noopener\">Bijus\u012b &#8220;Gora&#8221; vad\u012bt\u0101ja atbalsta koncertz\u0101les p\u0101r\u0146em\u0161anu valsts p\u0101rvald\u012bb\u0101<\/a>&nbsp;&nbsp;Jauns.lv<\/li>\n<li><a href=\"https:\/\/news.google.com\/rss\/articles\/CBMi0wFBVV95cUxPM282ZDVNMWt4S3UxRTAycGRoYkpXbXpTeTdVWmJQQUcwRUdUcnZWV3JhUmZLYV9KaG9MR1huQnJHdW93a3ZOUEhVd0ZyeVBfbnd6TENzdERSRnoydUUxRXR4SGNjVHNJemNtc0VwaVdmbXUxU2NWeHg1dWNhR1oyeEZ5Y3BqUDlnVnMxeGpiUzFxSnBmMUpyVkJMd2ZHa2MzNEVYN0EtbnJMamVQckpjX3VVQVJhZF9Mck5Ud18zUU1zcDV2Y0pkdy1GU2ViT2FoNEs0?oc=5\" target=\"_blank\" rel=\"nofollow noopener\">R\u0113zeknes politi\u0137i spie\u017e aicin\u0101t m\u0101ksliniekus \u201cno austrumiem\u201d. Bijus\u012b \u201cGora\u201d vad\u012bt\u0101ja uzskata \u2013 tas j\u0101p\u0101r\u0146em valstij<\/a>&nbsp;&nbsp;tv3.lv<\/li>\n<\/ol>\n","protected":false},"excerpt":{"rendered":"NOSKATIES R\u0113zeknes pa\u0161vald\u012bbas v\u0113r\u0161an\u0101s pret koncertz\u0101li \u201cGors\u201d var\u0113tu b\u016bt saist\u012bta ar v\u0113lmi to piepild\u012bt ar krievisku saturu&nbsp;&nbsp;TVNET Koncertz\u0101\u013cu&hellip;\n","protected":false},"author":2,"featured_media":100500,"comment_status":"","ping_status":"","sticky":false,"template":"","format":"standard","meta":{"footnotes":""},"categories":[12],"tags":[23,28,29,32,33,3406,22,12647,30,31,35,39,38,36,37,34,445,40,103,13229,24235,20,20487,26,27,167,24,25,21],"class_list":{"0":"post-100499","1":"post","2":"type-post","3":"status-publish","4":"format-standard","5":"has-post-thumbnail","7":"category-latvija","8":"tag-aktualitates","9":"tag-breaking-news","10":"tag-breakingnews","11":"tag-featured-news","12":"tag-featurednews","13":"tag-gors","14":"tag-headlines","15":"tag-koncertzale","16":"tag-latest-news","17":"tag-latestnews","18":"tag-latvia","19":"tag-latvian","20":"tag-latviesu","21":"tag-latviesu-valoda","22":"tag-latviesuvaloda","23":"tag-latvija","24":"tag-liepajas-koncertzale","25":"tag-lv","26":"tag-muzika","27":"tag-muzikas-bizness","28":"tag-nacionala-drosiba","29":"tag-news","30":"tag-panorama","31":"tag-popularakas-zinas","32":"tag-popularakaszinas","33":"tag-rezekne","34":"tag-top-stories","35":"tag-topstories","36":"tag-zinas"},"share_on_mastodon":{"url":"","error":"Validation failed: Text character limit of 500 exceeded"},"_links":{"self":[{"href":"https:\/\/www.europesays.com\/lv\/wp-json\/wp\/v2\/posts\/100499","targetHints":{"allow":["GET"]}}],"collection":[{"href":"https:\/\/www.europesays.com\/lv\/wp-json\/wp\/v2\/posts"}],"about":[{"href":"https:\/\/www.europesays.com\/lv\/wp-json\/wp\/v2\/types\/post"}],"author":[{"embeddable":true,"href":"https:\/\/www.europesays.com\/lv\/wp-json\/wp\/v2\/users\/2"}],"replies":[{"embeddable":true,"href":"https:\/\/www.europesays.com\/lv\/wp-json\/wp\/v2\/comments?post=100499"}],"version-history":[{"count":0,"href":"https:\/\/www.europesays.com\/lv\/wp-json\/wp\/v2\/posts\/100499\/revisions"}],"wp:featuredmedia":[{"embeddable":true,"href":"https:\/\/www.europesays.com\/lv\/wp-json\/wp\/v2\/media\/100500"}],"wp:attachment":[{"href":"https:\/\/www.europesays.com\/lv\/wp-json\/wp\/v2\/media?parent=100499"}],"wp:term":[{"taxonomy":"category","embeddable":true,"href":"https:\/\/www.europesays.com\/lv\/wp-json\/wp\/v2\/categories?post=100499"},{"taxonomy":"post_tag","embeddable":true,"href":"https:\/\/www.europesays.com\/lv\/wp-json\/wp\/v2\/tags?post=100499"}],"curies":[{"name":"wp","href":"https:\/\/api.w.org\/{rel}","templated":true}]}}