{"id":100509,"date":"2026-01-10T21:15:07","date_gmt":"2026-01-10T21:15:07","guid":{"rendered":"https:\/\/www.europesays.com\/lv\/100509\/"},"modified":"2026-01-10T21:15:07","modified_gmt":"2026-01-10T21:15:07","slug":"barikazu-35-gadadienas-atceres-pasakumi-zemkopibas-ministrija","status":"publish","type":"post","link":"https:\/\/www.europesays.com\/lv\/100509\/","title":{"rendered":"Barik\u0101\u017eu 35. gadadienas atceres pas\u0101kumi Zemkop\u012bbas ministrij\u0101"},"content":{"rendered":"<p class=\"descr\">Zemkop\u012bbas ministrij\u0101 (ZM) n\u0101kamned\u0113\u013c notiks Latvijas Nacion\u0101l\u0101 arh\u012bva (LNA) foto izst\u0101de un barik\u0101\u017eu v\u0113sturisk\u0101s lauksaimniec\u012bbas tehnikas ekspoz\u012bcija, a\u0123ent\u016bru LETA inform\u0113ja ministrij\u0101.<\/p>\n<p>No pirmdienas, 12. janv\u0101ra, l\u012bdz 22. janv\u0101rim darba dien\u0101s no plkst. 8.30 l\u012bdz plkst. 17 ZM otr\u0101 st\u0101va vestibil\u0101 notiks LNA foto izst\u0101de &#8220;Ar <a href=\"https:\/\/nra.lv\/birka\/barikazu-atceres-pasakums\/\" target=\"_blank\" rel=\"noopener nofollow\">barik\u0101\u017eu<\/a> gai\u0161umu sird\u012bs&#8221;.<\/p>\n<p>Savuk\u0101rt no otrdienas, 13. janv\u0101ra, l\u012bdz 16. janv\u0101rim \u0101rtelp\u0101 pie ieejas <a href=\"https:\/\/nra.lv\/birka\/zemkopibas-ministrija\/\" target=\"_blank\" rel=\"noopener nofollow\">ZM<\/a> no Citadeles ielas puses visu diennakti b\u016bs apskat\u0101ma barik\u0101\u017eu v\u0113sturisk\u0101s lauksaimniec\u012bbas tehnikas ekspoz\u012bcija.<\/p>\n<p>Zemkop\u012bbas ministrs <a href=\"https:\/\/nra.lv\/birka\/armands-krauze\/\" target=\"_blank\" rel=\"noopener nofollow\">Armands Krauze<\/a> (ZZS) nor\u0101da, ka atceres pas\u0101kumi tiek r\u012bkoti, lai atcer\u0113tos 1991. gada janv\u0101ra notikumus.<\/p>\n<p>\t\t\t\t\t\tinfo<\/p>\n<p>Uzzini pirmais<br \/>kas interesants noticis Latvij\u0101 un pasaul\u0113,<br \/>pievienojoties mums <a href=\"https:\/\/t.me\/neatkariga\" rel=\"nofollow\">Telegram<\/a> vai <a href=\"https:\/\/whatsapp.com\/channel\/0029VaMLFUH5K3zLU5s4wm3y\" rel=\"nofollow noopener\" target=\"_blank\">Whatsapp<\/a> kan\u0101l\u0101<\/p>\n","protected":false},"excerpt":{"rendered":"Zemkop\u012bbas ministrij\u0101 (ZM) n\u0101kamned\u0113\u013c notiks Latvijas Nacion\u0101l\u0101 arh\u012bva (LNA) foto izst\u0101de un barik\u0101\u017eu v\u0113sturisk\u0101s lauksaimniec\u012bbas tehnikas ekspoz\u012bcija, a\u0123ent\u016bru&hellip;\n","protected":false},"author":2,"featured_media":100510,"comment_status":"","ping_status":"","sticky":false,"template":"","format":"standard","meta":{"footnotes":""},"categories":[12],"tags":[23,28,29,32,33,22,30,31,35,39,38,36,37,34,40,20,26,27,24,25,21],"class_list":{"0":"post-100509","1":"post","2":"type-post","3":"status-publish","4":"format-standard","5":"has-post-thumbnail","7":"category-latvija","8":"tag-aktualitates","9":"tag-breaking-news","10":"tag-breakingnews","11":"tag-featured-news","12":"tag-featurednews","13":"tag-headlines","14":"tag-latest-news","15":"tag-latestnews","16":"tag-latvia","17":"tag-latvian","18":"tag-latviesu","19":"tag-latviesu-valoda","20":"tag-latviesuvaloda","21":"tag-latvija","22":"tag-lv","23":"tag-news","24":"tag-popularakas-zinas","25":"tag-popularakaszinas","26":"tag-top-stories","27":"tag-topstories","28":"tag-zinas"},"share_on_mastodon":{"url":"https:\/\/pubeurope.com\/@lv\/115872879314099908","error":""},"_links":{"self":[{"href":"https:\/\/www.europesays.com\/lv\/wp-json\/wp\/v2\/posts\/100509","targetHints":{"allow":["GET"]}}],"collection":[{"href":"https:\/\/www.europesays.com\/lv\/wp-json\/wp\/v2\/posts"}],"about":[{"href":"https:\/\/www.europesays.com\/lv\/wp-json\/wp\/v2\/types\/post"}],"author":[{"embeddable":true,"href":"https:\/\/www.europesays.com\/lv\/wp-json\/wp\/v2\/users\/2"}],"replies":[{"embeddable":true,"href":"https:\/\/www.europesays.com\/lv\/wp-json\/wp\/v2\/comments?post=100509"}],"version-history":[{"count":0,"href":"https:\/\/www.europesays.com\/lv\/wp-json\/wp\/v2\/posts\/100509\/revisions"}],"wp:featuredmedia":[{"embeddable":true,"href":"https:\/\/www.europesays.com\/lv\/wp-json\/wp\/v2\/media\/100510"}],"wp:attachment":[{"href":"https:\/\/www.europesays.com\/lv\/wp-json\/wp\/v2\/media?parent=100509"}],"wp:term":[{"taxonomy":"category","embeddable":true,"href":"https:\/\/www.europesays.com\/lv\/wp-json\/wp\/v2\/categories?post=100509"},{"taxonomy":"post_tag","embeddable":true,"href":"https:\/\/www.europesays.com\/lv\/wp-json\/wp\/v2\/tags?post=100509"}],"curies":[{"name":"wp","href":"https:\/\/api.w.org\/{rel}","templated":true}]}}