{"id":100514,"date":"2026-01-10T21:22:09","date_gmt":"2026-01-10T21:22:09","guid":{"rendered":"https:\/\/www.europesays.com\/lv\/100514\/"},"modified":"2026-01-10T21:22:09","modified_gmt":"2026-01-10T21:22:09","slug":"video-ka-barbari-afrikas-algotnus-krievi-ukraina-izmanto-minu-vieta-tie-ir-ka-konservu-attaisamais","status":"publish","type":"post","link":"https:\/\/www.europesays.com\/lv\/100514\/","title":{"rendered":"VIDEO. K\u0101 barbari! \u0100frikas algot\u0146us krievi Ukrain\u0101 izmanto m\u012bnu viet\u0101, tie ir k\u0101 \u201ckonservu attais\u0101mais\u201d"},"content":{"rendered":"<p>    <img decoding=\"async\" src=\"https:\/\/www.europesays.com\/lv\/wp-content\/uploads\/2026\/01\/55a3f586-31be-4efd-92e1-69716fe7f13d-1024x686.jpg\" alt=\"&#10;\"\/><\/p>\n<p>Ekr\u0101n\u0161\u0101vi\u0146\u0161 no video\n<\/p>\n<p>19:32, 10. janv\u0101ris 2026<\/p>\n<p>Atkl\u0101t\u012bb\u0101 n\u0101cis k\u0101ds \u0161ok\u0113jo\u0161s videoieraksts, kur\u0101 redzams, k\u0101 krievu karav\u012brs piesien spr\u0101dzienb\u012bstamu ier\u012bci pie kr\u016bt\u012bm k\u0101dam \u0100frikas algotnim, kur\u0161 c\u012bn\u0101s Krievijas armijas lab\u0101, raksta port\u0101ls The Sun. <\/p>\n<p>        Las\u012bt\u0101kie<br \/>\n        <a data-imagesrc=\"{&quot;300&quot;:&quot;https:\\\/\\\/lastatic.ams3.cdn.digitaloceanspaces.com\\\/2026\\\/01\\\/2965eb09-6ea6-4d76-8639-c2e5d2789de8-300x200.jpg&quot;,&quot;1024&quot;:&quot;https:\\\/\\\/lastatic.ams3.cdn.digitaloceanspaces.com\\\/2026\\\/01\\\/2965eb09-6ea6-4d76-8639-c2e5d2789de8-1024x683.jpg&quot;,&quot;1536&quot;:&quot;https:\\\/\\\/lastatic.ams3.cdn.digitaloceanspaces.com\\\/2026\\\/01\\\/2965eb09-6ea6-4d76-8639-c2e5d2789de8-1536x1024.jpg&quot;,&quot;500&quot;:&quot;https:\\\/\\\/lastatic.ams3.cdn.digitaloceanspaces.com\\\/2026\\\/01\\\/2965eb09-6ea6-4d76-8639-c2e5d2789de8-500x333.jpg&quot;,&quot;800&quot;:&quot;https:\\\/\\\/lastatic.ams3.cdn.digitaloceanspaces.com\\\/2026\\\/01\\\/2965eb09-6ea6-4d76-8639-c2e5d2789de8-800x533.jpg&quot;,&quot;1800&quot;:&quot;https:\\\/\\\/lastatic.ams3.cdn.digitaloceanspaces.com\\\/2026\\\/01\\\/2965eb09-6ea6-4d76-8639-c2e5d2789de8.jpg&quot;}\" data-focuspoint=\"&quot;&quot;\" data-p=\"2491975\" href=\"https:\/\/www.la.lv\/so-cetru-zodiaka-zimju-dzives-sakas-melna-svitra-tas-jau-sak-saskarties-ar-nopietniem-dzives-paversieniem\" class=\"content-item lazy-load\" wp_automatic_readability=\"26.5\" rel=\"nofollow noopener\" target=\"_blank\"><\/p>\n<p>                                <img decoding=\"async\" src=\"\" alt=\"\" style=\"\" data-imageid=\"\"\/><\/p>\n<p>                                Kokteilis<\/p>\n<p>\n                                                \u0160o \u010detru zodiaka z\u012bmju dz\u012bv\u0113s s\u0101kas \u201cmeln\u0101 sv\u012btra\u201d \u2013 t\u0101s jau s\u0101k saskarties ar nopietniem dz\u012bves pav\u0113rsieniem\n                            <\/p>\n<p><\/a><a data-imagesrc=\"{&quot;300&quot;:&quot;https:\\\/\\\/lastatic.ams3.cdn.digitaloceanspaces.com\\\/2026\\\/01\\\/FotoJet-22-300x200.jpg&quot;,&quot;1024&quot;:&quot;https:\\\/\\\/lastatic.ams3.cdn.digitaloceanspaces.com\\\/2026\\\/01\\\/FotoJet-22-1024x683.jpg&quot;,&quot;1536&quot;:&quot;https:\\\/\\\/lastatic.ams3.cdn.digitaloceanspaces.com\\\/2026\\\/01\\\/FotoJet-22-1536x1024.jpg&quot;,&quot;500&quot;:&quot;https:\\\/\\\/lastatic.ams3.cdn.digitaloceanspaces.com\\\/2026\\\/01\\\/FotoJet-22-500x333.jpg&quot;,&quot;800&quot;:&quot;https:\\\/\\\/lastatic.ams3.cdn.digitaloceanspaces.com\\\/2026\\\/01\\\/FotoJet-22-800x533.jpg&quot;,&quot;1800&quot;:&quot;https:\\\/\\\/lastatic.ams3.cdn.digitaloceanspaces.com\\\/2026\\\/01\\\/FotoJet-22.jpg&quot;}\" data-focuspoint=\"&quot;&quot;\" data-p=\"2492223\" href=\"https:\/\/www.la.lv\/foto-luk-sadas-personibas-maina-liktenus-serojosa-sieva-un-daudzi-sabiedriba-zinami-cilveki-atvadas-no-imanta-freiberga\" class=\"content-item lazy-load\" wp_automatic_readability=\"27\" rel=\"nofollow noopener\" target=\"_blank\"><\/p>\n<p>                                <img decoding=\"async\" src=\"\" alt=\"\" style=\"\" data-imageid=\"\"\/><\/p>\n<p>                                            FOTO. \u201cL\u016bk, \u0161\u0101das person\u012bbas maina likte\u0146us!\u201d S\u0113rojo\u0161\u0101 sieva un daudzi sabiedr\u012bb\u0101 zin\u0101mi cilv\u0113ki atvad\u0101s no Imanta Freiberga\n                            <\/p>\n<p><\/a><a data-imagesrc=\"{&quot;300&quot;:&quot;https:\\\/\\\/lastatic.ams3.cdn.digitaloceanspaces.com\\\/2026\\\/01\\\/trump_94417-300x200.jpg&quot;,&quot;1024&quot;:&quot;https:\\\/\\\/lastatic.ams3.cdn.digitaloceanspaces.com\\\/2026\\\/01\\\/trump_94417-1024x683.jpg&quot;,&quot;1536&quot;:&quot;https:\\\/\\\/lastatic.ams3.cdn.digitaloceanspaces.com\\\/2026\\\/01\\\/trump_94417-1536x1024.jpg&quot;,&quot;500&quot;:&quot;https:\\\/\\\/lastatic.ams3.cdn.digitaloceanspaces.com\\\/2026\\\/01\\\/trump_94417-500x333.jpg&quot;,&quot;800&quot;:&quot;https:\\\/\\\/lastatic.ams3.cdn.digitaloceanspaces.com\\\/2026\\\/01\\\/trump_94417-800x533.jpg&quot;,&quot;2560&quot;:&quot;https:\\\/\\\/lastatic.ams3.cdn.digitaloceanspaces.com\\\/2026\\\/01\\\/trump_94417-scaled.jpg&quot;}\" data-focuspoint=\"&quot;&quot;\" data-p=\"2489466\" href=\"https:\/\/www.la.lv\/video-knapi-knapi-tramps-acimredzami-nebija-forma-pieaug-bazas-par-vina-veselibu\" class=\"content-item lazy-load\" wp_automatic_readability=\"26.5\" rel=\"nofollow noopener\" target=\"_blank\"><\/p>\n<p>                                <img decoding=\"async\" src=\"\" alt=\"\" style=\"\" data-imageid=\"\"\/><\/p>\n<p>                                            VIDEO. FOTO. Knapi, knapi \u2013 Tramps ac\u012bmredzami nebija form\u0101. Pieaug ba\u017eas par vi\u0146a vesel\u012bbu<\/p>\n<p><\/a><br \/>\n        <a class=\"read-more\" href=\"https:\/\/www.la.lv\/top\" rel=\"nofollow noopener\" target=\"_blank\">Las\u012bt citas zi\u0146as<\/a><\/p>\n<p>Video redzams v\u012brietis v\u0101rd\u0101 Fr\u0101nsiss, kuram  tiek draud\u0113ts ar ieroci un fon\u0101 dzirdamas rasistiskas piez\u012bmes, k\u0101 ar\u012b koment\u0101ri par rekr\u016b\u0161a statusu k\u0101 \u201cpude\u013cu attais\u0101mais\u201d vai \u201ckonservu \u0113diens\u201d. Var dzird\u0113t krievu sak\u0101m: \u201cVi\u0146\u0161 t\u016bl\u012bt skries \u2013 l\u0113k\u0101s cauri me\u017eam.\u201d<\/p>\n<p>Vi\u0146\u0161 jaut\u0101 p\u0101rbied\u0113tajam jauniesauktajam: \u201cNo k\u0101, pie velna, tu baidies?\u201d <\/p>\n<p>    CITI \u0160OBR\u012aD LASA<\/p>\n<p>\u0160\u012bs taktikas m\u0113r\u0137is ir izmantot algot\u0146us b\u012bstam\u0101s misij\u0101s, piem\u0113ram, iebrukt ukrai\u0146u kontrol\u0113t\u0101 teritorij\u0101 un deton\u0113t m\u012bnas, lai atv\u0113rtu bunkurus, lai atbr\u012bvotu ce\u013cu okupantiem. K\u0101 raksta medij, tiek uzskat\u012bts, ka video redzam\u0101 izmantot\u0101 ier\u012bce ir TM-62 m\u012bna \u2013 sp\u0113c\u012bga prettanku spr\u0101gstviela.<\/p>\n<p>Tiek uzskat\u012bts, ka Putins izmanto oper\u0101cijas \u0100frik\u0101 k\u0101 strat\u0113\u0123isku \u201ckonveijera lenti\u201d, lai apm\u0101c\u012btu jaunus sp\u0113kus armijai savam ga\u013cma\u0161\u012bnas karam Ukrain\u0101. <\/p>\n<blockquote class=\"twitter-tweet\" wp_automatic_readability=\"7.3815789473684\">\n<p lang=\"en\" dir=\"ltr\">Russians strapped an anti-tank mine to an African and turned him into a \u201ckamikaze\u201d. <br \/>\u201cYou\u2019re coal. Now you\u2019ll run across the field. Go!\u201d <a href=\"https:\/\/t.co\/R3V3MKtPJt\" rel=\"nofollow\">pic.twitter.com\/R3V3MKtPJt<\/a><\/p>\n<p>\u2014 Serhii Sternenko \u2719 (@sternenko) <a href=\"https:\/\/twitter.com\/sternenko\/status\/2009649729928581419?ref_src=twsrc%5Etfw\" rel=\"nofollow noopener\" target=\"_blank\">January 9, 2026<\/a><\/p>\n<\/blockquote>\n<p>T\u0113mas<\/p>\n<p>    SAIST\u012aTIE RAKSTI<\/p>\n<p>                            <script async src=\"https:\/\/platform.twitter.com\/widgets.js\" charset=\"utf-8\"><\/script><\/p>\n","protected":false},"excerpt":{"rendered":"Ekr\u0101n\u0161\u0101vi\u0146\u0161 no video 19:32, 10. janv\u0101ris 2026 Atkl\u0101t\u012bb\u0101 n\u0101cis k\u0101ds \u0161ok\u0113jo\u0161s videoieraksts, kur\u0101 redzams, k\u0101 krievu karav\u012brs piesien&hellip;\n","protected":false},"author":2,"featured_media":100515,"comment_status":"","ping_status":"","sticky":false,"template":"","format":"standard","meta":{"footnotes":""},"categories":[5],"tags":[23,28,29,32,33,22,30,31,35,39,38,36,37,34,40,20,26,27,24,25,21],"class_list":{"0":"post-100514","1":"post","2":"type-post","3":"status-publish","4":"format-standard","5":"has-post-thumbnail","7":"category-aktualitates","8":"tag-aktualitates","9":"tag-breaking-news","10":"tag-breakingnews","11":"tag-featured-news","12":"tag-featurednews","13":"tag-headlines","14":"tag-latest-news","15":"tag-latestnews","16":"tag-latvia","17":"tag-latvian","18":"tag-latviesu","19":"tag-latviesu-valoda","20":"tag-latviesuvaloda","21":"tag-latvija","22":"tag-lv","23":"tag-news","24":"tag-popularakas-zinas","25":"tag-popularakaszinas","26":"tag-top-stories","27":"tag-topstories","28":"tag-zinas"},"share_on_mastodon":{"url":"https:\/\/pubeurope.com\/@lv\/115872906780649414","error":""},"_links":{"self":[{"href":"https:\/\/www.europesays.com\/lv\/wp-json\/wp\/v2\/posts\/100514","targetHints":{"allow":["GET"]}}],"collection":[{"href":"https:\/\/www.europesays.com\/lv\/wp-json\/wp\/v2\/posts"}],"about":[{"href":"https:\/\/www.europesays.com\/lv\/wp-json\/wp\/v2\/types\/post"}],"author":[{"embeddable":true,"href":"https:\/\/www.europesays.com\/lv\/wp-json\/wp\/v2\/users\/2"}],"replies":[{"embeddable":true,"href":"https:\/\/www.europesays.com\/lv\/wp-json\/wp\/v2\/comments?post=100514"}],"version-history":[{"count":0,"href":"https:\/\/www.europesays.com\/lv\/wp-json\/wp\/v2\/posts\/100514\/revisions"}],"wp:featuredmedia":[{"embeddable":true,"href":"https:\/\/www.europesays.com\/lv\/wp-json\/wp\/v2\/media\/100515"}],"wp:attachment":[{"href":"https:\/\/www.europesays.com\/lv\/wp-json\/wp\/v2\/media?parent=100514"}],"wp:term":[{"taxonomy":"category","embeddable":true,"href":"https:\/\/www.europesays.com\/lv\/wp-json\/wp\/v2\/categories?post=100514"},{"taxonomy":"post_tag","embeddable":true,"href":"https:\/\/www.europesays.com\/lv\/wp-json\/wp\/v2\/tags?post=100514"}],"curies":[{"name":"wp","href":"https:\/\/api.w.org\/{rel}","templated":true}]}}