{"id":100516,"date":"2026-01-10T21:26:07","date_gmt":"2026-01-10T21:26:07","guid":{"rendered":"https:\/\/www.europesays.com\/lv\/100516\/"},"modified":"2026-01-10T21:26:07","modified_gmt":"2026-01-10T21:26:07","slug":"the-new-york-times-atklaj-kapec-vladimirs-putins-kluse-par-maduro-aizturesanu","status":"publish","type":"post","link":"https:\/\/www.europesays.com\/lv\/100516\/","title":{"rendered":"&#8220;The New York Times&#8221; atkl\u0101j, k\u0101p\u0113c Vladimirs Putins klus\u0113 par Maduro aiztur\u0113\u0161anu"},"content":{"rendered":"<p>&#8220;Kar\u0161 Ukrain\u0101 ir tum\u0161a bedre, kas izs\u016bc Krievijas resursus,&#8221; sac\u012bja Krievijas Eir\u0101zijas centra direktors Aleksandrs Gabujevs.<\/p>\n<p>&#8220;Valstij k\u013c\u016bstot iztur\u012bg\u0101kai pret Rietumu spiedienu sav\u0101 valst\u012b, t\u0101 ar\u012b v\u0101jin\u0101s k\u0101 glob\u0101ls sp\u0113l\u0113t\u0101js, jo tai nav tik daudz resursu, ko velt\u012bt sav\u0101m amb\u012bcij\u0101m.&#8221;<\/p>\n<p>Pat ja Krievija v\u0113l\u0113tos iejaukties un aizst\u0101v\u0113t Karakasu, atz\u012bm\u0113ja Gabujevs, Maskava negras\u0101s s\u0101kt karu Venecu\u0113l\u0101 ar Amerikas Savienotaj\u0101m Valst\u012bm, kas ir viena no kodolvalst\u012bm.<\/p>\n<p>Anal\u012bti\u0137is nor\u0101d\u012bja, ka Krievija neiebild\u012bs Trampam perif\u0113ros jaut\u0101jumos, ja tas apdraud\u0113tu t\u0101s m\u0113r\u0137us Ukrain\u0101.<\/p>\n<p>Piektdien Krievija, it k\u0101 uzsverot \u0161o faktu, palaida kodoliero\u010dus nest sp\u0113j\u012bgu ballistisko ra\u0137eti &#8220;Ore\u0161\u0146ik&#8221; pret m\u0113r\u0137i Ukrainas rietumos, tie\u0161i pie Eiropas Savien\u012bbas robe\u017eas.<\/p>\n<p>&#8220;Krievija negatavojas kara beig\u0101m,&#8221; zi\u0146u a\u0123ent\u016brai &#8220;Interfax-Ukraine&#8221; sac\u012bja biju\u0161ais Ukrainas milit\u0101rais vad\u012bt\u0101js Velerijs Zalu\u017enijs.<\/p>\n<p>&#8220;T\u0101 gatavojas ilgsto\u0161ai konfront\u0101cijai Ukrain\u0101.&#8221; Da\u017eiem Ukrain\u0101 \u0161\u0137ita, ka ar \u0161\u0101diem triecieniem Putins kompens\u0113 savu v\u0101jin\u0101to ietekmi \u0101rzem\u0113s, atrodoties tuv\u0101k m\u0101j\u0101m.<\/p>\n<p>&#8220;Vi\u0146\u0161 neko nevar\u0113ja izdar\u012bt Lat\u012b\u0146amerik\u0101, vi\u0146\u0161 neko nevar\u0113ja izdar\u012bt pret Trampu, t\u0101p\u0113c vi\u0146\u0161 uzbruka Ukrainai,&#8221; sac\u012bja politikas anal\u012bti\u0137is Mikola Davidjuks. &#8220;Vi\u0146\u0161 ir v\u0101j\u0161 \u0123eopolitik\u0101, bet vi\u0146\u0161 v\u0113las uzsv\u0113rt, ka joproj\u0101m ir \u0161eit, Ukrain\u0101.&#8221;<\/p>\n","protected":false},"excerpt":{"rendered":"&#8220;Kar\u0161 Ukrain\u0101 ir tum\u0161a bedre, kas izs\u016bc Krievijas resursus,&#8221; sac\u012bja Krievijas Eir\u0101zijas centra direktors Aleksandrs Gabujevs. &#8220;Valstij k\u013c\u016bstot&hellip;\n","protected":false},"author":2,"featured_media":93134,"comment_status":"","ping_status":"","sticky":false,"template":"","format":"standard","meta":{"footnotes":""},"categories":[14],"tags":[23,57,28,29,32,33,22,74,30,31,35,39,38,36,37,34,40,20,5168,26,27,24,25,235,54,55,56,21,58],"class_list":{"0":"post-100516","1":"post","2":"type-post","3":"status-publish","4":"format-standard","5":"has-post-thumbnail","7":"category-zinas-no-arvalstim","8":"tag-aktualitates","9":"tag-arvalstim","10":"tag-breaking-news","11":"tag-breakingnews","12":"tag-featured-news","13":"tag-featurednews","14":"tag-headlines","15":"tag-krievijas-iebrukums-ukraina","16":"tag-latest-news","17":"tag-latestnews","18":"tag-latvia","19":"tag-latvian","20":"tag-latviesu","21":"tag-latviesu-valoda","22":"tag-latviesuvaloda","23":"tag-latvija","24":"tag-lv","25":"tag-news","26":"tag-nikolass-maduro","27":"tag-popularakas-zinas","28":"tag-popularakaszinas","29":"tag-top-stories","30":"tag-topstories","31":"tag-vladimirs-putins","32":"tag-world","33":"tag-world-news","34":"tag-worldnews","35":"tag-zinas","36":"tag-zinas-no-arvalstim"},"share_on_mastodon":{"url":"https:\/\/pubeurope.com\/@lv\/115872922472754115","error":""},"_links":{"self":[{"href":"https:\/\/www.europesays.com\/lv\/wp-json\/wp\/v2\/posts\/100516","targetHints":{"allow":["GET"]}}],"collection":[{"href":"https:\/\/www.europesays.com\/lv\/wp-json\/wp\/v2\/posts"}],"about":[{"href":"https:\/\/www.europesays.com\/lv\/wp-json\/wp\/v2\/types\/post"}],"author":[{"embeddable":true,"href":"https:\/\/www.europesays.com\/lv\/wp-json\/wp\/v2\/users\/2"}],"replies":[{"embeddable":true,"href":"https:\/\/www.europesays.com\/lv\/wp-json\/wp\/v2\/comments?post=100516"}],"version-history":[{"count":0,"href":"https:\/\/www.europesays.com\/lv\/wp-json\/wp\/v2\/posts\/100516\/revisions"}],"wp:featuredmedia":[{"embeddable":true,"href":"https:\/\/www.europesays.com\/lv\/wp-json\/wp\/v2\/media\/93134"}],"wp:attachment":[{"href":"https:\/\/www.europesays.com\/lv\/wp-json\/wp\/v2\/media?parent=100516"}],"wp:term":[{"taxonomy":"category","embeddable":true,"href":"https:\/\/www.europesays.com\/lv\/wp-json\/wp\/v2\/categories?post=100516"},{"taxonomy":"post_tag","embeddable":true,"href":"https:\/\/www.europesays.com\/lv\/wp-json\/wp\/v2\/tags?post=100516"}],"curies":[{"name":"wp","href":"https:\/\/api.w.org\/{rel}","templated":true}]}}