{"id":100521,"date":"2026-01-10T21:38:10","date_gmt":"2026-01-10T21:38:10","guid":{"rendered":"https:\/\/www.europesays.com\/lv\/100521\/"},"modified":"2026-01-10T21:38:10","modified_gmt":"2026-01-10T21:38:10","slug":"sievietes-nosausana-mineapole-izraisa-plasas-demonstracijas-visas-asv","status":"publish","type":"post","link":"https:\/\/www.europesays.com\/lv\/100521\/","title":{"rendered":"Sievietes no\u0161au\u0161ana Mineapol\u0113 izraisa pla\u0161as demonstr\u0101cijas vis\u0101s ASV"},"content":{"rendered":"<p>\u0160aj\u0101 ned\u0113\u013cas nogal\u0113 <a rel=\"noopener nofollow\" target=\"_blank\" href=\"https:\/\/www.delfi.lv\/temas\/42596146\/asv\" tag-id=\"42596146\">ASV<\/a> ir paredz\u0113tas vair\u0101k nek\u0101 1000 demonstr\u0101cijas, kur\u0101s Imigr\u0101cijas dienestam (ICE) tiek pras\u012bts pamest viet\u0113j\u0101s kopienas, atsaucoties uz nacion\u0101l\u0101s intere\u0161u aizst\u0101v\u012bbas grupu koal\u012bcijas pazi\u0146ojuma presei, zi\u0146o <a rel=\"noopener nofollow\" target=\"_blank\" href=\"https:\/\/www.delfi.lv\/temas\/50240897\/cnn\" tag-id=\"50240897\">CNN<\/a>.<\/p>\n<p>Koordin\u0113tie pas\u0101kumi &#8220;ICE Out For Good&#8221; da\u017e\u0101d\u0101s ASV pils\u0113t\u0101s ir pl\u0101noti sestdien un sv\u0113tdien, rea\u0123\u0113jot uz &#8220;ICE vardarb\u012bbas eskal\u0101ciju m\u016bsu kopien\u0101s&#8221;, ICE a\u0123enta Ren\u0113 Gudas no\u0161au\u0161anu tre\u0161dien, k\u0101 ar\u012b &#8220;vair\u0101ku m\u0113ne\u0161u ilgo nekontrol\u0113to vardarb\u012bbu un \u013caunpr\u0101t\u012bgu izmanto\u0161anu marginaliz\u0113t\u0101s kopien\u0101s vis\u0101 Amerik\u0101&#8221;, pazi\u0146oja koal\u012bcija.<\/p>\n<p class=\"MsoNormal\">Sestdienas p\u0113cpusdien\u0101 Mineapoles pils\u0113tas park\u0101 uz m\u012bti\u0146u un g\u0101jienu pulc\u0113j\u0101s liels p\u016blis p\u0113c tam, kad piektdienas vakar\u0101 simtiem cilv\u0113ku piedal\u012bj\u0101s protest\u0101 pils\u0113tas centr\u0101.<\/p>\n<p class=\"MsoNormal\">Vismaz 30 cilv\u0113ki tika aiztur\u0113ti un v\u0113l\u0101k atbr\u012bvoti p\u0113c tam, kad Mineapoles policija v\u0113lu vakar\u0101 pasludin\u0101ja pulc\u0113\u0161anos par nelikum\u012bgu, simtiem protest\u0113t\u0101ju pulc\u0113joties viesn\u012bc\u0101 pils\u0113tas centr\u0101, zi\u0146oja amatpersonas.<\/p>\n<p class=\"MsoNormal\">Konkr\u0113t\u0101 viesn\u012bca k\u013cuva par anti-ICE demonstrantu m\u0113r\u0137i, kuri, ticot, ka tur uzturas feder\u0101lie virsnieki, dauz\u012bja bungas, svilpoja un sp\u012bdin\u0101ja gaismas logos, no notikuma vietas zi\u0146oja CNN.<\/p>\n<p class=\"MsoNormal\">Nakts laik\u0101 cilv\u0113ki &#8220;meta sniegu, ledu un akme\u0146us uz policistiem, policijas transportl\u012bdzek\u013ciem un citiem transportl\u012bdzek\u013ciem uz ce\u013ca,&#8221; medijiem v\u0113st\u012bja policijas p\u0101rst\u0101vis.<\/p>\n<p class=\"MsoNormal\">Jau zi\u0146os, ka <a rel=\"noopener nofollow\" target=\"_blank\" href=\"https:\/\/www.delfi.lv\/temas\/42596146\/asv\" data-rel-date-range=\"[]\">ASV<\/a> p\u0101r\u0161alcis sa\u0161utuma vilnis p\u0113c tam, kad ICE a\u0123ents tre\u0161dien Mineapol\u0113 no\u0161\u0101va 37 gadus vecu sievieti vi\u0146as automa\u0161\u012bn\u0101, atsaucoties uz viet\u0113j\u0101m un feder\u0101laj\u0101m amatperson\u0101m, zi\u0146oja a\u0123ent\u016bra &#8220;Reuters&#8221;.<\/p>\n<p class=\"MsoNormal\">Mineapoles m\u0113rs D\u017eeikobs Frejs p\u0113c incidenta kategoriski noraid\u012bja ASV prezidenta Donalda Trampa administr\u0101cijas apgalvojumu, ka a\u0123ents \u0161\u0101vis pa\u0161aizsardz\u012bbas nol\u016bkos. Vi\u0146\u0161 koment\u0113ja, ka video, ko aculiecinieki uz\u0146\u0113mu\u0161i ap\u0161audes laik\u0101 iet tie\u0161\u0101 pretrun\u0101 ar vald\u012bbas izplat\u012bto narat\u012bvu.<\/p>\n<p class=\"MsoNormal\">&#8220;Vi\u0146i jau m\u0113\u0123ina to pasniegt k\u0101 pa\u0161aizsardz\u012bbas darb\u012bbu. Pats redzot video, v\u0113los visiem pateikt tie\u0161i \u2013 t\u0101s ir mu\u013c\u0137\u012bbas,&#8221; preses konferenc\u0113 nor\u0101d\u012bja man\u0101mi aizkaitin\u0101tais m\u0113rs.<\/p>\n<p class=\"MsoNormal\">Frejs vainoja ICE a\u0123entus haosa s\u0113\u0161an\u0101 pils\u0113t\u0101, nor\u0101dot: &#8220;Paz\u016bdiet no Mineapoles!&#8221; Vienlaikus vi\u0146\u0161 ar\u012b aicin\u0101ja iedz\u012bvot\u0101jus saglab\u0101t mieru, demokr\u0101tu l\u012bderiem vis\u0101 Minesotas \u0161tat\u0101, Va\u0161ington\u0101 un citur ICE oper\u0101ciju d\u0113v\u0113jot par nevajadz\u012bgu provok\u0101ciju, kas noveda pie tra\u0123\u0113dijas.<\/p>\n<p class=\"MsoNormal\">Minesotas varasiest\u0101des identific\u0113ja miru\u0161o sievieti k\u0101 37 gadus veco Ren\u0113 Nikolu Gudu.<\/p>\n<p class=\"m-0\">Seko &#8220;Delfi&#8221; ar\u012b  <a target=\"_blank\" href=\"https:\/\/www.instagram.com\/delfi.lv\/\" rel=\"nofollow noopener\">Instagram<\/a>  un <a target=\"_blank\" href=\"https:\/\/www.youtube.com\/channel\/UCw5foWtcJvAbUm64rv7jwUQ\" rel=\"nofollow noopener\">YouTube<\/a>  profil\u0101 \u2013 pievienojies, lai uzzin\u0101tu svar\u012bg\u0101ko un interesant\u0101ko pirmais!<\/p>\n<p>Publik\u0101cijas saturs vai t\u0101s jebk\u0101da apjoma da\u013ca ir aizsarg\u0101ts autorties\u012bbu objekts Autorties\u012bbu likuma izpratn\u0113, un t\u0101 izmanto\u0161ana bez izdev\u0113ja at\u013caujas ir aizliegta. Vair\u0101k lasi  <a target=\"_blank\" href=\"https:\/\/www.delfi.lv\/noteikumi#autortiesibas\" rel=\"nofollow noopener\">\u0161eit<\/a><script async src=\"\/\/www.instagram.com\/embed.js\"><\/script><\/p>\n","protected":false},"excerpt":{"rendered":"\u0160aj\u0101 ned\u0113\u013cas nogal\u0113 ASV ir paredz\u0113tas vair\u0101k nek\u0101 1000 demonstr\u0101cijas, kur\u0101s Imigr\u0101cijas dienestam (ICE) tiek pras\u012bts pamest viet\u0113j\u0101s&hellip;\n","protected":false},"author":2,"featured_media":100522,"comment_status":"","ping_status":"","sticky":false,"template":"","format":"standard","meta":{"footnotes":""},"categories":[14],"tags":[23,57,292,28,29,24501,32,33,22,30,31,35,39,38,36,37,34,40,20,26,27,4204,24,25,54,55,56,21,58],"class_list":{"0":"post-100521","1":"post","2":"type-post","3":"status-publish","4":"format-standard","5":"has-post-thumbnail","7":"category-zinas-no-arvalstim","8":"tag-aktualitates","9":"tag-arvalstim","10":"tag-asv","11":"tag-breaking-news","12":"tag-breakingnews","13":"tag-cnn","14":"tag-featured-news","15":"tag-featurednews","16":"tag-headlines","17":"tag-latest-news","18":"tag-latestnews","19":"tag-latvia","20":"tag-latvian","21":"tag-latviesu","22":"tag-latviesu-valoda","23":"tag-latviesuvaloda","24":"tag-latvija","25":"tag-lv","26":"tag-news","27":"tag-popularakas-zinas","28":"tag-popularakaszinas","29":"tag-protesti","30":"tag-top-stories","31":"tag-topstories","32":"tag-world","33":"tag-world-news","34":"tag-worldnews","35":"tag-zinas","36":"tag-zinas-no-arvalstim"},"share_on_mastodon":{"url":"https:\/\/pubeurope.com\/@lv\/115872969681769271","error":""},"_links":{"self":[{"href":"https:\/\/www.europesays.com\/lv\/wp-json\/wp\/v2\/posts\/100521","targetHints":{"allow":["GET"]}}],"collection":[{"href":"https:\/\/www.europesays.com\/lv\/wp-json\/wp\/v2\/posts"}],"about":[{"href":"https:\/\/www.europesays.com\/lv\/wp-json\/wp\/v2\/types\/post"}],"author":[{"embeddable":true,"href":"https:\/\/www.europesays.com\/lv\/wp-json\/wp\/v2\/users\/2"}],"replies":[{"embeddable":true,"href":"https:\/\/www.europesays.com\/lv\/wp-json\/wp\/v2\/comments?post=100521"}],"version-history":[{"count":0,"href":"https:\/\/www.europesays.com\/lv\/wp-json\/wp\/v2\/posts\/100521\/revisions"}],"wp:featuredmedia":[{"embeddable":true,"href":"https:\/\/www.europesays.com\/lv\/wp-json\/wp\/v2\/media\/100522"}],"wp:attachment":[{"href":"https:\/\/www.europesays.com\/lv\/wp-json\/wp\/v2\/media?parent=100521"}],"wp:term":[{"taxonomy":"category","embeddable":true,"href":"https:\/\/www.europesays.com\/lv\/wp-json\/wp\/v2\/categories?post=100521"},{"taxonomy":"post_tag","embeddable":true,"href":"https:\/\/www.europesays.com\/lv\/wp-json\/wp\/v2\/tags?post=100521"}],"curies":[{"name":"wp","href":"https:\/\/api.w.org\/{rel}","templated":true}]}}