{"id":100543,"date":"2026-01-10T22:18:14","date_gmt":"2026-01-10T22:18:14","guid":{"rendered":"https:\/\/www.europesays.com\/lv\/100543\/"},"modified":"2026-01-10T22:18:14","modified_gmt":"2026-01-10T22:18:14","slug":"micels-gatrijs-uzvar-rallijreida-dakara-tresaja-posma-un-parnem-vadibu-kopvertejuma-lente-lv","status":"publish","type":"post","link":"https:\/\/www.europesays.com\/lv\/100543\/","title":{"rendered":"Mi\u010dels Gatrijs uzvar rallijreida Dakara tre\u0161aj\u0101 posm\u0101 un p\u0101r\u0146em vad\u012bbu kopv\u0113rt\u0113jum\u0101\u00a0\u2014\u00a0Lente.lv"},"content":{"rendered":"<p>Gatrijs uzvar tre\u0161aj\u0101 posm\u0101 un k\u013c\u016bst par kopv\u0113rt\u0113juma l\u012bderi<\/p>\n<p>Amerik\u0101\u0146u autosportists Mi\u010dels Gatrijs otrdien izc\u012bn\u012bjis uzvaru rallijreida &#8220;Dakara&#8221; vieglo automa\u0161\u012bnu klases tre\u0161aj\u0101 posm\u0101, t\u0101d\u0113j\u0101di p\u0101r\u0146emot ar\u012b kopv\u0113rt\u0113juma l\u012bderpoz\u012bciju. K\u0101 zi\u0146o av\u012bze Diena, \u0161\u012b ir Gatrija otr\u0101 uzvara \u0161\u012bgada sacens\u012bb\u0101s, apliecinot vi\u0146a stabilo sniegumu un konkur\u0113tsp\u0113ju presti\u017eaj\u0101 iztur\u012bbas braucien\u0101.<\/p>\n<p>421 kilometru garais posms izr\u0101d\u012bj\u0101s izaicino\u0161s, un starpfini\u0161\u0101, p\u0113c 167 kilometru veik\u0161anas, Gatrijs nebija starp l\u012bderiem. Tom\u0113r, demonstr\u0113jot lielisku sniegumu un strat\u0113\u0123isku pieeju, vi\u0146\u0161 sp\u0113ja atg\u016bties un fini\u0161\u0113t pirmais. Vi\u0146\u0161 par divarpus min\u016bt\u0113m apsteidza \u010dehu pilotu Martinu Prokopu.<\/p>\n<p>Kopv\u0113rt\u0113juma izmai\u0146as un c\u012b\u0146a par titulu<\/p>\n<p>P\u0113c tre\u0161\u0101 posma rezult\u0101tiem Mi\u010dels Gatrijs ir ieguvis 26 sekun\u017eu p\u0101rsvaru p\u0101r tuv\u0101ko sekot\u0101ju kopv\u0113rt\u0113jum\u0101, M\u0101rtinu Prokopu. Tas iev\u0113rojami main\u012bjis kopv\u0113rt\u0113juma dinamiku, jo iepriek\u0161\u0113jais l\u012bderis, pieck\u0101rt\u0113jais &#8220;Dakaras&#8221; uzvar\u0113t\u0101js Nasers Al-Atija no Kataras, nosl\u012bd\u0113jis uz desmito vietu. \u0160\u012b sezona izce\u013cas ar vair\u0101ku sp\u0113c\u012bgu sportistu piedal\u012b\u0161anos, un c\u012b\u0146a par uzvaru tiek prognoz\u0113ta k\u0101 \u012bpa\u0161i spraiga.<\/p>\n<p>Interesanti, ka ceturtaj\u0101 posm\u0101 uzvaru svin\u0113ja tie\u0161i Gatrijs, g\u016bstot otro pan\u0101kumu p\u0113c k\u0101rtas, t\u0101d\u0113j\u0101di v\u0113l vair\u0101k nostiprinot savu poz\u012bciju kopv\u0113rt\u0113jum\u0101. Vi\u0146a komandas biedrs sp\u0101nis Nani Roma s\u0101kotn\u0113ji bija \u0101tr\u0101ks ceturtaj\u0101 posm\u0101, ta\u010du sa\u0146\u0113ma laika sodu par \u0101truma p\u0101rsnieg\u0161anu p\u0101rbraucien\u0101, ie\u0146emot otro vietu. Tre\u0161ais posm\u0101 ierindoj\u0101s \u010dehu pilots Martins Prokops.<\/p>\n<p>Par &#8220;Dakaras&#8221; ralliju un t\u0101 v\u0113sturi<\/p>\n<p>Rallijreids &#8220;Dakara&#8221; norisin\u0101s jau 48. reizi. \u0160\u012b gada sacens\u012bbas 2026. gad\u0101 s\u0101ksies un nosl\u0113gsies Janb\u016b pils\u0113t\u0101 pie Sarkan\u0101s j\u016bras, aptverot nepilnus 8000 kilometrus, no kuriem aptuveni 4900 kilometru b\u016bs \u0101trumposmi. Sevi\u0161\u0137i izaicino\u0161i b\u016bs maratonposmi, kuru laik\u0101 brauc\u0113jiem n\u0101ksies iztikt bez \u0101r\u0113jas tehnisk\u0101s pal\u012bdz\u012bbas un nak\u0161\u0146ot atkl\u0101t\u0101 bivok\u0101. V\u0113sturiski &#8220;Dakaras&#8221; rallijs no 1979. l\u012bdz 2007. gadam notika \u0100frik\u0101. 2008. gad\u0101 dro\u0161\u012bbas apsv\u0113rumu d\u0113\u013c tas tika atcelts, bet jau n\u0101kamaj\u0101 gad\u0101 tas p\u0101rc\u0113l\u0101s uz Dienvidameriku.<\/p>\n<p>Latvijas sportistu sniegums<\/p>\n<p>Latvijas autosportistu ekip\u0101\u017ea, kuras pilots ir J\u0101nis \u0100zis, diem\u017e\u0113l ir izst\u0101jusies no &#8220;Dakaras&#8221; rallija. Vi\u0146u &#8220;OSCar&#8221; sporta ma\u0161\u012bna cieta, uzbraucot akmenim ceturtaj\u0101 posm\u0101, un, neskatoties uz centieniem salabot, ekip\u0101\u017ea nesp\u0113ja turpin\u0101t sacens\u012bbas. Savuk\u0101rt Andris Dambis un M\u0101ris Sauk\u0101ns ar jauno mode\u013ca &#8220;OSCar&#8221; automa\u0161\u012bnu turpina sacens\u012bbas un ir sasniegu\u0161i savu l\u012bdz \u0161im lab\u0101ko rezult\u0101tu, pak\u0101pjoties uz 30. vietu kopv\u0113rt\u0113jum\u0101.<\/p>\n<p>Cit\u0101s klas\u0113s<\/p>\n<p>Motociklu klas\u0113 ceturtaj\u0101 posm\u0101 uzvaru izc\u012bn\u012bja argent\u012bnietis Lusjano Benavidess, neskatoties uz kritienu. Kopv\u0113rt\u0113jum\u0101 par l\u012bderi motociklu ieskait\u0113 k\u013cuvis Daniels Sanderss. Ceturtaj\u0101 posm\u0101 automa\u0161\u012bnu ieskait\u0113 par l\u012bderi k\u013cuvis ar\u012b Dienvid\u0101frikas autosportists Henks Lategans, kur\u0161 apsteidz Naseru Al-Atiju.<\/p>\n","protected":false},"excerpt":{"rendered":"Gatrijs uzvar tre\u0161aj\u0101 posm\u0101 un k\u013c\u016bst par kopv\u0113rt\u0113juma l\u012bderi Amerik\u0101\u0146u autosportists Mi\u010dels Gatrijs otrdien izc\u012bn\u012bjis uzvaru rallijreida &#8220;Dakara&#8221;&hellip;\n","protected":false},"author":2,"featured_media":100544,"comment_status":"","ping_status":"","sticky":false,"template":"","format":"standard","meta":{"footnotes":""},"categories":[17],"tags":[24506,24507,35,39,38,36,37,34,40,24247,16719,281,67],"class_list":{"0":"post-100543","1":"post","2":"type-post","3":"status-publish","4":"format-standard","5":"has-post-thumbnail","7":"category-sports","8":"tag-dakara-rallijs","9":"tag-kopvertejums","10":"tag-latvia","11":"tag-latvian","12":"tag-latviesu","13":"tag-latviesu-valoda","14":"tag-latviesuvaloda","15":"tag-latvija","16":"tag-lv","17":"tag-micels-gatrijs","18":"tag-motorsports","19":"tag-rallijs","20":"tag-sports"},"share_on_mastodon":{"url":"https:\/\/pubeurope.com\/@lv\/115873127009017566","error":""},"_links":{"self":[{"href":"https:\/\/www.europesays.com\/lv\/wp-json\/wp\/v2\/posts\/100543","targetHints":{"allow":["GET"]}}],"collection":[{"href":"https:\/\/www.europesays.com\/lv\/wp-json\/wp\/v2\/posts"}],"about":[{"href":"https:\/\/www.europesays.com\/lv\/wp-json\/wp\/v2\/types\/post"}],"author":[{"embeddable":true,"href":"https:\/\/www.europesays.com\/lv\/wp-json\/wp\/v2\/users\/2"}],"replies":[{"embeddable":true,"href":"https:\/\/www.europesays.com\/lv\/wp-json\/wp\/v2\/comments?post=100543"}],"version-history":[{"count":0,"href":"https:\/\/www.europesays.com\/lv\/wp-json\/wp\/v2\/posts\/100543\/revisions"}],"wp:featuredmedia":[{"embeddable":true,"href":"https:\/\/www.europesays.com\/lv\/wp-json\/wp\/v2\/media\/100544"}],"wp:attachment":[{"href":"https:\/\/www.europesays.com\/lv\/wp-json\/wp\/v2\/media?parent=100543"}],"wp:term":[{"taxonomy":"category","embeddable":true,"href":"https:\/\/www.europesays.com\/lv\/wp-json\/wp\/v2\/categories?post=100543"},{"taxonomy":"post_tag","embeddable":true,"href":"https:\/\/www.europesays.com\/lv\/wp-json\/wp\/v2\/tags?post=100543"}],"curies":[{"name":"wp","href":"https:\/\/api.w.org\/{rel}","templated":true}]}}