{"id":100555,"date":"2026-01-10T23:46:11","date_gmt":"2026-01-10T23:46:11","guid":{"rendered":"https:\/\/www.europesays.com\/lv\/100555\/"},"modified":"2026-01-10T23:46:11","modified_gmt":"2026-01-10T23:46:11","slug":"zagli-no-veza-arstesanas-aparata-izurke-mirdzosu-kapsulu-un-aiznes-to-berniem-rotalaties-rezultata-katastrofa","status":"publish","type":"post","link":"https:\/\/www.europesays.com\/lv\/100555\/","title":{"rendered":"Zag\u013ci no v\u0113\u017ea \u0101rst\u0113\u0161anas apar\u0101ta izur\u0137\u0113 mirdzo\u0161u kapsulu un aiznes to b\u0113rniem rota\u013c\u0101ties. Rezult\u0101t\u0101 \u2013 katastrofa"},"content":{"rendered":"<p>K\u0101 jau daudzas tra\u0123\u0113dijas, ar\u012b \u0161\u012b s\u0101k\u0101s k\u0101d\u0101 pamest\u0101 \u0113k\u0101. 1987. gada septembr\u012b Braz\u012blijas pils\u0113t\u0101 Gojanij\u0101 divi kr\u0101sain\u0101 met\u0101la v\u0101c\u0113ji atrada aizmirstu modern\u0101s medic\u012bnas reliktu \u2013 radioterapijas apar\u0101tu, kas tur bija palicis p\u0113c v\u0113\u017ea kl\u012bnikas p\u0101rcel\u0161an\u0101s. Vi\u0146i gan nezin\u0101ja, ka apar\u0101t\u0101 kr\u0101sain\u0101 met\u0101la iesk\u0101vum\u0101 atrad\u0101s maza sudrabaina kapsula ar c\u0113ziju-137. Zin\u0101ms, ka tas ir viens no b\u012bstam\u0101kajiem radioakt\u012bvajiem izotopiem, k\u0101ds paz\u012bstams zin\u0101tnei.<\/p>\n","protected":false},"excerpt":{"rendered":"K\u0101 jau daudzas tra\u0123\u0113dijas, ar\u012b \u0161\u012b s\u0101k\u0101s k\u0101d\u0101 pamest\u0101 \u0113k\u0101. 1987. gada septembr\u012b Braz\u012blijas pils\u0113t\u0101 Gojanij\u0101 divi kr\u0101sain\u0101&hellip;\n","protected":false},"author":2,"featured_media":100556,"comment_status":"","ping_status":"","sticky":false,"template":"","format":"standard","meta":{"footnotes":""},"categories":[5],"tags":[23,1408,28,29,32,33,22,5777,30,31,35,39,38,36,37,34,40,296,20,26,27,24509,24,25,2425,297,293,21,61],"class_list":{"0":"post-100555","1":"post","2":"type-post","3":"status-publish","4":"format-standard","5":"has-post-thumbnail","7":"category-aktualitates","8":"tag-aktualitates","9":"tag-brazilija","10":"tag-breaking-news","11":"tag-breakingnews","12":"tag-featured-news","13":"tag-featurednews","14":"tag-headlines","15":"tag-katastrofa","16":"tag-latest-news","17":"tag-latestnews","18":"tag-latvia","19":"tag-latvian","20":"tag-latviesu","21":"tag-latviesu-valoda","22":"tag-latviesuvaloda","23":"tag-latvija","24":"tag-lv","25":"tag-nave","26":"tag-news","27":"tag-popularakas-zinas","28":"tag-popularakaszinas","29":"tag-radiacija","30":"tag-top-stories","31":"tag-topstories","32":"tag-tragedija","33":"tag-tvnet-planeta","34":"tag-vesture","35":"tag-zinas","36":"tag-zinatne"},"share_on_mastodon":{"url":"https:\/\/pubeurope.com\/@lv\/115873473001122471","error":""},"_links":{"self":[{"href":"https:\/\/www.europesays.com\/lv\/wp-json\/wp\/v2\/posts\/100555","targetHints":{"allow":["GET"]}}],"collection":[{"href":"https:\/\/www.europesays.com\/lv\/wp-json\/wp\/v2\/posts"}],"about":[{"href":"https:\/\/www.europesays.com\/lv\/wp-json\/wp\/v2\/types\/post"}],"author":[{"embeddable":true,"href":"https:\/\/www.europesays.com\/lv\/wp-json\/wp\/v2\/users\/2"}],"replies":[{"embeddable":true,"href":"https:\/\/www.europesays.com\/lv\/wp-json\/wp\/v2\/comments?post=100555"}],"version-history":[{"count":0,"href":"https:\/\/www.europesays.com\/lv\/wp-json\/wp\/v2\/posts\/100555\/revisions"}],"wp:featuredmedia":[{"embeddable":true,"href":"https:\/\/www.europesays.com\/lv\/wp-json\/wp\/v2\/media\/100556"}],"wp:attachment":[{"href":"https:\/\/www.europesays.com\/lv\/wp-json\/wp\/v2\/media?parent=100555"}],"wp:term":[{"taxonomy":"category","embeddable":true,"href":"https:\/\/www.europesays.com\/lv\/wp-json\/wp\/v2\/categories?post=100555"},{"taxonomy":"post_tag","embeddable":true,"href":"https:\/\/www.europesays.com\/lv\/wp-json\/wp\/v2\/tags?post=100555"}],"curies":[{"name":"wp","href":"https:\/\/api.w.org\/{rel}","templated":true}]}}