{"id":100582,"date":"2026-01-11T01:23:26","date_gmt":"2026-01-11T01:23:26","guid":{"rendered":"https:\/\/www.europesays.com\/lv\/100582\/"},"modified":"2026-01-11T01:23:26","modified_gmt":"2026-01-11T01:23:26","slug":"atvadisanas-no-legendara-komponista-borisa-reznika-riga-notiek-pedeja-gaita-lente-lv","status":"publish","type":"post","link":"https:\/\/www.europesays.com\/lv\/100582\/","title":{"rendered":"Atvad\u012b\u0161an\u0101s no le\u0123end\u0101r\u0101 komponista Borisa Rez\u0146ika: R\u012bg\u0101 notiek p\u0113d\u0113j\u0101 gait\u0101\u00a0\u2014\u00a0Lente.lv"},"content":{"rendered":"<p>Komponists Boriss Rez\u0146iks pavada p\u0113d\u0113j\u0101 gait\u0101<\/p>\n<p>Ceturtdien, 8. janv\u0101r\u012b, R\u012bgas krematorijas Lielaj\u0101 z\u0101l\u0113 notika atvad\u012b\u0161an\u0101s no talant\u012bg\u0101 komponista Borisa Rez\u0146ika, kur\u0161 p\u0113c ilgsto\u0161as slim\u012bbas m\u016b\u017e\u012bb\u0101 aizg\u0101ja 2025. gada 31. decembr\u012b, 78 gadu vecum\u0101 . Rez\u0146iks bija paz\u012bstams k\u0101 daudzu popul\u0101ru dziesmu, tostarp grupas &#8220;Eolika&#8221; h\u012btu autors, k\u0101 ar\u012b ska\u0146u ierakstu studijas &#8220;Studio 55&#8221; l\u012bdz\u012bpa\u0161nieks .<\/p>\n<p>Iev\u0113rojamais muzik\u0101l\u0101s karjeras mantojums<\/p>\n<p>Boriss Rez\u0146iks, dzimis 1947. gada 3. maij\u0101 R\u012bg\u0101, savu muzik\u0101lo ce\u013cu aizs\u0101ka jau b\u0113rn\u012bb\u0101, m\u0101coties Em\u012bla D\u0101rzi\u0146a m\u016bzikas vidusskol\u0101, bet v\u0113l\u0101k J\u0101zepa V\u012btola Latvijas Valsts konservatorij\u0101, kuru absolv\u0113ja 1970. gad\u0101 k\u0101 kordiri\u0123ents . Vi\u0146a v\u0101rds ir nesaraujami saist\u012bts ar le\u0123end\u0101ro latvie\u0161u popgrupu &#8220;Eolika&#8221;, ko vi\u0146\u0161 dibin\u0101ja 1966. gad\u0101 kop\u0101 ar citiem skolas biedriem, s\u0101kotn\u0113ji ar nosaukumu &#8220;Varav\u012bksne&#8221; . No 1972. l\u012bdz 1992. gadam Rez\u0146iks vad\u012bja &#8220;Eoliku&#8221;, k\u013c\u016bstot par t\u0101s galveno rado\u0161o sp\u0113ku un tausti\u0146instrument\u0101listu .<\/p>\n<p>Rez\u0146iks ir vair\u0101k nek\u0101 100 dziesmu autors, kas k\u013cuvu\u0161as par neat\u0146emamu Latvijas estr\u0101des m\u016bzikas zelta fondu . Starp vi\u0146a zin\u0101m\u0101kajiem ska\u0146darbiem ir t\u0101di hiti k\u0101 &#8220;Pasaule, pasaul\u012bt&#8221;, &#8220;Tu sm\u0113jies sapn\u012b&#8221;, &#8220;Tava atn\u0101k\u0161ana&#8221;, &#8220;Es neesmu D\u017eeina Fonda&#8221;, &#8220;Karav\u0101na&#8221; un patriotisk\u0101 dziesma &#8220;Atmostas Baltija&#8221;, ko vi\u0146\u0161 sarakst\u012bjis kop\u0101 ar Valdi Pavlovski . &#8220;Atmostas Baltija&#8221; ir \u012bpa\u0161i noz\u012bm\u012bga k\u0101 viena no Atmodas laika simboliskaj\u0101m dziesm\u0101m .<\/p>\n<p>Sadarb\u012bba un rado\u0161\u0101 studija<\/p>\n<p>1993. gad\u0101 Boriss Rez\u0146iks kop\u0101 ar komponistu Ivaru V\u012bgneru izveidoja ska\u0146u ierakstu studiju &#8220;Studio 55&#8221; . \u0160\u012b studija k\u013cuva par noz\u012bm\u012bgu vietu vi\u0146a turpm\u0101kaj\u0101 rado\u0161aj\u0101 darb\u012bb\u0101, kur vi\u0146\u0161 darboj\u0101s k\u0101 \u012bpa\u0161nieks, komponists, producents, aran\u017e\u0113t\u0101js un ska\u0146u re\u017eisors . Studij\u0101 tika rad\u012bta m\u016bzika rekl\u0101m\u0101m, film\u0101m, te\u0101tra izr\u0101d\u0113m, k\u0101 ar\u012b aran\u017e\u0113jumi da\u017e\u0101du \u017eanru m\u016bzikai .<\/p>\n<p>Atvad\u012b\u0161an\u0101s ceremonija R\u012bg\u0101<\/p>\n<p>Atvad\u012bties no le\u0123end\u0101r\u0101 komponista R\u012bgas krematorij\u0101 ceturtdien ierad\u0101s vair\u0101k nek\u0101 simts cilv\u0113ku, tostarp visi grupas &#8220;Eolika&#8221; dal\u012bbnieki \u2013 Olga Rajecka, Ilona Stepanova, Viktors Zemgals un Dainis Dobelnieks . Kl\u0101teso\u0161o vid\u016b bija ar\u012b citi m\u016bzi\u0137i, ar kuriem Rez\u0146iks sadarbojies, komponisti Zigmars Liepi\u0146\u0161, Uldis Marhilevi\u010ds un citi rado\u0161o profesiju p\u0101rst\u0101vji .<\/p>\n<p>Borisa Rez\u0146ika sieva Aleksandra Solovjova 1. janv\u0101r\u012b soci\u0101lajos t\u012bklos pazi\u0146oja par v\u012bra aizie\u0161anu m\u016b\u017e\u012bb\u0101, atkl\u0101jot, ka vi\u0146\u0161 miris p\u0113c ilgsto\u0161as un smagas slim\u012bbas . P\u0113d\u0113jo dz\u012bves m\u0113nesi komponists pavad\u012bjis slimn\u012bc\u0101, tostarp Onkolo\u0123ijas centr\u0101 un Bi\u0137ernieku paliat\u012bv\u0101s apr\u016bpes noda\u013c\u0101 .<\/p>\n<p>Atzin\u012bba un godin\u0101jums<\/p>\n<p>Borisa Rez\u0146ika devums Latvijas m\u016bzik\u0101 ir pla\u0161i atz\u012bts . Vi\u0146\u0161 sa\u0146\u0113mis Latvijas M\u016bzikas ierakstu gada balvu 1997. gad\u0101 un IV \u0161\u0137iras Triju Zvaig\u017e\u0146u ordeni 2010. gad\u0101 . 2021. gad\u0101 vi\u0146\u0161 sa\u0146\u0113mis Cildin\u0101juma rakstu no Valsts prezidenta Egila Levita . Komponista darbs ir atst\u0101jis palieko\u0161u v\u0113rt\u012bbu Latvijas kult\u016bras mantojum\u0101 .<\/p>\n","protected":false},"excerpt":{"rendered":"Komponists Boriss Rez\u0146iks pavada p\u0113d\u0113j\u0101 gait\u0101 Ceturtdien, 8. janv\u0101r\u012b, R\u012bgas krematorijas Lielaj\u0101 z\u0101l\u0113 notika atvad\u012b\u0161an\u0101s no talant\u012bg\u0101 komponista&hellip;\n","protected":false},"author":2,"featured_media":100583,"comment_status":"","ping_status":"","sticky":false,"template":"","format":"standard","meta":{"footnotes":""},"categories":[19],"tags":[14062,23832,89,8480,90,2752,35,39,38,194,36,37,34,40],"class_list":{"0":"post-100582","1":"post","2":"type-post","3":"status-publish","4":"format-standard","5":"has-post-thumbnail","7":"category-izklaide","8":"tag-atvadisanas","9":"tag-boriss-rezniks","10":"tag-entertainment","11":"tag-eolika","12":"tag-izklaide","13":"tag-komponists","14":"tag-latvia","15":"tag-latvian","16":"tag-latviesu","17":"tag-latviesu-muzika","18":"tag-latviesu-valoda","19":"tag-latviesuvaloda","20":"tag-latvija","21":"tag-lv"},"share_on_mastodon":{"url":"https:\/\/pubeurope.com\/@lv\/115873854459880317","error":""},"_links":{"self":[{"href":"https:\/\/www.europesays.com\/lv\/wp-json\/wp\/v2\/posts\/100582","targetHints":{"allow":["GET"]}}],"collection":[{"href":"https:\/\/www.europesays.com\/lv\/wp-json\/wp\/v2\/posts"}],"about":[{"href":"https:\/\/www.europesays.com\/lv\/wp-json\/wp\/v2\/types\/post"}],"author":[{"embeddable":true,"href":"https:\/\/www.europesays.com\/lv\/wp-json\/wp\/v2\/users\/2"}],"replies":[{"embeddable":true,"href":"https:\/\/www.europesays.com\/lv\/wp-json\/wp\/v2\/comments?post=100582"}],"version-history":[{"count":0,"href":"https:\/\/www.europesays.com\/lv\/wp-json\/wp\/v2\/posts\/100582\/revisions"}],"wp:featuredmedia":[{"embeddable":true,"href":"https:\/\/www.europesays.com\/lv\/wp-json\/wp\/v2\/media\/100583"}],"wp:attachment":[{"href":"https:\/\/www.europesays.com\/lv\/wp-json\/wp\/v2\/media?parent=100582"}],"wp:term":[{"taxonomy":"category","embeddable":true,"href":"https:\/\/www.europesays.com\/lv\/wp-json\/wp\/v2\/categories?post=100582"},{"taxonomy":"post_tag","embeddable":true,"href":"https:\/\/www.europesays.com\/lv\/wp-json\/wp\/v2\/tags?post=100582"}],"curies":[{"name":"wp","href":"https:\/\/api.w.org\/{rel}","templated":true}]}}