{"id":100612,"date":"2026-01-11T02:17:08","date_gmt":"2026-01-11T02:17:08","guid":{"rendered":"https:\/\/www.europesays.com\/lv\/100612\/"},"modified":"2026-01-11T02:17:08","modified_gmt":"2026-01-11T02:17:08","slug":"svetdien-sniega-segas-biezums-vietam-latvija-pieaugs-lidz-septiniem-centimetriem-1188-lv","status":"publish","type":"post","link":"https:\/\/www.europesays.com\/lv\/100612\/","title":{"rendered":"Sv\u0113tdien sniega segas biezums viet\u0101m Latvij\u0101 pieaugs l\u012bdz septi\u0146iem centimetriem &#8211; 1188.lv"},"content":{"rendered":"<ol>\n<li><a href=\"https:\/\/news.google.com\/rss\/articles\/CBMisgFBVV95cUxNVVZ4cHVwdmF3SEZCTlFoSGRyOUZUR1NiaUZjb2RlZExUM3NPNHlEWUgxV0RWR3FWQ0lDdTZhaHZubVVjeTVxWThaZVhqTlAzWkNzbm9qWGZ1U1M5YlNFWWYzaHkxR0ttUGhRSDVCOEhkTHdxRm93Ni1qVUN3S0hiWUFEbmY2alJ4TmtxWmNlU2w2NFREdVlPc1pGLWVOaGdQUzdyMU1sZTJmWEhMb3lhby1R?oc=5\" target=\"_blank\" rel=\"nofollow noopener\">Sv\u0113tdien sniega segas biezums viet\u0101m Latvij\u0101 pieaugs l\u012bdz septi\u0146iem centimetriem<\/a>&nbsp;&nbsp;1188.lv<\/li>\n<li><a href=\"https:\/\/news.google.com\/rss\/articles\/CBMi3AFBVV95cUxOMnJMMFRGcmRoQ3p6XzJkRDZLMzcwTV9PM1dKSzA2MElrTWotOTYtQWRDQlZFZkxOZlBIVHRHc215Vkd5b3kybk1GR3pwQzRLeUFIWVc1dFdvVnQza0UtSEtPRktDZ0Flb1V1Qm9YaUNfaWYzX2pOdnJMcG9lQmR6T3UtQnlSbUd1SHFaVkpWRzBseU8yMmpzRW0wUEliekx5Z1hZZ3NnaGhRV2dKQ05QOVhfQU03cEFsVE5LQ1d4MFZQRVJ0SlNhSXBkZ1pSQjB6QlIycWFYTDNPYWpX?oc=5\" target=\"_blank\" rel=\"nofollow noopener\">Viet\u0101m sp\u0113c\u012bgs sniegputenis, stiprs sals. K\u0101du laiku tuv\u0101kaj\u0101s dien\u0101s prognoz\u0113 sinopti\u0137i<\/a>&nbsp;&nbsp;Delfi<\/li>\n<li><a href=\"https:\/\/news.google.com\/rss\/articles\/CBMinAFBVV95cUxPSE55R2duYzhRSjh1MEhWTjR6UWVNYXVaVDZCeVA5TlU4QmFDSmNieHJqb0lzdzdtMlBybGJ4ZnZBTTZHa01Wdm4xRTdUb24zb3NCSmdYRGdEZEV0YW85TmJ0QURjd01mdk0zQTFqRWFpZVJCUFV1Z0JDcTBsRmY4eVdOQkd1WHBCVDJGZ2FmbkJwSVd4NHdYUlY2WDg?oc=5\" target=\"_blank\" rel=\"nofollow noopener\">Snigs un putin\u0101s ar\u012b sv\u0113tdien; sniega segas biezums viet\u0101m pieaugs par 7 cm<\/a>&nbsp;&nbsp;NRA<\/li>\n<li><a href=\"https:\/\/news.google.com\/rss\/articles\/CBMiqwFBVV95cUxPdk9ySkpSUHVSQy00Z0t0Yl9LNDRWUFVFSEJ5UUlzQ2tVQXVvVXQxeFNSY3BCV25EY2RSajBpd2pHdV94S2lmWGtQTUNHM2RwVFEtMXVOSDRrdGY1M1RDNVVoeW1yb3NhaFhVRkRqYkVWYVp6YzBtR0hVVUFManlQOFNKdGJrUkx5OEJnY3Qxa091LUFzczI4dzZieXpjRkRoQl9pVFF4bERmVVk?oc=5\" target=\"_blank\" rel=\"nofollow noopener\">Sv\u0113tdien daudzviet Latvij\u0101 turpin\u0101sies snig\u0161ana \/ Raksts<\/a>&nbsp;&nbsp;LSM<\/li>\n<li><a href=\"https:\/\/news.google.com\/rss\/articles\/CBMif0FVX3lxTE0tTk8yWGdxbEpwaGstNzNRQlczd3dYT3EyMlFUaHJQbXhYT0dYZlVBMGdLdHEwbWk2WkczM1BnNTd4aVhvYVN5RmFFVC1JX1BtSlAtT3lqSUV6Q0FfZkdpYkpxZXFKVkNqVER0NUZWdXIxMGEwbVRCcWY0ZFl6VDg?oc=5\" target=\"_blank\" rel=\"nofollow noopener\">Sestdien daudzviet Latvij\u0101 gaid\u0101ms sniegs<\/a>&nbsp;&nbsp;TVNET &#8211; Laika zi\u0146as<\/li>\n<\/ol>\n","protected":false},"excerpt":{"rendered":"Sv\u0113tdien sniega segas biezums viet\u0101m Latvij\u0101 pieaugs l\u012bdz septi\u0146iem centimetriem&nbsp;&nbsp;1188.lv Viet\u0101m sp\u0113c\u012bgs sniegputenis, stiprs sals. K\u0101du laiku tuv\u0101kaj\u0101s&hellip;\n","protected":false},"author":2,"featured_media":100613,"comment_status":"","ping_status":"","sticky":false,"template":"","format":"standard","meta":{"footnotes":""},"categories":[12],"tags":[129,1395,3333,23,28,29,32,33,22,30,31,35,39,38,36,37,34,40,20,26,27,3334,1396,3335,1397,24,25,21],"class_list":{"0":"post-100612","1":"post","2":"type-post","3":"status-publish","4":"format-standard","5":"has-post-thumbnail","7":"category-latvija","8":"tag-__typenameadvicekeyword","9":"tag-id408","10":"tag-id563","11":"tag-aktualitates","12":"tag-breaking-news","13":"tag-breakingnews","14":"tag-featured-news","15":"tag-featurednews","16":"tag-headlines","17":"tag-latest-news","18":"tag-latestnews","19":"tag-latvia","20":"tag-latvian","21":"tag-latviesu","22":"tag-latviesu-valoda","23":"tag-latviesuvaloda","24":"tag-latvija","25":"tag-lv","26":"tag-news","27":"tag-popularakas-zinas","28":"tag-popularakaszinas","29":"tag-sluglaika-zina","30":"tag-sluglaikapstakli","31":"tag-titlelaika-zina","32":"tag-titlelaikapstakli","33":"tag-top-stories","34":"tag-topstories","35":"tag-zinas"},"share_on_mastodon":{"url":"https:\/\/pubeurope.com\/@lv\/115874066737455940","error":""},"_links":{"self":[{"href":"https:\/\/www.europesays.com\/lv\/wp-json\/wp\/v2\/posts\/100612","targetHints":{"allow":["GET"]}}],"collection":[{"href":"https:\/\/www.europesays.com\/lv\/wp-json\/wp\/v2\/posts"}],"about":[{"href":"https:\/\/www.europesays.com\/lv\/wp-json\/wp\/v2\/types\/post"}],"author":[{"embeddable":true,"href":"https:\/\/www.europesays.com\/lv\/wp-json\/wp\/v2\/users\/2"}],"replies":[{"embeddable":true,"href":"https:\/\/www.europesays.com\/lv\/wp-json\/wp\/v2\/comments?post=100612"}],"version-history":[{"count":0,"href":"https:\/\/www.europesays.com\/lv\/wp-json\/wp\/v2\/posts\/100612\/revisions"}],"wp:featuredmedia":[{"embeddable":true,"href":"https:\/\/www.europesays.com\/lv\/wp-json\/wp\/v2\/media\/100613"}],"wp:attachment":[{"href":"https:\/\/www.europesays.com\/lv\/wp-json\/wp\/v2\/media?parent=100612"}],"wp:term":[{"taxonomy":"category","embeddable":true,"href":"https:\/\/www.europesays.com\/lv\/wp-json\/wp\/v2\/categories?post=100612"},{"taxonomy":"post_tag","embeddable":true,"href":"https:\/\/www.europesays.com\/lv\/wp-json\/wp\/v2\/tags?post=100612"}],"curies":[{"name":"wp","href":"https:\/\/api.w.org\/{rel}","templated":true}]}}