{"id":100630,"date":"2026-01-11T02:53:18","date_gmt":"2026-01-11T02:53:18","guid":{"rendered":"https:\/\/www.europesays.com\/lv\/100630\/"},"modified":"2026-01-11T02:53:18","modified_gmt":"2026-01-11T02:53:18","slug":"ziemassvetku-brivdienas-kekavas-novada-apzagtas-privatmajas-1188-lv","status":"publish","type":"post","link":"https:\/\/www.europesays.com\/lv\/100630\/","title":{"rendered":"Ziemassv\u0113tku br\u012bvdien\u0101s \u0136ekavas novad\u0101 apzagtas priv\u0101tm\u0101jas &#8211; 1188.lv"},"content":{"rendered":"<ol>\n<li><a href=\"https:\/\/news.google.com\/rss\/articles\/CBMilgFBVV95cUxOOFhGWlFUNVFRV3pYSk43bjVLeWs2N3FZM0NBeUpDUTV2Wl9Md0N6YXJ5ZUNfTFBjVlFXVi13Vm15ZC00RWJHQ3E3N0gzLXZsd0FJOEhfenRwd0ViaXdkakNyRUZ1MEE1N2NENTl4X2o4UGlSSTBXT3ZrNUpwaGUzYjdnY090VUc5NTlQbWxDYTVLRTVDdUE?oc=5\" target=\"_blank\" rel=\"nofollow noopener\">Ziemassv\u0113tku br\u012bvdien\u0101s \u0136ekavas novad\u0101 apzagtas priv\u0101tm\u0101jas<\/a>&nbsp;&nbsp;1188.lv<\/li>\n<li><a href=\"https:\/\/news.google.com\/rss\/articles\/CBMiugFBVV95cUxNTW01ZFpMdl9lMjRqODVQZ3g4ckkwSE1yWmJaU19vNDdpZjJVVUJiTGNHRjVTejNnYVdjU3JPdTd0RURqYnZWelJqMUJ1aElDMVhpRVg3eG84anRCMWdCN2xSYmlkelNoNjdZbUZiRy1kY0VXcEV1b0FTb3NVVk16dlcwMGhXVUNUR1RFRGszMjI3UFhJUVZTeWlXSkUwdVN6Mkx6OUFWYl80ckJwVVpqZHRXWjNLVk43Smc?oc=5\" target=\"_blank\" rel=\"nofollow noopener\">Nesen no cietuma izn\u0101cis recid\u012bvists \u0136ekavas novad\u0101 apzadzis vair\u0101kas priv\u0101tm\u0101jas<\/a>&nbsp;&nbsp;Jauns.lv<\/li>\n<li><a href=\"https:\/\/news.google.com\/rss\/articles\/CBMipgFBVV95cUxNRnByMHFzdU9UNlc1NGUwNlVlUDZscElIQjdxQWNLUXA4RktsUTBFYVU1NUxDblVYSGVEc2hJRmNYQkI2ZFJTa3ZIeHZwckU0ZElGc05od0RlUUhGWkZTMndmNDlkdkxjeFhtMHczaUVYSmQ5Z3hKeEVXOC1DakRDc3BPWUxSMVVqQU1RSFpnZThxMTVjS0UyUDJDSWpONGNFYlptbU1n?oc=5\" target=\"_blank\" rel=\"nofollow noopener\">Policija \u0136ekavas novad\u0101 aiztur vair\u0101ku priv\u0101tm\u0101ju apzadz\u0113ju<\/a>&nbsp;&nbsp;Delfi<\/li>\n<li><a href=\"https:\/\/news.google.com\/rss\/articles\/CBMiqwFBVV95cUxNVmR0N2pNUUhhWG83eVExZFdMSVpVZ0dwX2xGV0FSZWRIVTROTWlkRzl1RHZMdjVUZ0d1SW1WSlR5TnY5eDhON0lhazJnM1B1Q3pnMlJKTVlPYXg3UnlTeEZyMkszX2piRnVpb1pOT0tIeEhXV21NWVh0TDFlZXdNZXY2ZmhpRDRWbkc1TnhJaHFiUGZucGJ4Z2RhZC1aOXF2NTY0VnY2NU1lNUE?oc=5\" target=\"_blank\" rel=\"nofollow noopener\">Jaunais gads k\u0101dam v\u012brietim s\u0101kas ar apcietin\u0101jumu par vair\u0101ku m\u0101ju apzag\u0161anu<\/a>&nbsp;&nbsp;Apollo.lv<\/li>\n<li><a href=\"https:\/\/news.google.com\/rss\/articles\/CBMizAFBVV95cUxPYlB5VmNReVBzVGRKRjJIY3BaaXFVbDF4cWpMZmxfcXF4WjNFOExmSHlsNnZ5ekc2cVZoS1RpbC1tOUVBTmZjSmJ2eFh2bXhzQjZUdGhOdVJsQjBxM0Jtd3lNbUR6TGRTM01VMEx4RDhoUXJ2N3NxVzBJQkJ6aE5aRU9hWGo0OUdFX1l3QWtheDFqLTNGQ0ctRVJmaE15V2pZcUtnWUpFemdSYUc5SmxpYTFyaHpWeDBPblZZU0s3dDlNdE5TNXB6cXYxdFE?oc=5\" target=\"_blank\" rel=\"nofollow noopener\">\u0136ekavas novad\u0101 aiztur\u0113ts nesen no cietuma izn\u0101cis rec\u012bdv\u012bsts par vair\u0101ku m\u0101ju apzag\u0161anu<\/a>&nbsp;&nbsp;Lente.lv<\/li>\n<\/ol>\n","protected":false},"excerpt":{"rendered":"Ziemassv\u0113tku br\u012bvdien\u0101s \u0136ekavas novad\u0101 apzagtas priv\u0101tm\u0101jas&nbsp;&nbsp;1188.lv Nesen no cietuma izn\u0101cis recid\u012bvists \u0136ekavas novad\u0101 apzadzis vair\u0101kas priv\u0101tm\u0101jas&nbsp;&nbsp;Jauns.lv Policija \u0136ekavas&hellip;\n","protected":false},"author":2,"featured_media":100631,"comment_status":"","ping_status":"","sticky":false,"template":"","format":"standard","meta":{"footnotes":""},"categories":[12],"tags":[129,9702,6129,1276,23,28,29,32,33,22,30,31,35,39,38,36,37,34,40,20,26,27,1277,9703,6130,1278,9704,6131,24,25,21],"class_list":{"0":"post-100630","1":"post","2":"type-post","3":"status-publish","4":"format-standard","5":"has-post-thumbnail","7":"category-latvija","8":"tag-__typenameadvicekeyword","9":"tag-id1078","10":"tag-id3","11":"tag-id561","12":"tag-aktualitates","13":"tag-breaking-news","14":"tag-breakingnews","15":"tag-featured-news","16":"tag-featurednews","17":"tag-headlines","18":"tag-latest-news","19":"tag-latestnews","20":"tag-latvia","21":"tag-latvian","22":"tag-latviesu","23":"tag-latviesu-valoda","24":"tag-latviesuvaloda","25":"tag-latvija","26":"tag-lv","27":"tag-news","28":"tag-popularakas-zinas","29":"tag-popularakaszinas","30":"tag-slugvalsts-policija","31":"tag-slugzadziba","32":"tag-slugziemassvetki","33":"tag-titlevalsts-policija","34":"tag-titlezadziba","35":"tag-titleziemassvetki","36":"tag-top-stories","37":"tag-topstories","38":"tag-zinas"},"share_on_mastodon":{"url":"","error":"Validation failed: Text character limit of 500 exceeded"},"_links":{"self":[{"href":"https:\/\/www.europesays.com\/lv\/wp-json\/wp\/v2\/posts\/100630","targetHints":{"allow":["GET"]}}],"collection":[{"href":"https:\/\/www.europesays.com\/lv\/wp-json\/wp\/v2\/posts"}],"about":[{"href":"https:\/\/www.europesays.com\/lv\/wp-json\/wp\/v2\/types\/post"}],"author":[{"embeddable":true,"href":"https:\/\/www.europesays.com\/lv\/wp-json\/wp\/v2\/users\/2"}],"replies":[{"embeddable":true,"href":"https:\/\/www.europesays.com\/lv\/wp-json\/wp\/v2\/comments?post=100630"}],"version-history":[{"count":0,"href":"https:\/\/www.europesays.com\/lv\/wp-json\/wp\/v2\/posts\/100630\/revisions"}],"wp:featuredmedia":[{"embeddable":true,"href":"https:\/\/www.europesays.com\/lv\/wp-json\/wp\/v2\/media\/100631"}],"wp:attachment":[{"href":"https:\/\/www.europesays.com\/lv\/wp-json\/wp\/v2\/media?parent=100630"}],"wp:term":[{"taxonomy":"category","embeddable":true,"href":"https:\/\/www.europesays.com\/lv\/wp-json\/wp\/v2\/categories?post=100630"},{"taxonomy":"post_tag","embeddable":true,"href":"https:\/\/www.europesays.com\/lv\/wp-json\/wp\/v2\/tags?post=100630"}],"curies":[{"name":"wp","href":"https:\/\/api.w.org\/{rel}","templated":true}]}}