{"id":100632,"date":"2026-01-11T02:59:21","date_gmt":"2026-01-11T02:59:21","guid":{"rendered":"https:\/\/www.europesays.com\/lv\/100632\/"},"modified":"2026-01-11T02:59:21","modified_gmt":"2026-01-11T02:59:21","slug":"labas-zinas-roniem-rigas-ziemas-peldvietas-ir-laba-udens-kvalitate-1188-lv","status":"publish","type":"post","link":"https:\/\/www.europesays.com\/lv\/100632\/","title":{"rendered":"Labas zi\u0146as &quot;ro\u0146iem&quot;! R\u012bgas ziemas peldviet\u0101s ir laba \u016bdens kvalit\u0101te &#8211; 1188.lv"},"content":{"rendered":"<ol>\n<li><a href=\"https:\/\/news.google.com\/rss\/articles\/CBMiogFBVV95cUxQR3BoWmlIcDloMF9OYzZSbGVxWHhoRm1ERncyX09MX1h1Wll4dnc5aW1fVWgtOC1tTEZZdFY2RlVHZjhfNnpqcU5HZjQwLXhjWGlVSzVYSXBjaTVzNXM0bVhvRUdXYmRRVk4xWldnZUlCRWNxb3AwM3B6ZHl1X1l6YmpmbTIwZDE4ZnRVZUU1YmxPZVYwV01XUE82ZWJTLWp5N0E?oc=5\" target=\"_blank\" rel=\"nofollow noopener\">Labas zi\u0146as &#8220;ro\u0146iem&#8221;! R\u012bgas ziemas peldviet\u0101s ir laba \u016bdens kvalit\u0101te<\/a>&nbsp;&nbsp;1188.lv<\/li>\n<li><a href=\"https:\/\/news.google.com\/rss\/articles\/CBMitAFBVV95cUxQMVhHWExMV2JyRU9faVdmRkZUVkNUOUh4QWFzQkxDaHRiV0hoYVNmb1dLcDE5eWNFWEtlb09NVWpfbFk1NVZfTVhYbXk1TlhpaWoxMFFsQWhKZ3BJREdUTDh6VHRXb2VKb3ZOWF8zNm95bjEzb2RSV083dmNjcW1lWWlwZEp6ZXhZcGhIaFRNVWpRUWJBYl9hWEduT2J0UnpUdmtxdDVqTmQxakRvRWktZDdEdG8?oc=5\" target=\"_blank\" rel=\"nofollow noopener\">\u016adens kvalit\u0101te laba: R\u012bgas peldviet\u0101s peld\u0113ties at\u013cauts<\/a>&nbsp;&nbsp;Delfi<\/li>\n<li><a href=\"https:\/\/news.google.com\/rss\/articles\/CBMirgFBVV95cUxQQUdjWGtMSWJUMXhiRUE2VkgzS0dmcERnQ05fUVh3VjdPVkZnVDhSbUNvQ083NTFTNjdjMDhKU1o1NWx0N04xaUd5Xzd4eGJ5cURndUpLMEpNRURCaXVoaUZDbGV0WXM1MUljdVBMQlFDMnd3aUFlR0wtbmFNcWV1VW82SERzZkg4TFVFdERIQi1xR1hLZnBBY3dKRllVbFN5bkQybENHZXV1Z1BKQXc?oc=5\" target=\"_blank\" rel=\"nofollow noopener\">Ziemas peld\u0113\u0161anai R\u012bgas \u016bde\u0146os dota za\u013c\u0101 gaisma: \u016adens kvalit\u0101te atbilst norm\u0101m<\/a>&nbsp;&nbsp;Dzentlmenis.lv<\/li>\n<li><a href=\"https:\/\/news.google.com\/rss\/articles\/CBMipwFBVV95cUxQYnU3ZVlya25XY3RLZVRLX3hmQnhFbGp2a2pCOEhqOEx2NU5ubVJxRHdOeU5SNDQ4R19SM1pYMTNuc3g4QVViNnd0THdpZG9mc3h3VElnOHZMT0hlN1FLd3VjSWktSVM1MWxzLVpXcDN6QmRFdndIeGpHcGNNVFdHSVloVkZkZmVlU04tNkI0NXRrYWpKSGx1alNxWWMzTXBlSjRhbjAyOA?oc=5\" target=\"_blank\" rel=\"nofollow noopener\">R\u012bgas ziemas peldviet\u0101s \u016bdens kvalit\u0101te ir laba \u2013 peld\u0113t dr\u012bkst<\/a>&nbsp;&nbsp;Lente.lv<\/li>\n<\/ol>\n","protected":false},"excerpt":{"rendered":"Labas zi\u0146as &#8220;ro\u0146iem&#8221;! R\u012bgas ziemas peldviet\u0101s ir laba \u016bdens kvalit\u0101te&nbsp;&nbsp;1188.lv \u016adens kvalit\u0101te laba: R\u012bgas peldviet\u0101s peld\u0113ties at\u013cauts&nbsp;&nbsp;Delfi Ziemas&hellip;\n","protected":false},"author":2,"featured_media":100633,"comment_status":"","ping_status":"","sticky":false,"template":"","format":"standard","meta":{"footnotes":""},"categories":[12],"tags":[129,24525,4277,23,28,29,32,33,22,30,31,35,39,38,36,37,34,40,20,26,27,4278,24526,4279,24527,24,25,21],"class_list":{"0":"post-100632","1":"post","2":"type-post","3":"status-publish","4":"format-standard","5":"has-post-thumbnail","7":"category-latvija","8":"tag-__typenameadvicekeyword","9":"tag-id194","10":"tag-id876","11":"tag-aktualitates","12":"tag-breaking-news","13":"tag-breakingnews","14":"tag-featured-news","15":"tag-featurednews","16":"tag-headlines","17":"tag-latest-news","18":"tag-latestnews","19":"tag-latvia","20":"tag-latvian","21":"tag-latviesu","22":"tag-latviesu-valoda","23":"tag-latviesuvaloda","24":"tag-latvija","25":"tag-lv","26":"tag-news","27":"tag-popularakas-zinas","28":"tag-popularakaszinas","29":"tag-slugriga","30":"tag-slugswimming","31":"tag-titleriga","32":"tag-titleswimming","33":"tag-top-stories","34":"tag-topstories","35":"tag-zinas"},"share_on_mastodon":{"url":"https:\/\/pubeurope.com\/@lv\/115874231906234806","error":""},"_links":{"self":[{"href":"https:\/\/www.europesays.com\/lv\/wp-json\/wp\/v2\/posts\/100632","targetHints":{"allow":["GET"]}}],"collection":[{"href":"https:\/\/www.europesays.com\/lv\/wp-json\/wp\/v2\/posts"}],"about":[{"href":"https:\/\/www.europesays.com\/lv\/wp-json\/wp\/v2\/types\/post"}],"author":[{"embeddable":true,"href":"https:\/\/www.europesays.com\/lv\/wp-json\/wp\/v2\/users\/2"}],"replies":[{"embeddable":true,"href":"https:\/\/www.europesays.com\/lv\/wp-json\/wp\/v2\/comments?post=100632"}],"version-history":[{"count":0,"href":"https:\/\/www.europesays.com\/lv\/wp-json\/wp\/v2\/posts\/100632\/revisions"}],"wp:featuredmedia":[{"embeddable":true,"href":"https:\/\/www.europesays.com\/lv\/wp-json\/wp\/v2\/media\/100633"}],"wp:attachment":[{"href":"https:\/\/www.europesays.com\/lv\/wp-json\/wp\/v2\/media?parent=100632"}],"wp:term":[{"taxonomy":"category","embeddable":true,"href":"https:\/\/www.europesays.com\/lv\/wp-json\/wp\/v2\/categories?post=100632"},{"taxonomy":"post_tag","embeddable":true,"href":"https:\/\/www.europesays.com\/lv\/wp-json\/wp\/v2\/tags?post=100632"}],"curies":[{"name":"wp","href":"https:\/\/api.w.org\/{rel}","templated":true}]}}