{"id":100655,"date":"2026-01-11T04:09:10","date_gmt":"2026-01-11T04:09:10","guid":{"rendered":"https:\/\/www.europesays.com\/lv\/100655\/"},"modified":"2026-01-11T04:09:10","modified_gmt":"2026-01-11T04:09:10","slug":"dolars-sasniedz-menesa-augstako-limeni-investori-gaida-svarigus-datus-lente-lv","status":"publish","type":"post","link":"https:\/\/www.europesays.com\/lv\/100655\/","title":{"rendered":"Dol\u0101rs sasniedz m\u0113ne\u0161a augst\u0101ko l\u012bmeni, investori gaida svar\u012bgus datus\u00a0\u2014\u00a0Lente.lv"},"content":{"rendered":"<p>Dol\u0101rs pieaug gaid\u012bjum\u0101<\/p>\n<p>ASV dol\u0101rs piektdien uzr\u0101d\u012bja k\u0101pumu, sasniedzot augst\u0101ko l\u012bmeni p\u0113d\u0113j\u0101 m\u0113ne\u0161a laik\u0101. Investori ar interesi gaida piektdien paredz\u0113to ASV nodarbin\u0101t\u012bbas zi\u0146ojumu, k\u0101 ar\u012b iesp\u0113jamos tiesas l\u0113mumus par ASV prezidenta Donalda Trampa ieviestajiem tarifiem. \u0160ie notikumi var b\u016btiski ietekm\u0113t turpm\u0101ko dol\u0101ra v\u0113rt\u012bbas dinamiku.<\/p>\n<p>Nodarbin\u0101t\u012bbas datu noz\u012bme<\/p>\n<p>Nodarbin\u0101t\u012bbas zi\u0146ojums ir viens no galvenajiem ekonomikas r\u0101d\u012bt\u0101jiem, kas pal\u012bdz nov\u0113rt\u0113t ASV ekonomikas st\u0101vokli. Jaunie dati par darba vietu skaita izmai\u0146\u0101m un bezdarba l\u012bmeni sniegs investoriem un anal\u012bti\u0137iem svar\u012bgu inform\u0101ciju par ekonomikas vesel\u012bbu. P\u0113d\u0113jie publiskotie dati par janv\u0101ri liecin\u0101ja par negaid\u012btu darba vietu skaita samazin\u0101jumu par 17 000, kas ir pirmais kritums vair\u0101k nek\u0101 \u010detros gados. \u0160\u0101ds sign\u0101ls var\u0113tu pastiprin\u0101t prognozes par Feder\u0101l\u0101s Rezervju sist\u0113mas (FRS) turpm\u0101ku procentu likmju pazemin\u0101\u0161anu.<\/p>\n<p>Tarifu politikas ietekme un juridiskie izaicin\u0101jumi<\/p>\n<p>Donalda Trampa administr\u0101cijas muitas politikas, tostarp tarifu noteik\u0161ana, ir rad\u012bjusi iev\u0113rojamu nenoteikt\u012bbu pasaules tirdzniec\u012bb\u0101. Lai gan da\u017ei tarifi ir atz\u012bti par nelikum\u012bgiem ASV apel\u0101ciju ties\u0101, tie joproj\u0101m var palikt sp\u0113k\u0101, gaidot iesp\u0113jamu p\u0101rs\u016bdz\u0113\u0161anu Augst\u0101kaj\u0101 ties\u0101. \u0160\u012b politika ir izrais\u012bjusi gan glob\u0101lu pretdarb\u012bbu, gan iek\u0161\u0113jas domstarp\u012bbas ASV. Tarifu politikas sekas, tostarp ietekme uz infl\u0101cijas dinamiku, tiek uzman\u012bgi v\u0113rt\u0113tas. Lai gan kopum\u0101 ir sagaid\u0101ms, ka tarifi saglab\u0101sies, to forma var\u0113tu main\u012bties.<\/p>\n<p>Procentu likmju prognozes un FRS loma<\/p>\n<p>ASV Feder\u0101lo rezervju sist\u0113mas (FRS) procentu likmju politika turpina b\u016bt noz\u012bm\u012bgs faktors val\u016btu tirgos. P\u0113d\u0113j\u0101 laik\u0101 FRS ir vair\u0101kk\u0101rt samazin\u0101jusi b\u0101zes procentu likmi, cen\u0161oties stimul\u0113t ekonomiku. 2025. gada decembr\u012b likme tika pazemin\u0101ta l\u012bdz 3,5-3,75%. Prognozes par 2026. gadu ir da\u017e\u0101das, ta\u010du daudzi anal\u012bti\u0137i sagaida turpm\u0101kus samazin\u0101jumus, lai gan par to bie\u017eumu un apjomu past\u0101v at\u0161\u0137ir\u012bgi viedok\u013ci. FRS l\u0113mumus ietekm\u0113s darba tirgus dati, infl\u0101cijas dinamika un kop\u0113j\u0101 ekonomikas izaugsme. Potenci\u0101l\u0101s izmai\u0146as FRS vad\u012bb\u0101 2026. gada maij\u0101 pievieno papildu nenoteikt\u012bbu.<\/p>\n<p>Dol\u0101ra perspekt\u012bvas un ietekme uz Latviju<\/p>\n<p>ASV dol\u0101ra v\u0113rt\u012bbas sv\u0101rst\u012bbas ir cie\u0161i saist\u012btas ar FRS politiku un glob\u0101lajiem ekonomikas notikumiem. Lai gan dol\u0101rs ir sasniedzis m\u0113ne\u0161a augst\u0101ko l\u012bmeni, t\u0101 turpm\u0101k\u0101 virz\u012bba ir atkar\u012bga no gaid\u0101majiem ekonomikas datiem un politiskajiem l\u0113mumiem. Latvijas ekonomikas anal\u012bti\u0137i atz\u012bst, ka tie\u0161a ASV tarifu politikas ietekme uz Latviju var\u0113tu b\u016bt nenoz\u012bm\u012bga, ta\u010du netie\u0161\u0101 ietekme var b\u016bt j\u016btama. Latvijai ir pozit\u012bva tirdzniec\u012bbas bilance ar ASV, eksport\u0113jot vair\u0101k pre\u010du nek\u0101 import\u0113jot. Tom\u0113r glob\u0101l\u0101 nenoteikt\u012bba un potenci\u0101l\u0101s izmai\u0146as pasaules tirdzniec\u012bbas politik\u0101 pieprasa uzman\u012bbu.<\/p>\n","protected":false},"excerpt":{"rendered":"Dol\u0101rs pieaug gaid\u012bjum\u0101 ASV dol\u0101rs piektdien uzr\u0101d\u012bja k\u0101pumu, sasniedzot augst\u0101ko l\u012bmeni p\u0113d\u0113j\u0101 m\u0113ne\u0161a laik\u0101. Investori ar interesi gaida&hellip;\n","protected":false},"author":2,"featured_media":100656,"comment_status":"","ping_status":"","sticky":false,"template":"","format":"standard","meta":{"footnotes":""},"categories":[16],"tags":[12899,77,76,22924,35,39,38,36,37,34,40,4966,549,1596],"class_list":{"0":"post-100655","1":"post","2":"type-post","3":"status-publish","4":"format-standard","5":"has-post-thumbnail","7":"category-bizness","8":"tag-asv-ekonomika","9":"tag-bizness","10":"tag-business","11":"tag-dolars","12":"tag-latvia","13":"tag-latvian","14":"tag-latviesu","15":"tag-latviesu-valoda","16":"tag-latviesuvaloda","17":"tag-latvija","18":"tag-lv","19":"tag-nodarbinatiba","20":"tag-procentu-likmes","21":"tag-tarifi"},"share_on_mastodon":{"url":"https:\/\/pubeurope.com\/@lv\/115874507192720635","error":""},"_links":{"self":[{"href":"https:\/\/www.europesays.com\/lv\/wp-json\/wp\/v2\/posts\/100655","targetHints":{"allow":["GET"]}}],"collection":[{"href":"https:\/\/www.europesays.com\/lv\/wp-json\/wp\/v2\/posts"}],"about":[{"href":"https:\/\/www.europesays.com\/lv\/wp-json\/wp\/v2\/types\/post"}],"author":[{"embeddable":true,"href":"https:\/\/www.europesays.com\/lv\/wp-json\/wp\/v2\/users\/2"}],"replies":[{"embeddable":true,"href":"https:\/\/www.europesays.com\/lv\/wp-json\/wp\/v2\/comments?post=100655"}],"version-history":[{"count":0,"href":"https:\/\/www.europesays.com\/lv\/wp-json\/wp\/v2\/posts\/100655\/revisions"}],"wp:featuredmedia":[{"embeddable":true,"href":"https:\/\/www.europesays.com\/lv\/wp-json\/wp\/v2\/media\/100656"}],"wp:attachment":[{"href":"https:\/\/www.europesays.com\/lv\/wp-json\/wp\/v2\/media?parent=100655"}],"wp:term":[{"taxonomy":"category","embeddable":true,"href":"https:\/\/www.europesays.com\/lv\/wp-json\/wp\/v2\/categories?post=100655"},{"taxonomy":"post_tag","embeddable":true,"href":"https:\/\/www.europesays.com\/lv\/wp-json\/wp\/v2\/tags?post=100655"}],"curies":[{"name":"wp","href":"https:\/\/api.w.org\/{rel}","templated":true}]}}