{"id":100666,"date":"2026-01-11T04:53:21","date_gmt":"2026-01-11T04:53:21","guid":{"rendered":"https:\/\/www.europesays.com\/lv\/100666\/"},"modified":"2026-01-11T04:53:21","modified_gmt":"2026-01-11T04:53:21","slug":"dzimstibas-kritums-liek-daugavpilij-parskatit-bernudarzu-tiklu","status":"publish","type":"post","link":"https:\/\/www.europesays.com\/lv\/100666\/","title":{"rendered":"Dzimst\u012bbas kritums liek Daugavpilij p\u0101rskat\u012bt b\u0113rnud\u0101rzu t\u012bklu &#8211;"},"content":{"rendered":"<p style=\"text-align: justify;\">\u0145emot v\u0113r\u0101 demogr\u0101fisk\u0101s tendences, Daugavpils pa\u0161vald\u012bbai tuv\u0101kaj\u0101 laik\u0101 b\u016bs j\u0101v\u0113rt\u0113 pirmsskolas izgl\u012bt\u012bbas iest\u0101\u017eu t\u012bkls, v\u0113rt\u0113 pa\u0161vald\u012bbas vad\u012bba.<\/p>\n<p style=\"text-align: justify;\">L\u012bdz ar dzimst\u012bbas r\u0101d\u012bt\u0101ju samazin\u0101\u0161anos p\u0113d\u0113jo gadu laik\u0101 pils\u0113tas pirmsskolas izgl\u012bt\u012bbas iest\u0101d\u0113s v\u0113rojams b\u016btisks audz\u0113k\u0146u skaita kritums. Daugavpils Izgl\u012bt\u012bbas, jaunatnes un sporta p\u0101rvaldes apkopotie dati liecina, ka p\u0113d\u0113jo \u010detru m\u0101c\u012bbu gadu laik\u0101 b\u0113rnu skaits pirmsskolas posm\u0101 ir samazin\u0101jies par 18,3% jeb 790 audz\u0113k\u0146iem.<\/p>\n<p style=\"text-align: justify;\">2022.\/2023. m\u0101c\u012bbu gad\u0101 pils\u0113tas pirmsskolas izgl\u012bt\u012bbas iest\u0101d\u0113s kopum\u0101 apmekl\u0113ja 4 308 b\u0113rni, 2023.\/2024. m\u0101c\u012bbu gad\u0101 to skaits saruka par 6,7% l\u012bdz 4 019 audz\u0113k\u0146iem, bet 2024.\/2025. m\u0101c\u012bbu gad\u0101 fiks\u0113ts v\u0113l 7,8% samazin\u0101jums, sasniedzot 3 705 b\u0113rnus. Aktu\u0101laj\u0101 2025.\/2026. m\u0101c\u012bbu gad\u0101 kop\u0113jais izgl\u012btojamo skaits pirmsskolas posm\u0101 ir 3 518 b\u0113rni, kas ir par 5,1% maz\u0101k nek\u0101 pirms gada.<\/p>\n<blockquote>\n<p style=\"text-align: center;\">Daugavpils pils\u0113tas Dzimtsarakstu noda\u013cas apkopotie dati liecina, ka 2019. gad\u0101 pils\u0113t\u0101 re\u0123istr\u0113ti 662 jaundzimu\u0161ie, bet l\u012bdz 2025. gadam jaundzimu\u0161o skaits saruka par 34,7%.<\/p>\n<\/blockquote>\n<p style=\"text-align: justify;\">Analiz\u0113jot dzimst\u012bbas r\u0101d\u012bt\u0101jus prognoz\u0113jams, ka n\u0101kamajos gados b\u016btiski samazin\u0101sies ar\u012b audz\u0113k\u0146u skaits pils\u0113tas pirmsskolas izgl\u012bt\u012bbas iest\u0101d\u0113s, nor\u0101da pa\u0161vald\u012bb\u0101. T\u0101pat audz\u0113k\u0146u skaita samazin\u0101\u0161anos ietekm\u0113 ar\u012b iedz\u012bvot\u0101ju migr\u0101cija uz cit\u0101m pa\u0161vald\u012bb\u0101m un \u0101rvalst\u012bm.<\/p>\n<p style=\"text-align: justify;\">\u201cDemogr\u0101fisk\u0101s tendences liecina, ka turpm\u0101kajos gados pa\u0161vald\u012bbai b\u016bs j\u0101v\u0113rt\u0113 pirmsskolas izgl\u012bt\u012bbas iest\u0101\u017eu t\u012bkla att\u012bst\u012bba un resursu pl\u0101no\u0161ana, \u0146emot v\u0113r\u0101 izgl\u012btojamo skaita samazin\u0101\u0161anos,\u201d uzsver pa\u0161vald\u012bb\u0101.<\/p>\n<p style=\"text-align: justify;\">Jau zi\u0146ots, ka p\u0113d\u0113jo desmit gadu laik\u0101 dzimst\u012bbas l\u012bmenis Daugavpil\u012b ir piedz\u012bvojis dramatisku lejupsl\u012bdi, kop\u0113jam jaundzimu\u0161o skaitam samazinoties par gandr\u012bz 45%.<\/p>\n<p style=\"text-align: justify;\">2025. gad\u0101 Daugavpil\u012b piedzimu\u0161i 432 jaundzimu\u0161ie, kas ir par 58 b\u0113rniem maz\u0101k nek\u0101 2024. gad\u0101, liecina Daugavpils pils\u0113tas Dzimtsarakstu noda\u013cas apkopotie dati.<\/p>\n<p style=\"text-align: justify;\">Sal\u012bdzino\u0161i 2016. gad\u0101 pils\u0113t\u0101 pasaul\u0113 n\u0101ca 778 b\u0113rni, bet 2017. gad\u0101 tika sasniegts desmitgades augst\u0101kais r\u0101d\u012bt\u0101js ar 796 jaundzimu\u0161ajiem. Kop\u0161 t\u0101 laika dzimst\u012bba ir past\u0101v\u012bgi sarukusi: 2018. gad\u0101 re\u0123istr\u0113ti 674 jaundzimu\u0161ie, 2019. gad\u0101 \u2013 662 un 2020. gad\u0101 \u2013 627 b\u0113rni.<\/p>\n<p style=\"text-align: justify;\">Lejupsl\u012bde turpin\u0101j\u0101s ar\u012b n\u0101kamaj\u0101 piecgad\u0113. 2021. gad\u0101 Daugavpil\u012b piedzima 612 b\u0113rni, 2022. gad\u0101 \u2013 543, 2023. gad\u0101 \u2013 485 un 2024. gad\u0101 \u2013 490 b\u0113rni.<\/p>\n<p style=\"text-align: justify;\">Daugavpil\u012b saglab\u0101jas negat\u012bvs dabiskais pieaugums, jo mirst\u012bbas r\u0101d\u012bt\u0101ji joproj\u0101m iev\u0113rojami p\u0101rsniedz dzimst\u012bbu. 2025. gad\u0101 pils\u0113t\u0101 re\u0123istr\u0113ti 810 miru\u0161ie.<\/p>\n<p style=\"text-align: justify;\">Lai gan mirst\u012bbas r\u0101d\u012bt\u0101jiem p\u0113d\u0113jos gados ir tendence samazin\u0101ties, mirst\u012bba joproj\u0101m gandr\u012bz divas reizes p\u0101rsniedz dzimst\u012bbu. 2021. gad\u0101 pils\u0113t\u0101 re\u0123istr\u0113ti 1 290 miru\u0161ie, 2022. gad\u0101 \u00a01114, 2023. gad\u0101 901, bet 2024. gad\u0101 \u2013 801.<\/p>\n<p style=\"text-align: justify;\">Pa\u0161vald\u012bb\u0101 nor\u0101da, ka dzimst\u012bbas kritumu Daugavpil\u012b ietekm\u0113 gan visp\u0101r\u0113j\u0101 sabiedr\u012bbas noveco\u0161an\u0101s, gan iedz\u012bvot\u0101ju skaita sarukums reprodukt\u012bvaj\u0101 vecum\u0101, kas saist\u012bts ar iepriek\u0161\u0113jo desmitga\u017eu demogr\u0101fiskajiem procesiem un migr\u0101ciju.<\/p>\n<p><a href=\"https:\/\/bnn.lv\/mirusi-izcila-basketboliste-uljana-semjonova-68802\" rel=\"nofollow noopener\" target=\"_blank\">Lasiet ar\u012b: Mirusi izcil\u0101 basketboliste U\u013cjana Semjonova<\/a><\/p>\n<p>Seko mums ar\u012b\u00a0<a href=\"https:\/\/www.facebook.com\/bnnlv\" rel=\"nofollow noopener\" target=\"_blank\">Facebook<\/a>,\u00a0<a href=\"https:\/\/www.draugiem.lv\/bnn.lv\/\" rel=\"nofollow noopener\" target=\"_blank\">Draugiem<\/a>\u00a0un\u00a0<a href=\"https:\/\/twitter.com\/home\" rel=\"nofollow noopener\" target=\"_blank\">X<\/a>!<\/p>\n<p><script async src=\"https:\/\/platform.twitter.com\/widgets.js\" charset=\"utf-8\"><\/script><\/p>\n","protected":false},"excerpt":{"rendered":"\u0145emot v\u0113r\u0101 demogr\u0101fisk\u0101s tendences, Daugavpils pa\u0161vald\u012bbai tuv\u0101kaj\u0101 laik\u0101 b\u016bs j\u0101v\u0113rt\u0113 pirmsskolas izgl\u012bt\u012bbas iest\u0101\u017eu t\u012bkls, v\u0113rt\u0113 pa\u0161vald\u012bbas vad\u012bba. L\u012bdz&hellip;\n","protected":false},"author":2,"featured_media":100667,"comment_status":"","ping_status":"","sticky":false,"template":"","format":"standard","meta":{"footnotes":""},"categories":[12],"tags":[23,28,29,32,33,22,30,31,35,39,38,36,37,34,40,20,26,27,24,25,21],"class_list":{"0":"post-100666","1":"post","2":"type-post","3":"status-publish","4":"format-standard","5":"has-post-thumbnail","7":"category-latvija","8":"tag-aktualitates","9":"tag-breaking-news","10":"tag-breakingnews","11":"tag-featured-news","12":"tag-featurednews","13":"tag-headlines","14":"tag-latest-news","15":"tag-latestnews","16":"tag-latvia","17":"tag-latvian","18":"tag-latviesu","19":"tag-latviesu-valoda","20":"tag-latviesuvaloda","21":"tag-latvija","22":"tag-lv","23":"tag-news","24":"tag-popularakas-zinas","25":"tag-popularakaszinas","26":"tag-top-stories","27":"tag-topstories","28":"tag-zinas"},"share_on_mastodon":{"url":"https:\/\/pubeurope.com\/@lv\/115874680180555491","error":""},"_links":{"self":[{"href":"https:\/\/www.europesays.com\/lv\/wp-json\/wp\/v2\/posts\/100666","targetHints":{"allow":["GET"]}}],"collection":[{"href":"https:\/\/www.europesays.com\/lv\/wp-json\/wp\/v2\/posts"}],"about":[{"href":"https:\/\/www.europesays.com\/lv\/wp-json\/wp\/v2\/types\/post"}],"author":[{"embeddable":true,"href":"https:\/\/www.europesays.com\/lv\/wp-json\/wp\/v2\/users\/2"}],"replies":[{"embeddable":true,"href":"https:\/\/www.europesays.com\/lv\/wp-json\/wp\/v2\/comments?post=100666"}],"version-history":[{"count":0,"href":"https:\/\/www.europesays.com\/lv\/wp-json\/wp\/v2\/posts\/100666\/revisions"}],"wp:featuredmedia":[{"embeddable":true,"href":"https:\/\/www.europesays.com\/lv\/wp-json\/wp\/v2\/media\/100667"}],"wp:attachment":[{"href":"https:\/\/www.europesays.com\/lv\/wp-json\/wp\/v2\/media?parent=100666"}],"wp:term":[{"taxonomy":"category","embeddable":true,"href":"https:\/\/www.europesays.com\/lv\/wp-json\/wp\/v2\/categories?post=100666"},{"taxonomy":"post_tag","embeddable":true,"href":"https:\/\/www.europesays.com\/lv\/wp-json\/wp\/v2\/tags?post=100666"}],"curies":[{"name":"wp","href":"https:\/\/api.w.org\/{rel}","templated":true}]}}