{"id":100688,"date":"2026-01-11T05:25:10","date_gmt":"2026-01-11T05:25:10","guid":{"rendered":"https:\/\/www.europesays.com\/lv\/100688\/"},"modified":"2026-01-11T05:25:10","modified_gmt":"2026-01-11T05:25:10","slug":"samanta-tina-atkal-briva-dailes-teatri-parmainas-un-atvadas-no-borisa-reznika-lente-lv","status":"publish","type":"post","link":"https:\/\/www.europesays.com\/lv\/100688\/","title":{"rendered":"Samanta T\u012bna atkal br\u012bva, Dailes te\u0101tr\u012b p\u0101rmai\u0146as un atvadas no Borisa Rez\u0146ika\u00a0\u2014\u00a0Lente.lv"},"content":{"rendered":"<p>Samanta T\u012bna pazi\u0146o par \u0161\u0137ir\u0161anos<\/p>\n<p>Dzied\u0101t\u0101ja Samanta T\u012bna ar jauno 2026. gadu s\u0101kusi k\u0101 br\u012bva sieviete. Neilgi pirms gada mijas, \u012bsi p\u0113c p\u0101ra otr\u0101s k\u0101zu gadadienas, dzied\u0101t\u0101ja soci\u0101lajos t\u012bklos publiskoja video, kur\u0101 redzams, k\u0101 vi\u0146a novelk laul\u012bbas gredzenu, simboliski iez\u012bm\u0113jot attiec\u012bbu nosl\u0113gumu. K\u0101 inform\u0113 port\u0101ls jauns.lv, vi\u0146as divus gadus ilgus\u012b laul\u012bba ar uz\u0146\u0113m\u0113ju Art\u016bru Brunavu ir ofici\u0101li izbeigta. Dzied\u0101t\u0101ja s\u012bk\u0101kus koment\u0101rus nesniedz, aicinot cien\u012bt vi\u0146as priv\u0101to dz\u012bvi, ta\u010du piebildusi: \u201cPaldies par visu skaisto, ta\u010du ne visi ir tie, par ko s\u0101kotn\u0113ji izliekas. Agresijas jebkura izpausme nav pamats dro\u0161\u012bbai!\u201d Savuk\u0101rt Art\u016brs Brunavs \u017eurn\u0101lam \u201cKas Jauns\u201d atzinis: \u201cPag\u0101tne dod m\u0101c\u012bbas,\u201d noliedzot, ka attiec\u012bb\u0101s b\u016btu bijis agres\u012bvs. Vi\u0146\u0161 pauda no\u017e\u0113lu par notiku\u0161o, bet uzsv\u0113ra, ka biju\u0161o sievu joproj\u0101m uzskata par talant\u012bgu un profesion\u0101lu m\u016bzi\u0137i.<\/p>\n<p>Atvadas no le\u0123end\u0101r\u0101 komponista Borisa Rez\u0146ika<\/p>\n<p>\u0160\u012b gada 8. janv\u0101r\u012b R\u012bgas krematorijas Lielaj\u0101 z\u0101l\u0113 notika atvad\u012b\u0161an\u0101s no ilggad\u0113j\u0101 grupas \u201cEolika\u201d dal\u012bbnieka un vad\u012bt\u0101ja, komponista Borisa Rez\u0146ika. Vi\u0146\u0161 m\u016b\u017e\u012bb\u0101 dev\u0101s 2025. gada 31. decembr\u012b, 78 gadu vecum\u0101, p\u0113c ilgsto\u0161as un smagas slim\u012bbas. K\u0101 inform\u0113 port\u0101ls jauns.lv, atvad\u012bties ierad\u0101s \u0123imene, draugi, kol\u0113\u0123i un talanta cien\u012bt\u0101ji. Rez\u0146iks, kur\u0161 dzimis 1947. gad\u0101, sarakst\u012bjis vair\u0101k nek\u0101 100 dziesmu, tostarp t\u0101dus hitus k\u0101 \u201cPasaule, pasaul\u012bt\u201d, \u201cTu sm\u0113jies sapn\u012b\u201d un \u201cEs neesmu D\u017eeina Fonda\u201d. Vi\u0146\u0161 bija ar\u012b viens no \u201cAtmostas Baltija\u201d autoru. Komponists tika krem\u0113ts, piepildot vi\u0146a pa\u0161a v\u0113lmi.<\/p>\n<p>P\u0101rmai\u0146as Dailes te\u0101tr\u012b<\/p>\n<p>Jaunais 2026. gads Dailes te\u0101tr\u012b ies\u0101cies ar negaid\u012bt\u0101m p\u0101rmai\u0146\u0101m. K\u0101 zi\u0146o Latvijas Av\u012bze, aktrise Lelde Dreimane kop\u0101 ar aptuveni 20 citiem te\u0101tra darbiniekiem p\u0113k\u0161\u0146i sa\u0146\u0113musi pazi\u0146ojumu par darba attiec\u012bbu izbeig\u0161anu. Dreimane sav\u0101 soci\u0101laj\u0101 t\u012bkl\u0101 \u201cInstagram\u201d paudusi neizpratni un satraukumu, nosaucot situ\u0101ciju par \u201cekstra neordin\u0101ru\u201d. Tiek zi\u0146ots, ka te\u0101tra vad\u012bba pied\u0101v\u0101jusi darbiniekiem izv\u0113li starp labpr\u0101t\u012bgu aizie\u0161anu vai darba attiec\u012bbu izbeig\u0161anu.<\/p>\n<p>Ned\u0113\u013cas notikumi pasaules \u0161ovbiznes\u0101<\/p>\n<p>Aizvad\u012btaj\u0101 ned\u0113\u013c\u0101 pasaules \u0161ovbiznes\u0101 izc\u0113lu\u0161ies vair\u0101ki notikumi. Donalds Tramps publiski kritiz\u0113jis D\u017eord\u017eu Kl\u016bniju, Vils Smits ticis aps\u016bdz\u0113ts seksu\u0101l\u0101 uzm\u0101c\u012bb\u0101, bet princeses Ketr\u012bnas Ziemassv\u0113tku d\u0101vanu nosl\u0113pums atkl\u0101ts. T\u0101pat zin\u0101ms par Nikolajas Kidmenas un K\u012bta Urbana 19 gadus ilg\u0101s laul\u012bbas ofici\u0101lu p\u0101rtrauk\u0161anu.<\/p>\n","protected":false},"excerpt":{"rendered":"Samanta T\u012bna pazi\u0146o par \u0161\u0137ir\u0161anos Dzied\u0101t\u0101ja Samanta T\u012bna ar jauno 2026. gadu s\u0101kusi k\u0101 br\u012bva sieviete. Neilgi pirms&hellip;\n","protected":false},"author":2,"featured_media":100689,"comment_status":"","ping_status":"","sticky":false,"template":"","format":"standard","meta":{"footnotes":""},"categories":[19],"tags":[23832,454,89,90,35,39,38,36,37,34,270,15895,40,7222],"class_list":{"0":"post-100688","1":"post","2":"type-post","3":"status-publish","4":"format-standard","5":"has-post-thumbnail","7":"category-izklaide","8":"tag-boriss-rezniks","9":"tag-dailes-teatris","10":"tag-entertainment","11":"tag-izklaide","12":"tag-latvia","13":"tag-latvian","14":"tag-latviesu","15":"tag-latviesu-valoda","16":"tag-latviesuvaloda","17":"tag-latvija","18":"tag-latvijas-sovbizness","19":"tag-laulibas-skirsana","20":"tag-lv","21":"tag-samanta-tina"},"share_on_mastodon":{"url":"https:\/\/pubeurope.com\/@lv\/115874806070986438","error":""},"_links":{"self":[{"href":"https:\/\/www.europesays.com\/lv\/wp-json\/wp\/v2\/posts\/100688","targetHints":{"allow":["GET"]}}],"collection":[{"href":"https:\/\/www.europesays.com\/lv\/wp-json\/wp\/v2\/posts"}],"about":[{"href":"https:\/\/www.europesays.com\/lv\/wp-json\/wp\/v2\/types\/post"}],"author":[{"embeddable":true,"href":"https:\/\/www.europesays.com\/lv\/wp-json\/wp\/v2\/users\/2"}],"replies":[{"embeddable":true,"href":"https:\/\/www.europesays.com\/lv\/wp-json\/wp\/v2\/comments?post=100688"}],"version-history":[{"count":0,"href":"https:\/\/www.europesays.com\/lv\/wp-json\/wp\/v2\/posts\/100688\/revisions"}],"wp:featuredmedia":[{"embeddable":true,"href":"https:\/\/www.europesays.com\/lv\/wp-json\/wp\/v2\/media\/100689"}],"wp:attachment":[{"href":"https:\/\/www.europesays.com\/lv\/wp-json\/wp\/v2\/media?parent=100688"}],"wp:term":[{"taxonomy":"category","embeddable":true,"href":"https:\/\/www.europesays.com\/lv\/wp-json\/wp\/v2\/categories?post=100688"},{"taxonomy":"post_tag","embeddable":true,"href":"https:\/\/www.europesays.com\/lv\/wp-json\/wp\/v2\/tags?post=100688"}],"curies":[{"name":"wp","href":"https:\/\/api.w.org\/{rel}","templated":true}]}}