{"id":100704,"date":"2026-01-11T06:16:04","date_gmt":"2026-01-11T06:16:04","guid":{"rendered":"https:\/\/www.europesays.com\/lv\/100704\/"},"modified":"2026-01-11T06:16:04","modified_gmt":"2026-01-11T06:16:04","slug":"pakistana-veidos-policijas-vienibu-valsti-dzivojoso-kiniesu-aizsardzibai-raksts","status":"publish","type":"post","link":"https:\/\/www.europesays.com\/lv\/100704\/","title":{"rendered":"Pakist\u0101n\u0101 veidos policijas vien\u012bbu valst\u012b dz\u012bvojo\u0161o \u0137\u012bnie\u0161u aizsardz\u012bbai \/ Raksts"},"content":{"rendered":"<p>Pakist\u0101n\u0101 izveidos \u012bpa\u0161u policijas vien\u012bbu, kas r\u016bp\u0113sies par valst\u012b dz\u012bvojo\u0161o \u0137\u012bnie\u0161u aizsardz\u012bbu. P\u0113d\u0113jos gados Pakist\u0101n\u0101 ir pastiprin\u0101ju\u0161ies uzbrukumi valst\u012b str\u0101d\u0101jo\u0161ajiem \u0137\u012bnie\u0161iem, bet tas ir rad\u012bjis sasp\u012bl\u0113jumu starp Islam\u0101b\u0101du un Pekinu.<\/p>\n<p>Pakist\u0101n\u0101 veidos atsevi\u0161\u0137u policijas vien\u012bbu<\/p>\n<p>Pakist\u0101nas iek\u0161lietu ministrs Mohsins Nakvi \u0161oned\u0113\u013c apmekl\u0113ja Pekinu, kur tik\u0101s ar \u0136\u012bnas sabiedrisk\u0101s dro\u0161\u012bbas ministru Vanu Sjaohunu. Tik\u0161an\u0101s laik\u0101 Nakvi pazi\u0146oja, ka \u0136\u012bnas pilso\u0146u dro\u0161\u012bba ir vi\u0146a valsts priorit\u0101te, t\u0101p\u0113c galvaspils\u0113t\u0101 Islamab\u0101d\u0101 tiks izveidota policijas vien\u012bba, kas aizsarg\u0101s viet\u0113jos \u0137\u012bnie\u0161us. Vans Sjaohuns atbild\u0113ja, ka \u0136\u012bna nov\u0113rt\u0113 Pakist\u0101nas centienus c\u012b\u0146\u0101 pret terorismu.<\/p>\n<p>\u0136\u012bna p\u0113d\u0113jos gados ir ieguld\u012bjusi desmitiem miljardiem dol\u0101ru infrastrukt\u016bras projektos Pakist\u0101n\u0101, kur str\u0101d\u0101 t\u016bksto\u0161iem \u0137\u012bnie\u0161u. Kop\u0161 2021. gada teroristu uzbrukumos Pakist\u0101n\u0101 ir nogalin\u0101ti vismaz 20, bet ievainoti 34 \u0136\u012bnas pilso\u0146i, raksta &#8220;Radio Br\u012bv\u0101 Eiropa\/Radio Br\u012bv\u012bba&#8221;.<\/p>\n<p>                    Valodas k\u013c\u016bda rakst\u0101?<\/p>\n<p class=\"d-none d-md-block\">Iez\u012bm\u0113jiet tekstu un spiediet Ctrl+Enter, lai nos\u016bt\u012btu labojamo teksta fragmentu redaktoram! Par faktu k\u013c\u016bd\u0101m l\u016bdzam zi\u0146ot e-past\u0101 <a href=\"https:\/\/www.lsm.lv\/cdn-cgi\/l\/email-protection\" class=\"__cf_email__\" data-cfemail=\"92e0f7f6f3f9f1fbf8f3d2fee1ffbcfee4\" rel=\"nofollow noopener\" target=\"_blank\">[email\u00a0protected]<\/a>.<\/p>\n<p class=\"d-md-none\">Iez\u012bm\u0113jiet tekstu un spiediet uz Zi\u0146ot par k\u013c\u016bdu pogas, lai nos\u016bt\u012btu labojamo teksta fragmentu redaktoram!<\/p>\n<p>\n                    Zi\u0146ot par k\u013c\u016bdu\n                <\/p>\n","protected":false},"excerpt":{"rendered":"Pakist\u0101n\u0101 izveidos \u012bpa\u0161u policijas vien\u012bbu, kas r\u016bp\u0113sies par valst\u012b dz\u012bvojo\u0161o \u0137\u012bnie\u0161u aizsardz\u012bbu. P\u0113d\u0113jos gados Pakist\u0101n\u0101 ir pastiprin\u0101ju\u0161ies uzbrukumi&hellip;\n","protected":false},"author":2,"featured_media":100705,"comment_status":"","ping_status":"","sticky":false,"template":"","format":"standard","meta":{"footnotes":""},"categories":[14],"tags":[23,57,28,29,32,33,22,30,31,35,39,38,36,37,34,40,20,26,27,24,25,54,55,56,21,58],"class_list":{"0":"post-100704","1":"post","2":"type-post","3":"status-publish","4":"format-standard","5":"has-post-thumbnail","7":"category-zinas-no-arvalstim","8":"tag-aktualitates","9":"tag-arvalstim","10":"tag-breaking-news","11":"tag-breakingnews","12":"tag-featured-news","13":"tag-featurednews","14":"tag-headlines","15":"tag-latest-news","16":"tag-latestnews","17":"tag-latvia","18":"tag-latvian","19":"tag-latviesu","20":"tag-latviesu-valoda","21":"tag-latviesuvaloda","22":"tag-latvija","23":"tag-lv","24":"tag-news","25":"tag-popularakas-zinas","26":"tag-popularakaszinas","27":"tag-top-stories","28":"tag-topstories","29":"tag-world","30":"tag-world-news","31":"tag-worldnews","32":"tag-zinas","33":"tag-zinas-no-arvalstim"},"share_on_mastodon":{"url":"https:\/\/pubeurope.com\/@lv\/115875006573253311","error":""},"_links":{"self":[{"href":"https:\/\/www.europesays.com\/lv\/wp-json\/wp\/v2\/posts\/100704","targetHints":{"allow":["GET"]}}],"collection":[{"href":"https:\/\/www.europesays.com\/lv\/wp-json\/wp\/v2\/posts"}],"about":[{"href":"https:\/\/www.europesays.com\/lv\/wp-json\/wp\/v2\/types\/post"}],"author":[{"embeddable":true,"href":"https:\/\/www.europesays.com\/lv\/wp-json\/wp\/v2\/users\/2"}],"replies":[{"embeddable":true,"href":"https:\/\/www.europesays.com\/lv\/wp-json\/wp\/v2\/comments?post=100704"}],"version-history":[{"count":0,"href":"https:\/\/www.europesays.com\/lv\/wp-json\/wp\/v2\/posts\/100704\/revisions"}],"wp:featuredmedia":[{"embeddable":true,"href":"https:\/\/www.europesays.com\/lv\/wp-json\/wp\/v2\/media\/100705"}],"wp:attachment":[{"href":"https:\/\/www.europesays.com\/lv\/wp-json\/wp\/v2\/media?parent=100704"}],"wp:term":[{"taxonomy":"category","embeddable":true,"href":"https:\/\/www.europesays.com\/lv\/wp-json\/wp\/v2\/categories?post=100704"},{"taxonomy":"post_tag","embeddable":true,"href":"https:\/\/www.europesays.com\/lv\/wp-json\/wp\/v2\/tags?post=100704"}],"curies":[{"name":"wp","href":"https:\/\/api.w.org\/{rel}","templated":true}]}}