{"id":100758,"date":"2026-01-11T07:33:07","date_gmt":"2026-01-11T07:33:07","guid":{"rendered":"https:\/\/www.europesays.com\/lv\/100758\/"},"modified":"2026-01-11T07:33:07","modified_gmt":"2026-01-11T07:33:07","slug":"tramps-paveleja-izstradat-planu-iebrukumam-grenlande","status":"publish","type":"post","link":"https:\/\/www.europesays.com\/lv\/100758\/","title":{"rendered":"Tramps pav\u0113l\u0113ja izstr\u0101d\u0101t pl\u0101nu iebrukumam Grenland\u0113"},"content":{"rendered":"<p>Vienlaikus \u0123ener\u0101\u013ci cent\u0101s nov\u0113rst Trampa uzman\u012bbu, ierosinot maz\u0101k pretrun\u012bgus pas\u0101kumus, piem\u0113ram, Krievijas \u0113nu flotes p\u0101rtver\u0161anu vai triecienu Ir\u0101nai.<\/p>\n<p>Vien\u0101 diplom\u0101tiskaj\u0101 zi\u0146ojum\u0101 &#8220;slikt\u0101kais scen\u0101rijs&#8221; tiek raksturots k\u0101 &#8220;NATO izn\u012bcin\u0101\u0161ana no iek\u0161ienes&#8221;.<\/p>\n<p>&#8220;Da\u017eas Eiropas amatpersonas tur aizdom\u0101s, ka \u0161is ir patiesais Trampa radik\u0101l\u0101s MAGA frakcijas m\u0113r\u0137is. T\u0101 k\u0101 Kongress ne\u013caus Trampam izst\u0101ties no <a href=\"https:\/\/www.apollo.lv\/term\/9898\/nato\" class=\"topicLink\" target=\"_blank\" rel=\"nofollow noopener\">NATO<\/a>, Grenlandes okup\u0101cija var\u0113tu piespiest eiropie\u0161us pamest NATO. Ja Tramps v\u0113las izbeigt NATO, \u0161is var\u0113tu b\u016bt \u0113rt\u0101kais veids, k\u0101 to izdar\u012bt,&#8221; nor\u0101d\u012bts zi\u0146ojum\u0101.<\/p>\n<p>Eiropas amatpersonas baid\u0101s, ka Trampa iesp\u0113ju logs pirms vidusposma v\u0113l\u0113\u0161an\u0101m \u0161ovasar beigsies, t\u0101p\u0113c vi\u0146\u0161 r\u012bkosies \u0101tr\u0101k. NATO samits 7. j\u016blij\u0101 \u0161\u0137iet dabisks laiks kompromisa vieno\u0161an\u0101s pan\u0101k\u0161anai.<\/p>\n<p>&#8220;Politico&#8221; iepriek\u0161 zi\u0146oja, lai ieg\u016btu Grenlandi, Trampam j\u0101veic tikai \u010detri so\u013ci: ietekmes kampa\u0146a Grenlandes neatkar\u012bbas kust\u012bbas stiprin\u0101\u0161anai, j\u0101pied\u0101v\u0101 Grenlandei labv\u0113l\u012bgs dar\u012bjums, j\u0101iesaista Eiropa un slikt\u0101kaj\u0101 gad\u012bjum\u0101 j\u0101veic milit\u0101rs iebrukums.<\/p>\n<p>Turkl\u0101t &#8220;Bloombergs&#8221; rakst\u012bja, ka Kan\u0101da baid\u0101s k\u013c\u016bt par Trampa n\u0101kamo m\u0113r\u0137i p\u0113c augsta l\u012bme\u0146a oper\u0101cijas Venecu\u0113l\u0101 un nesenajiem draudiem Grenlandei.<\/p>\n","protected":false},"excerpt":{"rendered":"Vienlaikus \u0123ener\u0101\u013ci cent\u0101s nov\u0113rst Trampa uzman\u012bbu, ierosinot maz\u0101k pretrun\u012bgus pas\u0101kumus, piem\u0113ram, Krievijas \u0113nu flotes p\u0101rtver\u0161anu vai triecienu Ir\u0101nai.&hellip;\n","protected":false},"author":2,"featured_media":100401,"comment_status":"","ping_status":"","sticky":false,"template":"","format":"standard","meta":{"footnotes":""},"categories":[14],"tags":[23,57,28,29,32,33,20878,22,30,31,35,39,38,36,37,34,40,71,20,26,27,24,25,6079,54,55,56,21,58],"class_list":{"0":"post-100758","1":"post","2":"type-post","3":"status-publish","4":"format-standard","5":"has-post-thumbnail","7":"category-zinas-no-arvalstim","8":"tag-aktualitates","9":"tag-arvalstim","10":"tag-breaking-news","11":"tag-breakingnews","12":"tag-featured-news","13":"tag-featurednews","14":"tag-grenlande","15":"tag-headlines","16":"tag-latest-news","17":"tag-latestnews","18":"tag-latvia","19":"tag-latvian","20":"tag-latviesu","21":"tag-latviesu-valoda","22":"tag-latviesuvaloda","23":"tag-latvija","24":"tag-lv","25":"tag-nato","26":"tag-news","27":"tag-popularakas-zinas","28":"tag-popularakaszinas","29":"tag-top-stories","30":"tag-topstories","31":"tag-tramps","32":"tag-world","33":"tag-world-news","34":"tag-worldnews","35":"tag-zinas","36":"tag-zinas-no-arvalstim"},"share_on_mastodon":{"url":"https:\/\/pubeurope.com\/@lv\/115875309321937722","error":""},"_links":{"self":[{"href":"https:\/\/www.europesays.com\/lv\/wp-json\/wp\/v2\/posts\/100758","targetHints":{"allow":["GET"]}}],"collection":[{"href":"https:\/\/www.europesays.com\/lv\/wp-json\/wp\/v2\/posts"}],"about":[{"href":"https:\/\/www.europesays.com\/lv\/wp-json\/wp\/v2\/types\/post"}],"author":[{"embeddable":true,"href":"https:\/\/www.europesays.com\/lv\/wp-json\/wp\/v2\/users\/2"}],"replies":[{"embeddable":true,"href":"https:\/\/www.europesays.com\/lv\/wp-json\/wp\/v2\/comments?post=100758"}],"version-history":[{"count":0,"href":"https:\/\/www.europesays.com\/lv\/wp-json\/wp\/v2\/posts\/100758\/revisions"}],"wp:featuredmedia":[{"embeddable":true,"href":"https:\/\/www.europesays.com\/lv\/wp-json\/wp\/v2\/media\/100401"}],"wp:attachment":[{"href":"https:\/\/www.europesays.com\/lv\/wp-json\/wp\/v2\/media?parent=100758"}],"wp:term":[{"taxonomy":"category","embeddable":true,"href":"https:\/\/www.europesays.com\/lv\/wp-json\/wp\/v2\/categories?post=100758"},{"taxonomy":"post_tag","embeddable":true,"href":"https:\/\/www.europesays.com\/lv\/wp-json\/wp\/v2\/tags?post=100758"}],"curies":[{"name":"wp","href":"https:\/\/api.w.org\/{rel}","templated":true}]}}