{"id":100815,"date":"2026-01-11T08:35:07","date_gmt":"2026-01-11T08:35:07","guid":{"rendered":"https:\/\/www.europesays.com\/lv\/100815\/"},"modified":"2026-01-11T08:35:07","modified_gmt":"2026-01-11T08:35:07","slug":"latvijas-filma-straume-izcina-nozimigu-godalgu-lente-lv","status":"publish","type":"post","link":"https:\/\/www.europesays.com\/lv\/100815\/","title":{"rendered":"Latvijas filma &#8220;Straume&#8221; izc\u012bna noz\u012bm\u012bgu godalgu\u00a0\u2014\u00a0Lente.lv"},"content":{"rendered":"<p>83. &#8220;Zelta globusa&#8221; balvu ceremonija Losand\u017eelos\u0101<\/p>\n<p>Sv\u0113tdien, 11. janv\u0101r\u012b (nakt\u012b uz 12. janv\u0101ri p\u0113c Latvijas laika), Losand\u017eelos\u0101 norisin\u0101j\u0101s 83. **&#8221;Zelta globusa&#8221;** balvu pasnieg\u0161anas ceremonija. \u0160is presti\u017eais notikums, kas tradicion\u0101li iez\u012bm\u0113 kino un telev\u012bzijas balvu sezonas s\u0101kumu, pulc\u0113 nozares profesion\u0101\u013cus un izce\u013c gada spilgt\u0101kos sasniegumus.<\/p>\n<p>\u0160ogad ceremoniju vad\u012bja komi\u0137e Niki Gleizere, kura iepriek\u0161 guvusi iev\u0113r\u012bbu ar savu uzst\u0101\u0161anos.<\/p>\n<p>Latvijas anim\u0101cijas filmas &#8220;Straume&#8221; triumfs<\/p>\n<p>\u012apa\u0161u prieku Latvijas skat\u012bt\u0101jiem sag\u0101d\u0101ja latvie\u0161u re\u017eisora Ginta Zilbalo\u017ea anim\u0101cijas filma &#8220;Straume&#8221;, kas ieguva balvu k\u0101 **gada lab\u0101k\u0101 pilnmetr\u0101\u017eas anim\u0101cijas filma**. T\u0101d\u0113j\u0101di &#8220;Straume&#8221; k\u013cuva par pirmo Latvijas filmu v\u0113stur\u0113, kas izpeln\u012bjusies gan nomin\u0101ciju, gan ar\u012b ieguvusi &#8220;Zelta globusa&#8221; balvu. &#8220;\u0160o filmu ir veidojusi \u013coti maza un jauna, bet dedz\u012bga komanda valst\u012b, kur nav lielas kinoindustrijas; \u0161\u012b ir pirm\u0101 reize, kad filma no Latvijas ir \u0161eit, un tas mums ir milz\u012bgs sasniegums,&#8221; sa\u0146emot balvu, uzsv\u0113ra re\u017eisors Gints Zilbalodis. Vi\u0146\u0161 ar\u012b atzina, ka filma ir \u013coti personisks st\u0101sts, jo agr\u0101k vi\u0146\u0161 visas filmas veidojis viens pats, bet \u0161oreiz str\u0101d\u0101jis kop\u0101 ar komandu, m\u0101coties uztic\u0113ties un sadarboties.<\/p>\n<p>Filma &#8220;Straume&#8221; konkur\u0113ja ar t\u0101d\u0101m paz\u012bstam\u0101m anim\u0101cijas film\u0101m k\u0101 &#8220;Pr\u0101ta sp\u0113les 2&#8221; (&#8220;Inside Out 2&#8221;), &#8220;Vaiana 2&#8221; (&#8220;Moana 2&#8221;), &#8220;Robots sav\u0101 va\u013c\u0101&#8221; (&#8220;The Wild Robot&#8221;), k\u0101 ar\u012b &#8220;Memoir of a Snail&#8221; un &#8220;Wallace &amp; Gromit: Vengeance Most Fowl&#8221;.<\/p>\n<p>Galvenie nominanti un uzvar\u0113t\u0101ji kino kategorij\u0101s<\/p>\n<p>Par gada liel\u0101ko favor\u012bti ar desmit nomin\u0101cij\u0101m bija \u017daka Audi\u0101ra veidot\u0101 filma &#8220;Emilija Peresa&#8221;. Citas iev\u0113rojamas nomin\u0113t\u0101s filmas bija &#8220;Anora&#8221;, &#8220;S\u0101ncen\u0161i&#8221;, &#8220;\u012astas s\u0101pes&#8221;, &#8220;Substance&#8221; un &#8220;\u013baun\u0101&#8221;. Filma &#8220;Emilija Peresa&#8221; sa\u0146\u0113ma ar\u012b \u010detras balvas, tostarp k\u0101 lab\u0101kais m\u016bzikls vai kom\u0113dija un lab\u0101k\u0101 filma sve\u0161valod\u0101. Dr\u0101ma &#8220;Brut\u0101lists&#8221; ieguva tr\u012bs balvas.<\/p>\n<p>K\u0101 pirm\u0101 atkl\u0101ti transpersona, aktrise Karla Sofija Gaskona tika nomin\u0113ta lab\u0101k\u0101s aktrises kategorij\u0101 par savu lomu film\u0101 &#8220;Emilija Peresa&#8221;, radot v\u0113sturisku br\u012bdi.<\/p>\n<p>Telev\u012bzijas seri\u0101lu lab\u0101kie sasniegumi<\/p>\n<p>Telev\u012bzijas kategorij\u0101s piecas nomin\u0101cijas sa\u0146\u0113ma seri\u0101ls &#8220;The Bear&#8221; (latviski &#8220;Bried\u0113ns&#8221;), kam sekoja popul\u0101rie \u0161ovi &#8220;Only Murders in the Building&#8221; un &#8220;Shogun&#8221; ar \u010detr\u0101m nomin\u0101cij\u0101m katrs. &#8220;The Bear&#8221; un &#8220;Hacks&#8221; ar\u012b tika godalgoti sav\u0101s kategorij\u0101s.<\/p>\n<p>&#8220;Zelta globusa&#8221; balvu noz\u012bme un turpin\u0101jums<\/p>\n<p>&#8220;Zelta globusa&#8221; balvas tiek uzskat\u012btas par noz\u012bm\u012bgu indikatoru gaid\u0101maj\u0101m Amerikas Kinoakad\u0113mijas balv\u0101m &#8220;Oskars&#8221;. &#8220;Straumes&#8221; pan\u0101kumi ir ne tikai noz\u012bm\u012bgs pagrieziena punkts filmas starptautiskaj\u0101 karjer\u0101, bet ar\u012b Latvijas kino v\u0113stur\u0113. Filmas statuete bija apskat\u0101ma Latvijas Nacion\u0101laj\u0101 m\u0101kslas muzej\u0101 no 21. l\u012bdz 30. janv\u0101rim.<\/p>\n","protected":false},"excerpt":{"rendered":"83. &#8220;Zelta globusa&#8221; balvu ceremonija Losand\u017eelos\u0101 Sv\u0113tdien, 11. janv\u0101r\u012b (nakt\u012b uz 12. janv\u0101ri p\u0113c Latvijas laika), Losand\u017eelos\u0101 norisin\u0101j\u0101s&hellip;\n","protected":false},"author":2,"featured_media":100816,"comment_status":"","ping_status":"","sticky":false,"template":"","format":"standard","meta":{"footnotes":""},"categories":[19],"tags":[2462,89,6456,90,14394,35,39,38,36,37,34,40,2709,24571],"class_list":{"0":"post-100815","1":"post","2":"type-post","3":"status-publish","4":"format-standard","5":"has-post-thumbnail","7":"category-izklaide","8":"tag-animacijas-filma","9":"tag-entertainment","10":"tag-gints-zilbalodis","11":"tag-izklaide","12":"tag-kino-balvas","13":"tag-latvia","14":"tag-latvian","15":"tag-latviesu","16":"tag-latviesu-valoda","17":"tag-latviesuvaloda","18":"tag-latvija","19":"tag-lv","20":"tag-straume","21":"tag-zelta-globuss-2025"},"share_on_mastodon":{"url":"https:\/\/pubeurope.com\/@lv\/115875553253335319","error":""},"_links":{"self":[{"href":"https:\/\/www.europesays.com\/lv\/wp-json\/wp\/v2\/posts\/100815","targetHints":{"allow":["GET"]}}],"collection":[{"href":"https:\/\/www.europesays.com\/lv\/wp-json\/wp\/v2\/posts"}],"about":[{"href":"https:\/\/www.europesays.com\/lv\/wp-json\/wp\/v2\/types\/post"}],"author":[{"embeddable":true,"href":"https:\/\/www.europesays.com\/lv\/wp-json\/wp\/v2\/users\/2"}],"replies":[{"embeddable":true,"href":"https:\/\/www.europesays.com\/lv\/wp-json\/wp\/v2\/comments?post=100815"}],"version-history":[{"count":0,"href":"https:\/\/www.europesays.com\/lv\/wp-json\/wp\/v2\/posts\/100815\/revisions"}],"wp:featuredmedia":[{"embeddable":true,"href":"https:\/\/www.europesays.com\/lv\/wp-json\/wp\/v2\/media\/100816"}],"wp:attachment":[{"href":"https:\/\/www.europesays.com\/lv\/wp-json\/wp\/v2\/media?parent=100815"}],"wp:term":[{"taxonomy":"category","embeddable":true,"href":"https:\/\/www.europesays.com\/lv\/wp-json\/wp\/v2\/categories?post=100815"},{"taxonomy":"post_tag","embeddable":true,"href":"https:\/\/www.europesays.com\/lv\/wp-json\/wp\/v2\/tags?post=100815"}],"curies":[{"name":"wp","href":"https:\/\/api.w.org\/{rel}","templated":true}]}}