{"id":100822,"date":"2026-01-11T08:41:08","date_gmt":"2026-01-11T08:41:08","guid":{"rendered":"https:\/\/www.europesays.com\/lv\/100822\/"},"modified":"2026-01-11T08:41:08","modified_gmt":"2026-01-11T08:41:08","slug":"eksperts-par-krievijas-sabiedribas-domasanu-2","status":"publish","type":"post","link":"https:\/\/www.europesays.com\/lv\/100822\/","title":{"rendered":"eksperts par Krievijas sabiedr\u012bbas dom\u0101\u0161anu"},"content":{"rendered":"<p>Dauk\u0161ts uzsv\u0113ra, ka Krievij\u0101 kar\u0161 ir p\u0101rv\u0113rties par ideolo\u0123isku karu, kur\u0101 tiek kultiv\u0113ts priek\u0161stats par Krieviju k\u0101 \u012bpa\u0161u civiliz\u0101ciju ar \u012bpa\u0161u misiju un krieviem k\u0101 \u012bpa\u0161u tautu. \u0160\u0101ds p\u0101r\u0101kuma narat\u012bvs, p\u0113c vi\u0146a dom\u0101m, struktur\u0101li l\u012bdzin\u0101s idej\u0101m, kuras v\u0113stur\u0113 balst\u012bju\u0161\u0101s uz citu tautu noniecin\u0101\u0161anu, tostarp priek\u0161statam, ka &#8220;p\u0101r\u0113jie ir necilv\u0113ki&#8221;. V\u0113sturnieka ieskat\u0101 krievu p\u0101r\u0101kuma apzi\u0146a ir k\u013cuvusi par sp\u0113c\u012bgu sabiedr\u012bbu apvienojo\u0161u domu gaitu un vienlaikus par vienu no smag\u0101kajiem faktoriem, kas nosaka kara psiholo\u0123isko fonu Krievij\u0101.<\/p>\n<p>Vi\u0146apr\u0101t, viens no b\u016btisk\u0101kajiem Krievijas propagandas pan\u0101kumiem ir ilgsto\u0161i veidotais priek\u0161stats, ka kar\u0161 nav v\u0113rsts tikai pret Ukrainu, bet gan, ka ar Ukrainas starpniec\u012bbu pret Krieviju un t\u0101s ideolo\u0123iju &#8211; t\u0101 d\u0113v\u0113to &#8220;krievu pasauli&#8221; &#8211; karo Eiropa. Vi\u0146\u0161 akcent\u0113ja, ka \u0161aj\u0101 narat\u012bv\u0101 ASV, kas iepriek\u0161 konsekventi tika izmantotas k\u0101 galvenais propagandas ienaidnieks, ir atk\u0101pu\u0161\u0101s otraj\u0101 pl\u0101n\u0101, savuk\u0101rt Eiropa tiek att\u0113lota k\u0101 galvenais \u0161\u0137\u0113rslis, kas ne\u013cauj Krievijai atjaunot Padomju Savien\u012bbas varen\u012bbu.<\/p>\n","protected":false},"excerpt":{"rendered":"Dauk\u0161ts uzsv\u0113ra, ka Krievij\u0101 kar\u0161 ir p\u0101rv\u0113rties par ideolo\u0123isku karu, kur\u0101 tiek kultiv\u0113ts priek\u0161stats par Krieviju k\u0101 \u012bpa\u0161u&hellip;\n","protected":false},"author":2,"featured_media":100790,"comment_status":"","ping_status":"","sticky":false,"template":"","format":"standard","meta":{"footnotes":""},"categories":[5],"tags":[23,28,29,32,33,22,234,74,30,31,35,39,38,36,37,34,40,20,26,27,24,25,276,21],"class_list":{"0":"post-100822","1":"post","2":"type-post","3":"status-publish","4":"format-standard","5":"has-post-thumbnail","7":"category-aktualitates","8":"tag-aktualitates","9":"tag-breaking-news","10":"tag-breakingnews","11":"tag-featured-news","12":"tag-featurednews","13":"tag-headlines","14":"tag-krievija","15":"tag-krievijas-iebrukums-ukraina","16":"tag-latest-news","17":"tag-latestnews","18":"tag-latvia","19":"tag-latvian","20":"tag-latviesu","21":"tag-latviesu-valoda","22":"tag-latviesuvaloda","23":"tag-latvija","24":"tag-lv","25":"tag-news","26":"tag-popularakas-zinas","27":"tag-popularakaszinas","28":"tag-top-stories","29":"tag-topstories","30":"tag-ukraina","31":"tag-zinas"},"share_on_mastodon":{"url":"https:\/\/pubeurope.com\/@lv\/115875576842517583","error":""},"_links":{"self":[{"href":"https:\/\/www.europesays.com\/lv\/wp-json\/wp\/v2\/posts\/100822","targetHints":{"allow":["GET"]}}],"collection":[{"href":"https:\/\/www.europesays.com\/lv\/wp-json\/wp\/v2\/posts"}],"about":[{"href":"https:\/\/www.europesays.com\/lv\/wp-json\/wp\/v2\/types\/post"}],"author":[{"embeddable":true,"href":"https:\/\/www.europesays.com\/lv\/wp-json\/wp\/v2\/users\/2"}],"replies":[{"embeddable":true,"href":"https:\/\/www.europesays.com\/lv\/wp-json\/wp\/v2\/comments?post=100822"}],"version-history":[{"count":0,"href":"https:\/\/www.europesays.com\/lv\/wp-json\/wp\/v2\/posts\/100822\/revisions"}],"wp:featuredmedia":[{"embeddable":true,"href":"https:\/\/www.europesays.com\/lv\/wp-json\/wp\/v2\/media\/100790"}],"wp:attachment":[{"href":"https:\/\/www.europesays.com\/lv\/wp-json\/wp\/v2\/media?parent=100822"}],"wp:term":[{"taxonomy":"category","embeddable":true,"href":"https:\/\/www.europesays.com\/lv\/wp-json\/wp\/v2\/categories?post=100822"},{"taxonomy":"post_tag","embeddable":true,"href":"https:\/\/www.europesays.com\/lv\/wp-json\/wp\/v2\/tags?post=100822"}],"curies":[{"name":"wp","href":"https:\/\/api.w.org\/{rel}","templated":true}]}}