{"id":100875,"date":"2026-01-11T09:40:13","date_gmt":"2026-01-11T09:40:13","guid":{"rendered":"https:\/\/www.europesays.com\/lv\/100875\/"},"modified":"2026-01-11T09:40:13","modified_gmt":"2026-01-11T09:40:13","slug":"iecava-top-jauna-militara-rupnica-modularo-ladinu-razosanai-lente-lv","status":"publish","type":"post","link":"https:\/\/www.europesays.com\/lv\/100875\/","title":{"rendered":"Iecav\u0101 top jauna milit\u0101r\u0101 r\u016bpn\u012bca modul\u0101ro l\u0101di\u0146u ra\u017eo\u0161anai\u00a0\u2014\u00a0Lente.lv"},"content":{"rendered":"<p>Svin\u012bgi s\u0101kta jaunas milit\u0101r\u0101s r\u016bpn\u012bcas b\u016bvniec\u012bba Iecav\u0101<\/p>\n<p>Ceturtdien, 8. janv\u0101r\u012b, Bauskas novada Iecavas pagast\u0101 svin\u012bgi iem\u016br\u0113ta kapsula topo\u0161\u0101s milit\u0101r\u0101s r\u016bpn\u012bcas pamatos, iez\u012bm\u0113jot projekta \u201eRollo\u201d akt\u012bv\u0101s b\u016bvniec\u012bbas s\u0101kumu. K\u0101 zi\u0146o telekan\u0101ls TV3, jaunaj\u0101 r\u016bpn\u012bc\u0101 pl\u0101nots nodarbin\u0101t ap 20 cilv\u0113kus un gad\u0101 sara\u017eot aptuveni 50 000 modul\u0101ro pulvera l\u0101di\u0146u. \u0160\u012b ir pirm\u0101 \u0161\u0101da veida ra\u017eotne Baltijas valst\u012bs, un t\u0101s m\u0113r\u0137is ir palielin\u0101t mun\u012bcijas ra\u017eo\u0161anas jaudu Eirop\u0101.<\/p>\n<p>Strat\u0113\u0123iski noz\u012bm\u012bgs solis Latvijas dro\u0161\u012bbai<\/p>\n<p>Aizsardz\u012bbas ministrs Andris Spr\u016bds pas\u0101kum\u0101 uzsv\u0113ra, ka r\u016bpn\u012bcas izveide ir strat\u0113\u0123iski noz\u012bm\u012bgs solis gan Latvijas, gan visas Eiropas dro\u0161\u012bbas stiprin\u0101\u0161an\u0101. Vi\u0146\u0161 nor\u0101d\u012bja, ka projekts nodro\u0161in\u0101s mun\u012bcijas pieg\u0101\u017eu \u0137\u0113\u017eu dro\u0161\u012bbu Nacion\u0101lajiem bru\u0146otajiem sp\u0113kiem (NBS), k\u0101 ar\u012b \u013caus eksport\u0113t mun\u012bciju cit\u0101m sabiedrotaj\u0101m valst\u012bm. \u201e\u0160odien ir noz\u012bm\u012bga diena, jo m\u0113s sp\u0113r\u0101m \u013coti konkr\u0113tu praktisku soli \u2013 iebeton\u0113jam kapsulu \u0161ai modul\u0101ro pulveru l\u0101di\u0146u komplekt\u0113\u0161anas ra\u017eotnei,\u201d sac\u012bja ministrs.<\/p>\n<p>Ra\u017eo\u0161anas process un pl\u0101not\u0101 jauda<\/p>\n<p>Modul\u0101rie pulvera l\u0101di\u0146i ir b\u016btiska sast\u0101vda\u013ca artil\u0113rijas \u0161\u0101vi\u0146u sist\u0113m\u0101s. Tie ir bund\u017e\u0101m l\u012bdz\u012bgi elementi, kas tiek ievietoti zem artil\u0113rijas \u0161\u0101vi\u0146a un, tiem sadegot, nodro\u0161ina \u0161\u0101vi\u0146a iz\u0161au\u0161anu no lielgabala stobra. Jaun\u0101 r\u016bpn\u012bca tiks pabeigta \u0161\u012b gada ruden\u012b, un t\u0101s darb\u012bba pl\u0101nota s\u0101kt jau 2026. gada otraj\u0101 pus\u0113. Paredz\u0113ts, ka gada laik\u0101 tiks sara\u017eoti ap 50 000 l\u0101di\u0146u.<\/p>\n<p>Starptautisk\u0101 sadarb\u012bba un invest\u012bcijas<\/p>\n<p>\u201eRollo\u201d projekta \u012bstenot\u0101ja ir Valsts aizsardz\u012bbas korpor\u0101cija (VAK), kas dibin\u0101ta aizsardz\u012bbas industrijas stiprin\u0101\u0161anai. VAK valdes locekle Ingr\u012bda \u0136irse nor\u0101d\u012bja, ka r\u016bpn\u012bca atrad\u012bsies me\u017ea teritorij\u0101, t\u0101l\u0101k no apdz\u012bvot\u0101m viet\u0101m, iev\u0113rojot stingras dro\u0161\u012bbas pras\u012bbas. Projekta izveid\u0113 Latvija ieguld\u012bjusi 26 miljonus eiro, papildus sa\u0146emot 1 miljonu eiro finans\u0113jumu no Eiropas Savien\u012bbas. B\u016bvniec\u012bb\u0101 tiek izmantotas tehnolo\u0123ijas, ko nodro\u0161ina starptautiski partneri no It\u0101lijas, Francijas, Norv\u0113\u0123ijas un Somijas.<\/p>\n<p>Ieguvumi Latvijas ekonomikai un aizsardz\u012bbas sp\u0113j\u0101m<\/p>\n<p>\u0160is projekts ir pirmais VAK \u012bstenotais milit\u0101r\u0101s industrijas pas\u0101kums, un tas stiprin\u0101s ne tikai Latvijas bru\u0146oto sp\u0113ku apg\u0101di, bet ar\u012b veicin\u0101s aizsardz\u012bbas industrijas att\u012bst\u012bbu valst\u012b. Tiek prognoz\u0113ts, ka r\u016bpn\u012bca dos ieguld\u012bjumu ar\u012b Latvijas ekonomikai, nodro\u0161inot gan darbavietas, gan apgroz\u012bjumu un pe\u013c\u0146u. Valsts aizsardz\u012bbas korpor\u0101cija jau paral\u0113li b\u016bvniec\u012bbai s\u0101ks komplekt\u0113t ra\u017eo\u0161anas komandu, nodarbinot aptuveni 20\u201325 speci\u0101listus.<\/p>\n","protected":false},"excerpt":{"rendered":"Svin\u012bgi s\u0101kta jaunas milit\u0101r\u0101s r\u016bpn\u012bcas b\u016bvniec\u012bba Iecav\u0101 Ceturtdien, 8. janv\u0101r\u012b, Bauskas novada Iecavas pagast\u0101 svin\u012bgi iem\u016br\u0113ta kapsula topo\u0161\u0101s&hellip;\n","protected":false},"author":2,"featured_media":100876,"comment_status":"","ping_status":"","sticky":false,"template":"","format":"standard","meta":{"footnotes":""},"categories":[12],"tags":[3225,23,28,29,32,33,22,19080,30,31,35,39,38,36,37,34,40,24582,24583,20,26,27,24,25,24584,21],"class_list":{"0":"post-100875","1":"post","2":"type-post","3":"status-publish","4":"format-standard","5":"has-post-thumbnail","7":"category-latvija","8":"tag-aizsardzibas-industrija","9":"tag-aktualitates","10":"tag-breaking-news","11":"tag-breakingnews","12":"tag-featured-news","13":"tag-featurednews","14":"tag-headlines","15":"tag-iecava","16":"tag-latest-news","17":"tag-latestnews","18":"tag-latvia","19":"tag-latvian","20":"tag-latviesu","21":"tag-latviesu-valoda","22":"tag-latviesuvaloda","23":"tag-latvija","24":"tag-lv","25":"tag-militara-rupnica","26":"tag-modularie-pulvera-ladini","27":"tag-news","28":"tag-popularakas-zinas","29":"tag-popularakaszinas","30":"tag-top-stories","31":"tag-topstories","32":"tag-valsts-aizsardzibas-korporacija","33":"tag-zinas"},"share_on_mastodon":{"url":"https:\/\/pubeurope.com\/@lv\/115875808737990631","error":""},"_links":{"self":[{"href":"https:\/\/www.europesays.com\/lv\/wp-json\/wp\/v2\/posts\/100875","targetHints":{"allow":["GET"]}}],"collection":[{"href":"https:\/\/www.europesays.com\/lv\/wp-json\/wp\/v2\/posts"}],"about":[{"href":"https:\/\/www.europesays.com\/lv\/wp-json\/wp\/v2\/types\/post"}],"author":[{"embeddable":true,"href":"https:\/\/www.europesays.com\/lv\/wp-json\/wp\/v2\/users\/2"}],"replies":[{"embeddable":true,"href":"https:\/\/www.europesays.com\/lv\/wp-json\/wp\/v2\/comments?post=100875"}],"version-history":[{"count":0,"href":"https:\/\/www.europesays.com\/lv\/wp-json\/wp\/v2\/posts\/100875\/revisions"}],"wp:featuredmedia":[{"embeddable":true,"href":"https:\/\/www.europesays.com\/lv\/wp-json\/wp\/v2\/media\/100876"}],"wp:attachment":[{"href":"https:\/\/www.europesays.com\/lv\/wp-json\/wp\/v2\/media?parent=100875"}],"wp:term":[{"taxonomy":"category","embeddable":true,"href":"https:\/\/www.europesays.com\/lv\/wp-json\/wp\/v2\/categories?post=100875"},{"taxonomy":"post_tag","embeddable":true,"href":"https:\/\/www.europesays.com\/lv\/wp-json\/wp\/v2\/tags?post=100875"}],"curies":[{"name":"wp","href":"https:\/\/api.w.org\/{rel}","templated":true}]}}