{"id":100881,"date":"2026-01-11T09:48:23","date_gmt":"2026-01-11T09:48:23","guid":{"rendered":"https:\/\/www.europesays.com\/lv\/100881\/"},"modified":"2026-01-11T09:48:23","modified_gmt":"2026-01-11T09:48:23","slug":"the-witcher-3-varetu-sanemt-jaunu-dlc-ar-tuksnesa-zvaigznu-kariem-lidzigu-tuksnesa-vidi-lente-lv","status":"publish","type":"post","link":"https:\/\/www.europesays.com\/lv\/100881\/","title":{"rendered":"&#8220;The Witcher 3&#8221; var\u0113tu sa\u0146emt jaunu DLC ar &#8220;Tuksne\u0161a zvaig\u017e\u0146u kariem&#8221; l\u012bdz\u012bgu tuksne\u0161a vidi\u00a0\u2014\u00a0Lente.lv"},"content":{"rendered":"<p>Spekul\u0101cijas par &#8220;Vienas karav\u012bra&#8221; jaunu noda\u013cu<\/p>\n<p>Polijas mediji izsaka spekul\u0101cijas par jaunu, si\u017eetisku DLC izstr\u0101di popul\u0101rajai sp\u0113lei &#8220;The Witcher 3: Wild Hunt&#8221;. Tiek baumots, ka papildin\u0101juma notikumi var\u0113tu norisin\u0101ties Zerr\u012bkanijas tuksne\u0161a re\u0123ion\u0101, kas l\u012bdz \u0161im maz izcelts &#8220;Vienas karav\u012bra&#8221; fran\u0161\u012bz\u0113 un atg\u0101dina Franka Herberta kulta rom\u0101na &#8220;Tuksne\u0161a zvaig\u017e\u0146u kari&#8221; (Dune) est\u0113tiku.<\/p>\n<p>Baumas par tre\u0161o, v\u0113l neizzi\u0146oto &#8220;The Witcher 3&#8221; papildin\u0101jumu s\u0101ka par\u0101d\u012bties jau pag\u0101ju\u0161aj\u0101 m\u0113nes\u012b. K\u0101di neofici\u0101li avoti un CD Projekt RED m\u0101jieni lika dom\u0101t, ka studija gatavo kaut ko negaid\u012btu. Tagad \u0161\u012bm run\u0101m pievienojusies zi\u0146a no IGN Poland, kas, atsaucoties uz saviem avotiem, apgalvo, ka \u0161\u0101di pl\u0101ni past\u0101v\u0113ju\u0161i jau vair\u0101kus gadus.<\/p>\n<p>Zerr\u012bkanija \u2013 potenci\u0101l\u0101 jaun\u0101 rota\u013claukuma izp\u0113te<\/p>\n<p>IGN Poland skaidro, ka Zerr\u012bkanija \u2013 eksotiskais tuksne\u0161a re\u0123ions, kas atrodas t\u0101lu uz austrumiem no &#8220;The Witcher 3&#8221; galven\u0101s kartes \u2013 ir tikusi nopietni apsv\u0113rta agr\u012bnajos izstr\u0101des posmos. Lai gan inform\u0101cija nav jauna, izdevuma redakcija uzskata Zerr\u012bkaniju par lo\u0123isku izv\u0113li. \u0160is re\u0123ions jau guvis pirmos piesk\u0101rienus papildin\u0101jum\u0101 &#8220;Blood and Wine&#8221;, kur tika piemin\u0113ta Manti\u0137oras skola un atrodami dialogi, kas sasaist\u012bti ar \u0161o apvidu.<\/p>\n<p>Turkl\u0101t Zerr\u012bkanija ir detaliz\u0113ti aprakst\u012bta ori\u0123in\u0101laj\u0101 galda sp\u0113l\u0113 &#8220;The Witcher&#8221;, nodro\u0161inot gatavu pamatu gan st\u0101stu att\u012bst\u012bbai, gan vizu\u0101l\u0101 noform\u0113juma veido\u0161anai. Sp\u0113l\u0113t\u0101jiem \u0161\u0101ds novirziens no paz\u012bstam\u0101s Eiropas vides uz att\u0101lu, eksotisku tuksne\u0161a re\u0123ionu var\u0113tu sniegt svaigu un interesantu pieredzi.<\/p>\n<p>Finansi\u0101lie r\u0101d\u012bt\u0101ji un izstr\u0101des strat\u0113\u0123ija<\/p>\n<p>Savuk\u0101rt &#8220;Eurogamer&#8221; piev\u0113rsies finansi\u0101lajai pusei, nor\u0101dot uz CD Projekt RED iek\u0161\u0113jo motiv\u0101cijas programmu. Taj\u0101 man\u0101ms laika posms, kas atg\u0101dina gatavo\u0161anos lielam izlaidumam. Tiek l\u0113sts, ka \u0161\u0101ds izlaidums var\u0113tu notikt aptuveni 2026. gad\u0101.<\/p>\n<p>Pa\u0161laik CD Projekt RED nav citu ac\u012bmredzamu kandid\u0101tu, kas \u0161aj\u0101 laika period\u0101 var\u0113tu ie\u0146emt atbr\u012bvoto ni\u0161u. &#8220;The Witcher 4&#8221; izn\u0101ks ne agr\u0101k k\u0101 2027. gad\u0101, bet &#8220;Cyberpunk 2&#8221; gaid\u0101ms v\u0113l p\u0113c vair\u0101kiem gadiem. Lai gan studija turpina darbu pie jaunas ori\u0123in\u0101l\u0101s sp\u0113les (IP), t\u0101s izn\u0101k\u0161ana v\u0113l ir t\u0101lu.<\/p>\n<p>Lai gan teor\u0113tiski par nosl\u0113pumaino izlaidumu var\u0113tu uzskat\u012bt nelielu s\u0101nu projektu (spin-off), past\u0101v\u012bg\u0101s baumas par &#8220;The Witcher 3&#8221; DLC liek dom\u0101t, ka visi \u0161ie sign\u0101li nor\u0101da uz vienu virzienu.<\/p>\n<p>Strat\u0113\u0123isks solis sp\u0113\u013cu starpposmu aizpild\u012b\u0161anai<\/p>\n<p>J\u0101atz\u012bm\u0113, ka CD Projekt RED jau iepriek\u0161 br\u012bdin\u0101jis, ka &#8220;The Witcher 4&#8221; nav gaid\u0101ms 2026. gad\u0101. Studija ir pie\u0146\u0113musi se\u0161u gadu ilgtermi\u0146a strat\u0113\u0123iju ar vair\u0101ku s\u0113rijas sp\u0113\u013cu izlai\u0161anu. \u0160aj\u0101 kontekst\u0101 jauns saturs priek\u0161 &#8220;The Witcher 3&#8221; izskat\u0101s p\u0113c praktiska veida, k\u0101 aizpild\u012bt laika pauzi starp liel\u0101kajiem projektiem.<\/p>\n<p>Tiek prognoz\u0113ts, ka papildin\u0101jums noteikti nep\u0101ries nepaman\u012bts, \u0146emot v\u0113r\u0101, ka sp\u0113lei ir gatava auditorija \u2013 vair\u0101k nek\u0101 60 miljoni lietot\u0101ju. Jaunais DLC var\u0113tu b\u016bt lielisks iegansts, lai piesaist\u012btu da\u013cu agr\u0101ko fanu, v\u0113lreiz p\u0101rvilin\u0101tu jaunus sp\u0113l\u0113t\u0101jus un netrauc\u0113ti sagatavotu p\u0101reju uz n\u0101kamaj\u0101m s\u0113rijas da\u013c\u0101m.<\/p>\n","protected":false},"excerpt":{"rendered":"Spekul\u0101cijas par &#8220;Vienas karav\u012bra&#8221; jaunu noda\u013cu Polijas mediji izsaka spekul\u0101cijas par jaunu, si\u017eetisku DLC izstr\u0101di popul\u0101rajai sp\u0113lei &#8220;The&hellip;\n","protected":false},"author":2,"featured_media":100882,"comment_status":"","ping_status":"","sticky":false,"template":"","format":"standard","meta":{"footnotes":""},"categories":[19],"tags":[15997,3329,89,90,35,39,38,36,37,34,40,24588,24586,24587],"class_list":{"0":"post-100881","1":"post","2":"type-post","3":"status-publish","4":"format-standard","5":"has-post-thumbnail","7":"category-izklaide","8":"tag-cd-projekt-red","9":"tag-dlc","10":"tag-entertainment","11":"tag-izklaide","12":"tag-latvia","13":"tag-latvian","14":"tag-latviesu","15":"tag-latviesu-valoda","16":"tag-latviesuvaloda","17":"tag-latvija","18":"tag-lv","19":"tag-spekulacijas","20":"tag-the-witcher-3","21":"tag-zerrikanija"},"share_on_mastodon":{"url":"https:\/\/pubeurope.com\/@lv\/115875840166233988","error":""},"_links":{"self":[{"href":"https:\/\/www.europesays.com\/lv\/wp-json\/wp\/v2\/posts\/100881","targetHints":{"allow":["GET"]}}],"collection":[{"href":"https:\/\/www.europesays.com\/lv\/wp-json\/wp\/v2\/posts"}],"about":[{"href":"https:\/\/www.europesays.com\/lv\/wp-json\/wp\/v2\/types\/post"}],"author":[{"embeddable":true,"href":"https:\/\/www.europesays.com\/lv\/wp-json\/wp\/v2\/users\/2"}],"replies":[{"embeddable":true,"href":"https:\/\/www.europesays.com\/lv\/wp-json\/wp\/v2\/comments?post=100881"}],"version-history":[{"count":0,"href":"https:\/\/www.europesays.com\/lv\/wp-json\/wp\/v2\/posts\/100881\/revisions"}],"wp:featuredmedia":[{"embeddable":true,"href":"https:\/\/www.europesays.com\/lv\/wp-json\/wp\/v2\/media\/100882"}],"wp:attachment":[{"href":"https:\/\/www.europesays.com\/lv\/wp-json\/wp\/v2\/media?parent=100881"}],"wp:term":[{"taxonomy":"category","embeddable":true,"href":"https:\/\/www.europesays.com\/lv\/wp-json\/wp\/v2\/categories?post=100881"},{"taxonomy":"post_tag","embeddable":true,"href":"https:\/\/www.europesays.com\/lv\/wp-json\/wp\/v2\/tags?post=100881"}],"curies":[{"name":"wp","href":"https:\/\/api.w.org\/{rel}","templated":true}]}}