{"id":100891,"date":"2026-01-11T10:03:24","date_gmt":"2026-01-11T10:03:24","guid":{"rendered":"https:\/\/www.europesays.com\/lv\/100891\/"},"modified":"2026-01-11T10:03:24","modified_gmt":"2026-01-11T10:03:24","slug":"noladeta-lenina-smaile-kur-norisinajas-navejosaka-katastrofa-alpinisma-vesture","status":"publish","type":"post","link":"https:\/\/www.europesays.com\/lv\/100891\/","title":{"rendered":"Nol\u0101d\u0113t\u0101 \u013be\u0146ina smaile, kur norisin\u0101j\u0101s n\u0101v\u0113jo\u0161\u0101k\u0101 katastrofa alp\u012bnisma v\u0113stur\u0113"},"content":{"rendered":"<p>Ginesa rekordu gr\u0101mat\u0101 k\u0101 n\u0101v\u0113jo\u0161\u0101k\u0101 <a href=\"https:\/\/www.tvnet.lv\/term\/602183\/katastrofa\" class=\"topicLink\" target=\"_blank\" rel=\"nofollow noopener\">katastrofa<\/a> alp\u012bnisma v\u0113stur\u0113 ierakst\u012bta \u013be\u0146ina smailes katastrofa 1990. gad\u0101. \u0160odien par Ab\u016b Al\u012b ibn S\u012bnas smaili d\u0113v\u0113t\u0101 virsotne atrodas uz robe\u017eas starp Kirgizst\u0101nu un Tad\u017eikist\u0101nu. 1990. gada 13. j\u016blij\u0101 ap pusdesmitiem vakar\u0101 nedaudz vair\u0101k k\u0101 se\u0161as balles sp\u0113c\u012bgas zemestr\u012bces rezult\u0101t\u0101 blakus eso\u0161aj\u0101 \u010capajeva smail\u0113 izkust\u0113j\u0101s milzu seraks \u2013 m\u0101jas izm\u0113ra ledus kolonna un lav\u012bnas pavad\u012bb\u0101 p\u0101rkl\u0101ja otro b\u0101zes nometni, kas bija izvietota ce\u013c\u0101 uz \u013be\u0146ina smaili. No 45 alp\u012bnistiem, kas tobr\u012bd atrad\u0101s nometn\u0113, 43 g\u0101ja boj\u0101. Vien\u012bgie izdz\u012bvoju\u0161ie bija krievu alp\u012bnisti Aleksejs Korens un slov\u0101ku alp\u012bnists Miro Grozmans.<\/p>\n","protected":false},"excerpt":{"rendered":"Ginesa rekordu gr\u0101mat\u0101 k\u0101 n\u0101v\u0113jo\u0161\u0101k\u0101 katastrofa alp\u012bnisma v\u0113stur\u0113 ierakst\u012bta \u013be\u0146ina smailes katastrofa 1990. gad\u0101. \u0160odien par Ab\u016b Al\u012b&hellip;\n","protected":false},"author":2,"featured_media":100892,"comment_status":"","ping_status":"","sticky":false,"template":"","format":"standard","meta":{"footnotes":""},"categories":[14],"tags":[23,5419,57,28,29,32,33,22,24592,5777,30,31,35,39,38,36,37,34,40,296,20,26,27,24,25,2425,297,293,54,55,56,21,58],"class_list":{"0":"post-100891","1":"post","2":"type-post","3":"status-publish","4":"format-standard","5":"has-post-thumbnail","7":"category-zinas-no-arvalstim","8":"tag-aktualitates","9":"tag-alpinisms","10":"tag-arvalstim","11":"tag-breaking-news","12":"tag-breakingnews","13":"tag-featured-news","14":"tag-featurednews","15":"tag-headlines","16":"tag-kalni","17":"tag-katastrofa","18":"tag-latest-news","19":"tag-latestnews","20":"tag-latvia","21":"tag-latvian","22":"tag-latviesu","23":"tag-latviesu-valoda","24":"tag-latviesuvaloda","25":"tag-latvija","26":"tag-lv","27":"tag-nave","28":"tag-news","29":"tag-popularakas-zinas","30":"tag-popularakaszinas","31":"tag-top-stories","32":"tag-topstories","33":"tag-tragedija","34":"tag-tvnet-planeta","35":"tag-vesture","36":"tag-world","37":"tag-world-news","38":"tag-worldnews","39":"tag-zinas","40":"tag-zinas-no-arvalstim"},"share_on_mastodon":{"url":"https:\/\/pubeurope.com\/@lv\/115875899111444589","error":""},"_links":{"self":[{"href":"https:\/\/www.europesays.com\/lv\/wp-json\/wp\/v2\/posts\/100891","targetHints":{"allow":["GET"]}}],"collection":[{"href":"https:\/\/www.europesays.com\/lv\/wp-json\/wp\/v2\/posts"}],"about":[{"href":"https:\/\/www.europesays.com\/lv\/wp-json\/wp\/v2\/types\/post"}],"author":[{"embeddable":true,"href":"https:\/\/www.europesays.com\/lv\/wp-json\/wp\/v2\/users\/2"}],"replies":[{"embeddable":true,"href":"https:\/\/www.europesays.com\/lv\/wp-json\/wp\/v2\/comments?post=100891"}],"version-history":[{"count":0,"href":"https:\/\/www.europesays.com\/lv\/wp-json\/wp\/v2\/posts\/100891\/revisions"}],"wp:featuredmedia":[{"embeddable":true,"href":"https:\/\/www.europesays.com\/lv\/wp-json\/wp\/v2\/media\/100892"}],"wp:attachment":[{"href":"https:\/\/www.europesays.com\/lv\/wp-json\/wp\/v2\/media?parent=100891"}],"wp:term":[{"taxonomy":"category","embeddable":true,"href":"https:\/\/www.europesays.com\/lv\/wp-json\/wp\/v2\/categories?post=100891"},{"taxonomy":"post_tag","embeddable":true,"href":"https:\/\/www.europesays.com\/lv\/wp-json\/wp\/v2\/tags?post=100891"}],"curies":[{"name":"wp","href":"https:\/\/api.w.org\/{rel}","templated":true}]}}