{"id":100895,"date":"2026-01-11T10:09:27","date_gmt":"2026-01-11T10:09:27","guid":{"rendered":"https:\/\/www.europesays.com\/lv\/100895\/"},"modified":"2026-01-11T10:09:27","modified_gmt":"2026-01-11T10:09:27","slug":"militaro-speku-var-apturet-tikai-vina-pasa-morale-nevis-starptautiskas-tiesibas-lente-lv","status":"publish","type":"post","link":"https:\/\/www.europesays.com\/lv\/100895\/","title":{"rendered":"Milit\u0101ro sp\u0113ku var aptur\u0113t tikai vi\u0146a pa\u0161a mor\u0101le, nevis starptautisk\u0101s ties\u012bbas\u00a0\u2014\u00a0Lente.lv"},"content":{"rendered":"<p>Trampa pazi\u0146ojums par milit\u0101r\u0101 sp\u0113ka izmanto\u0161anu<\/p>\n<p>ASV prezidents Donalds Tramps intervij\u0101 laikrakstam &#8220;The New York Times&#8221; paudis uzskatu, ka vien\u012bgais faktors, kas var\u0113tu aptur\u0113t vi\u0146a l\u0113mumus par milit\u0101r\u0101 sp\u0113ka izmanto\u0161anu pasaul\u0113, ir vi\u0146a pa\u0161a mor\u0101le un pr\u0101ts. Tramps uzsv\u0113ris, ka vi\u0146\u0161 nav iecer\u0113jis kait\u0113t cilv\u0113kiem. Vi\u0146a izteikumi izskan\u0113ju\u0161i laik\u0101, kad ASV administr\u0101cija izskata da\u017e\u0101das iesp\u0113jas, lai p\u0101r\u0146emtu kontroli p\u0101r Grenlandi, k\u0101 ar\u012b p\u0113c nesen\u0101s milit\u0101r\u0101s oper\u0101cijas Venecu\u0113l\u0101.<\/p>\n<p>Starptautisk\u0101s ties\u012bbas \u2013 main\u012bga defin\u012bcija<\/p>\n<p>Atbildot uz jaut\u0101jumu, vai vi\u0146a administr\u0101cija iev\u0113ro starptautisk\u0101s ties\u012bbas, Tramps atbild\u0113jis apstiprino\u0161i, ta\u010du piebildis, ka tas &#8220;atkar\u012bgs no starptautisko ties\u012bbu defin\u012bcijas&#8221;. \u0160\u0101ds skat\u012bjums uz starptautisko ties\u012bbu piem\u0113rojam\u012bbu rada ba\u017eas starp starptautiskajiem nov\u0113rot\u0101jiem un juristiem, kuri uzskata, ka tas var novest pie nekontrol\u0113tas milit\u0101ro oper\u0101ciju veik\u0161anas.<\/p>\n<p>\u012apa\u0161uma noz\u012bme un milit\u0101r\u0101 sp\u0113ka izmanto\u0161ana<\/p>\n<p>Tramps intervij\u0101 ar\u012b uzsv\u0113ris \u012bpa\u0161uma noz\u012bmi, nor\u0101dot, ka tas ir nepiecie\u0161ams pan\u0101kumiem, jo dod priek\u0161roc\u012bbas sal\u012bdzin\u0101jum\u0101 ar \u012bres l\u012bgumiem vai l\u012bgumiem. Vi\u0146\u0161 aizst\u0101v\u0113jis sp\u0113c\u012bgu milit\u0101ro darb\u012bbu izmanto\u0161anu, apgalvojot, ka sp\u0113ks bie\u017ei vien pal\u012bdz nostiprin\u0101t Amerikas poz\u012bcijas pasaules ar\u0113n\u0101. Vi\u0146\u0161 min\u0113jis piem\u0113rus k\u0101 Grenlande un Venecu\u0113la, apgalvojot, ka ASV sp\u0113ka izmanto\u0161ana var stiprin\u0101t t\u0101s ietekmi glob\u0101li.<\/p>\n<p>Ba\u017eas par ASV \u0101rpolitiku<\/p>\n<p>ASV prezidenta izteikumi rais\u012bju\u0161i pla\u0161as debates pasaul\u0113. Francijas un V\u0101cijas prezidenti ir stingri nosod\u012bju\u0161i ASV \u0101rpolitiku Donalda Trampa vad\u012bb\u0101, nor\u0101dot, ka Va\u0161ingtona &#8220;atbr\u012bvojas no starptautiskajiem noteikumiem&#8221; un pasaule risk\u0113 p\u0101rv\u0113rsties par &#8220;laup\u012bt\u0101ju ligzdu&#8221;. Anal\u012bti\u0137i br\u012bdina, ka \u0161\u0101da uz mor\u0101li balst\u012bta pieeja var rad\u012bt ilgtermi\u0146a riskus starptautiskaj\u0101 sabiedr\u012bb\u0101 un kait\u0113t ASV glob\u0101lajai reput\u0101cijai.<\/p>\n","protected":false},"excerpt":{"rendered":"Trampa pazi\u0146ojums par milit\u0101r\u0101 sp\u0113ka izmanto\u0161anu ASV prezidents Donalds Tramps intervij\u0101 laikrakstam &#8220;The New York Times&#8221; paudis uzskatu,&hellip;\n","protected":false},"author":2,"featured_media":100896,"comment_status":"","ping_status":"","sticky":false,"template":"","format":"standard","meta":{"footnotes":""},"categories":[14],"tags":[23,57,7385,28,29,542,32,33,22,30,31,35,39,38,36,37,34,40,24593,24594,20,26,27,2405,24,25,54,55,56,21,58],"class_list":{"0":"post-100895","1":"post","2":"type-post","3":"status-publish","4":"format-standard","5":"has-post-thumbnail","7":"category-zinas-no-arvalstim","8":"tag-aktualitates","9":"tag-arvalstim","10":"tag-asv-arpolitika","11":"tag-breaking-news","12":"tag-breakingnews","13":"tag-donalds-tramps","14":"tag-featured-news","15":"tag-featurednews","16":"tag-headlines","17":"tag-latest-news","18":"tag-latestnews","19":"tag-latvia","20":"tag-latvian","21":"tag-latviesu","22":"tag-latviesu-valoda","23":"tag-latviesuvaloda","24":"tag-latvija","25":"tag-lv","26":"tag-militarais-speks","27":"tag-morale","28":"tag-news","29":"tag-popularakas-zinas","30":"tag-popularakaszinas","31":"tag-starptautiskas-tiesibas","32":"tag-top-stories","33":"tag-topstories","34":"tag-world","35":"tag-world-news","36":"tag-worldnews","37":"tag-zinas","38":"tag-zinas-no-arvalstim"},"share_on_mastodon":{"url":"","error":"Validation failed: Text character limit of 500 exceeded"},"_links":{"self":[{"href":"https:\/\/www.europesays.com\/lv\/wp-json\/wp\/v2\/posts\/100895","targetHints":{"allow":["GET"]}}],"collection":[{"href":"https:\/\/www.europesays.com\/lv\/wp-json\/wp\/v2\/posts"}],"about":[{"href":"https:\/\/www.europesays.com\/lv\/wp-json\/wp\/v2\/types\/post"}],"author":[{"embeddable":true,"href":"https:\/\/www.europesays.com\/lv\/wp-json\/wp\/v2\/users\/2"}],"replies":[{"embeddable":true,"href":"https:\/\/www.europesays.com\/lv\/wp-json\/wp\/v2\/comments?post=100895"}],"version-history":[{"count":0,"href":"https:\/\/www.europesays.com\/lv\/wp-json\/wp\/v2\/posts\/100895\/revisions"}],"wp:featuredmedia":[{"embeddable":true,"href":"https:\/\/www.europesays.com\/lv\/wp-json\/wp\/v2\/media\/100896"}],"wp:attachment":[{"href":"https:\/\/www.europesays.com\/lv\/wp-json\/wp\/v2\/media?parent=100895"}],"wp:term":[{"taxonomy":"category","embeddable":true,"href":"https:\/\/www.europesays.com\/lv\/wp-json\/wp\/v2\/categories?post=100895"},{"taxonomy":"post_tag","embeddable":true,"href":"https:\/\/www.europesays.com\/lv\/wp-json\/wp\/v2\/tags?post=100895"}],"curies":[{"name":"wp","href":"https:\/\/api.w.org\/{rel}","templated":true}]}}