{"id":100907,"date":"2026-01-11T10:22:12","date_gmt":"2026-01-11T10:22:12","guid":{"rendered":"https:\/\/www.europesays.com\/lv\/100907\/"},"modified":"2026-01-11T10:22:12","modified_gmt":"2026-01-11T10:22:12","slug":"rigas-ziemas-peldvietas-udens-kvalitate-ir-laba-peldet-drikst-lente-lv","status":"publish","type":"post","link":"https:\/\/www.europesays.com\/lv\/100907\/","title":{"rendered":"R\u012bgas ziemas peldviet\u0101s \u016bdens kvalit\u0101te ir laba \u2013 peld\u0113t dr\u012bkst\u00a0\u2014\u00a0Lente.lv"},"content":{"rendered":"<p>Peld\u0113t\u0101ju prieks: R\u012bgas \u016bde\u0146i dro\u0161i aukstaj\u0101m peld\u0113m<\/p>\n<p>K\u0101 inform\u0113 port\u0101ls NRA, R\u012bg\u0101 ziemas peld\u0113\u0161anas entuziastiem ir labas zi\u0146as \u2013 vis\u0101s iecien\u012bt\u0101kaj\u0101s peldviet\u0101s \u016bdens kvalit\u0101te atbilst norm\u0101m, un peld\u0113ties ir at\u013cauts. Tas apstiprin\u0101ts, pamatojoties uz P\u0101rtikas dro\u0161\u012bbas, dz\u012bvnieku vesel\u012bbas un vides zin\u0101tnisk\u0101 instit\u016bta \u201eBIOR\u201d 6. janv\u0101r\u012b veiktaj\u0101m peld\u016bdens paraugu anal\u012bz\u0113m. P\u0113d\u0113jos gados nov\u0113rot\u0101 pieaugo\u0161\u0101 interese par r\u016bd\u012b\u0161anos un aukstaj\u0101m peld\u0113m ir likusi R\u012bgas pa\u0161vald\u012bbas M\u0101jok\u013cu un vides departamentam piel\u0101got savu darba pl\u0101nu, nodro\u0161inot peld\u016bdens paraugu \u0146em\u0161anu ne tikai vasaras sezon\u0101, bet ar\u012b no rudens l\u012bdz pavasarim.<\/p>\n<p>Ofici\u0101li at\u013caut\u0101s ziemas peldvietas<\/p>\n<p>\u0160obr\u012bd peld\u0113t ir dro\u0161i se\u0161\u0101s popul\u0101r\u0101kaj\u0101s ziemas peld\u0113t\u0101ju viet\u0101s R\u012bg\u0101: Lucavsalas l\u012bc\u012b, \u0136\u012bpsal\u0101, Vakarbu\u013c\u013cos, Vec\u0101\u0137os, B\u0101bel\u012b\u0161a ezer\u0101 un Rumbul\u0101. \u0160\u012bs vietas tiek regul\u0101ri uzraudz\u012btas, un paraugi tiek \u0146emti reizi m\u0113nes\u012b. Oktobra s\u0101kum\u0101 veikt\u0101s anal\u012bzes ar\u012b apliecin\u0101ja nemain\u012bgi augstu \u016bdens kvalit\u0101ti vis\u0101s min\u0113taj\u0101s viet\u0101s. \u0160\u0101ds past\u0101v\u012bgs monitorings sniedz dro\u0161\u012bbu ziemas peld\u0113t\u0101jiem, kuri akt\u012bvi izmanto \u0161\u012bs iesp\u0113jas ar\u012b aukstajos m\u0113ne\u0161os.<\/p>\n<p>Infrastrukt\u016bra un dro\u0161\u012bba<\/p>\n<p>Lai gan ziema prasa savus apst\u0101k\u013cus, pa\u0161vald\u012bba par\u016bp\u0113jusies par ziemas peldvietu infrastrukt\u016bru. L\u012bdztekus peld\u0113\u0161anai pieejamas ar\u012b p\u0101r\u0123\u0113rb\u0161an\u0101s kab\u012bnes, kas pasarg\u0101 no v\u0113ja p\u0113c izk\u0101p\u0161anas no \u016bdens, k\u0101 ar\u012b p\u0101rvietojamie sanit\u0101rie mezgli un pludmales soli, kur var atp\u016bsties vai novietot mantas. Tom\u0113r svar\u012bgi atcer\u0113ties, ka R\u012bgas pa\u0161vald\u012bbas policijas gl\u0101b\u0113ji peld\u0113\u0161anas sezonas laik\u0101 (no 15. maija l\u012bdz 15. septembrim) nodro\u0161ina gl\u0101b\u0161anas darbus uz vietas. P\u0113c ofici\u0101l\u0101s peldsezonas beig\u0101m gl\u0101b\u0113ju de\u017e\u016bras notiek tikai Vec\u0101\u0137os. T\u0101d\u0113\u013c visi peld\u0113t\u0101ji tiek aicin\u0101ti vienm\u0113r iev\u0113rot piesardz\u012bbu un dro\u0161\u012bbas noteikumus uz \u016bdens.<\/p>\n<p>Ziemas peld\u0113\u0161anas popularit\u0101te Latvij\u0101<\/p>\n<p>Ziemas peld\u0113\u0161ana jeb r\u016bd\u012b\u0161an\u0101s ar aukstiem \u016bde\u0146iem Latvij\u0101 k\u013c\u016bst arvien popul\u0101r\u0101ka. \u0160\u012b nodarbe tiek nov\u0113rt\u0113ta gan par t\u0101s pozit\u012bvo ietekmi uz vesel\u012bbu, gan par rad\u012bto mundrumu un kop\u012bbas saj\u016btu. Pieaugo\u0161\u0101 interese liecina, ka arvien vair\u0101k cilv\u0113ku atkl\u0101j ziemas peld\u0113\u0161anas priek\u0161roc\u012bbas un izv\u0113las \u0161o akt\u012bvo atp\u016btas veidu.<\/p>\n","protected":false},"excerpt":{"rendered":"Peld\u0113t\u0101ju prieks: R\u012bgas \u016bde\u0146i dro\u0161i aukstaj\u0101m peld\u0113m K\u0101 inform\u0113 port\u0101ls NRA, R\u012bg\u0101 ziemas peld\u0113\u0161anas entuziastiem ir labas zi\u0146as&hellip;\n","protected":false},"author":2,"featured_media":100908,"comment_status":"","ping_status":"","sticky":false,"template":"","format":"standard","meta":{"footnotes":""},"categories":[12],"tags":[23,13402,28,29,32,33,22,30,31,35,39,38,36,37,34,40,20,7037,26,27,24604,24,25,22023,14679,21],"class_list":{"0":"post-100907","1":"post","2":"type-post","3":"status-publish","4":"format-standard","5":"has-post-thumbnail","7":"category-latvija","8":"tag-aktualitates","9":"tag-bior","10":"tag-breaking-news","11":"tag-breakingnews","12":"tag-featured-news","13":"tag-featurednews","14":"tag-headlines","15":"tag-latest-news","16":"tag-latestnews","17":"tag-latvia","18":"tag-latvian","19":"tag-latviesu","20":"tag-latviesu-valoda","21":"tag-latviesuvaloda","22":"tag-latvija","23":"tag-lv","24":"tag-news","25":"tag-peldesana","26":"tag-popularakas-zinas","27":"tag-popularakaszinas","28":"tag-rigas-peldvietas","29":"tag-top-stories","30":"tag-topstories","31":"tag-udens-kvalitate","32":"tag-ziemas-peldesana","33":"tag-zinas"},"share_on_mastodon":{"url":"https:\/\/pubeurope.com\/@lv\/115875973919978650","error":""},"_links":{"self":[{"href":"https:\/\/www.europesays.com\/lv\/wp-json\/wp\/v2\/posts\/100907","targetHints":{"allow":["GET"]}}],"collection":[{"href":"https:\/\/www.europesays.com\/lv\/wp-json\/wp\/v2\/posts"}],"about":[{"href":"https:\/\/www.europesays.com\/lv\/wp-json\/wp\/v2\/types\/post"}],"author":[{"embeddable":true,"href":"https:\/\/www.europesays.com\/lv\/wp-json\/wp\/v2\/users\/2"}],"replies":[{"embeddable":true,"href":"https:\/\/www.europesays.com\/lv\/wp-json\/wp\/v2\/comments?post=100907"}],"version-history":[{"count":0,"href":"https:\/\/www.europesays.com\/lv\/wp-json\/wp\/v2\/posts\/100907\/revisions"}],"wp:featuredmedia":[{"embeddable":true,"href":"https:\/\/www.europesays.com\/lv\/wp-json\/wp\/v2\/media\/100908"}],"wp:attachment":[{"href":"https:\/\/www.europesays.com\/lv\/wp-json\/wp\/v2\/media?parent=100907"}],"wp:term":[{"taxonomy":"category","embeddable":true,"href":"https:\/\/www.europesays.com\/lv\/wp-json\/wp\/v2\/categories?post=100907"},{"taxonomy":"post_tag","embeddable":true,"href":"https:\/\/www.europesays.com\/lv\/wp-json\/wp\/v2\/tags?post=100907"}],"curies":[{"name":"wp","href":"https:\/\/api.w.org\/{rel}","templated":true}]}}