{"id":100909,"date":"2026-01-11T10:23:07","date_gmt":"2026-01-11T10:23:07","guid":{"rendered":"https:\/\/www.europesays.com\/lv\/100909\/"},"modified":"2026-01-11T10:23:07","modified_gmt":"2026-01-11T10:23:07","slug":"irana-nerimst-protesti-kurus-varasiestades-brutali-apspiez-raksts","status":"publish","type":"post","link":"https:\/\/www.europesays.com\/lv\/100909\/","title":{"rendered":"Ir\u0101n\u0101 nerimst protesti, kurus varasiest\u0101des brut\u0101li apspie\u017e \/ Raksts"},"content":{"rendered":"<p>Ir\u0101n\u0101 nerimst pla\u0161ie iedz\u012bvot\u0101ju protesti, kas turpin\u0101s jau 14 dienas. Ir\u0101\u0146i iziet iel\u0101s un cen\u0161as inform\u0113t pasauli par notieko\u0161o, neraugoties uz to, ka varasiest\u0101des vair\u0101kas dienas ir blo\u0137\u0113ju\u0161as internetu. Pien\u0101k zi\u0146as par arvien pla\u0161\u0101k\u0101m varasiest\u0101\u017eu represij\u0101m un simtiem nogalin\u0101to un ievainoto. Amerikas Savienoto Valstu (ASV) prezidents Donalds Tramps pazi\u0146oja, ka ir gatavs sniegt pal\u012bdz\u012bbu ir\u0101\u0146iem.\u00a0<\/p>\n<p>Ir\u0101n\u0101 nerimst protesti, kurus varasiest\u0101des brut\u0101li apspie\u017e<\/p>\n<p>Bru\u0146oju\u0161ies ar katlu v\u0101kiem, desmitiem t\u016bksto\u0161iem cilv\u0113ku vakar vakar\u0101 izg\u0101ja Ir\u0101nas galvaspils\u0113tas Teher\u0101nas iel\u0101s un skand\u0113ja pret re\u017e\u012bmu v\u0113rstus sauk\u013cus, piem\u0113ram, &#8220;N\u0101vi H\u0101menej\u012b&#8221;, t\u0101d\u0113j\u0101di izr\u0101dot naidu pret valsts gar\u012bgo l\u012bderi un faktisko vad\u012bt\u0101ju \u0101jatollu Al\u012b\u00a0H\u0101menej\u012b.<\/p>\n<p>T\u016bksto\u0161iem cilv\u0113ku protest\u0113ja ar\u012b H\u0101menej\u012b\u00a0dzimtaj\u0101 pils\u0113t\u0101 Ma\u0161ad\u0101.<\/p>\n<blockquote>\n<p>Kopum\u0101 vakar notika vair\u0101k nek\u0101 570 demonstr\u0101cijas 31 Ir\u0101nas provinc\u0113, apgalvoja\u00a0ASV b\u0101z\u0113t\u0101 cilv\u0113kties\u012bbu organiz\u0101cija &#8220;Human Rights Activists News Agency&#8221;.<\/p>\n<\/blockquote>\n<p>Internet\u0101 ir public\u0113ti protestu video, kuros ir dzirdami \u0161\u0101vieni.<\/p>\n<p>No Lielbrit\u0101nijas raido\u0161ais telekan\u0101ls &#8220;Iran International&#8221; apgalvo, ka tikai p\u0113d\u0113jo divu dienu laik\u0101 protestos ir nogalin\u0101ti vismaz 2000 cilv\u0113ku, ta\u010du to nav iesp\u0113jams apstiprin\u0101t, jo interneta atsl\u0113gumu d\u0113\u013c inform\u0101cijas pl\u016bsma no Ir\u0101nas ir \u013coti ierobe\u017eota.<\/p>\n<p>Cilv\u0113kties\u012bbu akt\u012bviste Negina \u0160iragaei past\u0101st\u012bja, ka varasiest\u0101des ar visu bardz\u012bbu v\u0113r\u0161as pret protest\u0113t\u0101jiem.<\/p>\n<p>&#8220;Esmu run\u0101jusi ar da\u017e\u0101diem avotiem da\u017e\u0101d\u0101s viet\u0101s Ir\u0101n\u0101. Man past\u0101st\u012bja, ka dro\u0161\u012bbniekiem ir pie\u0161\u0137irtas pilnvaras \u0161aut un nogalin\u0101t. Ne visas iz\u0161aut\u0101s lodes ir kaujas lodes, ta\u010du katra piekt\u0101 iz\u0161aut\u0101 lode ir kaujas lode. Situ\u0101cija slimn\u012bc\u0101s ir briesm\u012bga, jo daudziem ir ievainojumi galv\u0101\u00a0un slimn\u012bc\u0101s ieved milz\u012bgu skaitu cilv\u0113ku ar nopietniem ievainojumiem. Diem\u017e\u0113l daudzi no vi\u0146iem ir nomiru\u0161i. M\u016bsu r\u012bc\u012bb\u0101 nav prec\u012bzi skait\u013ci, jo tos pa\u0161laik ir \u013coti gr\u016bti uzzin\u0101t. Es dom\u0101ju, ka, tikl\u012bdz atjaunos pieeju internetam, mums b\u016bs pieejama skaidr\u0101ka inform\u0101cija par to, cik daudz cilv\u0113ku ir zaud\u0113ju\u0161i dz\u012bv\u012bbu,&#8221; \u0160iragaei sac\u012bja intervij\u0101 raidsabiedr\u012bbai &#8220;Deutsche Welle&#8221;.<\/p>\n<p>Pagaid\u0101m nekas neliecina, ka re\u017e\u012bms var\u0113tu mazin\u0101t represijas. Ir\u0101nas \u0123ener\u0101lprokurors Mohammads Mov\u0101hedi Azads vakar br\u012bdin\u0101ja, ka ikviens protest\u0113t\u0101js tiks uzskat\u012bts par &#8220;Dieva ienaidnieku&#8221;. Par \u0161\u0101du p\u0101rk\u0101pumu draud n\u0101vessods, v\u0113sta raidsabiedr\u012bba BBC.<\/p>\n<blockquote>\n<p>Savuk\u0101rt H\u0101menej\u012b\u00a0protest\u0113t\u0101jus ir nosaucis par &#8220;vand\u0101\u013cu bandu&#8221;, kas cen\u0161as izpatikt ASV prezidentam Donaldam Trampam.<\/p>\n<\/blockquote>\n<p>Tramps vakar soci\u0101lajos medijos ierakst\u012bja, ka ASV ir gatavas pal\u012bdz\u0113t Ir\u0101nas iedz\u012bvot\u0101jiem, kuri &#8220;vair\u0101k nek\u0101 jebkad&#8221; cerot uz br\u012bv\u012bbu.<\/p>\n<p>Tramps iepriek\u0161 pazi\u0146oja, ka ASV ir gatavas dot milit\u0101ru triecienu pa Ir\u0101nu, ja re\u017e\u012bms turpin\u0101s slepkavot mierm\u012bl\u012bgus protest\u0113t\u0101jus. Izdevums &#8220;The New York Times&#8221; v\u0113st\u012bja, ka Tramps ir uzdevis bru\u0146oto sp\u0113ku vad\u012bbai izstr\u0101d\u0101t pl\u0101nus iesp\u0113jamiem uzbrukumiem Ir\u0101nai.<\/p>\n<p>Ir\u0101nas parlamenta priek\u0161s\u0113d\u0113t\u0101js Mohammads B\u0101gers G\u0101lib\u0101fs br\u012bdin\u0101ja Trampu, ka uz jebk\u0101diem ASV uzbrukumiem isl\u0101ma republika atbild\u0113s ar triecieniem pa Izra\u0113lu un ASV milit\u0101raj\u0101m b\u0101z\u0113m Tuvajos Austrumos.<\/p>\n<p>                    Valodas k\u013c\u016bda rakst\u0101?<\/p>\n<p class=\"d-none d-md-block\">Iez\u012bm\u0113jiet tekstu un spiediet Ctrl+Enter, lai nos\u016bt\u012btu labojamo teksta fragmentu redaktoram! Par faktu k\u013c\u016bd\u0101m l\u016bdzam zi\u0146ot e-past\u0101 <a href=\"https:\/\/www.lsm.lv\/cdn-cgi\/l\/email-protection\" class=\"__cf_email__\" data-cfemail=\"36445352575d555f5c57765a455b185a40\" rel=\"nofollow noopener\" target=\"_blank\">[email\u00a0protected]<\/a>.<\/p>\n<p class=\"d-md-none\">Iez\u012bm\u0113jiet tekstu un spiediet uz Zi\u0146ot par k\u013c\u016bdu pogas, lai nos\u016bt\u012btu labojamo teksta fragmentu redaktoram!<\/p>\n<p>\n                    Zi\u0146ot par k\u013c\u016bdu\n                <\/p>\n","protected":false},"excerpt":{"rendered":"Ir\u0101n\u0101 nerimst pla\u0161ie iedz\u012bvot\u0101ju protesti, kas turpin\u0101s jau 14 dienas. Ir\u0101\u0146i iziet iel\u0101s un cen\u0161as inform\u0113t pasauli par&hellip;\n","protected":false},"author":2,"featured_media":100910,"comment_status":"","ping_status":"","sticky":false,"template":"","format":"standard","meta":{"footnotes":""},"categories":[5],"tags":[23,28,29,32,33,22,30,31,35,39,38,36,37,34,40,20,26,27,24,25,21],"class_list":{"0":"post-100909","1":"post","2":"type-post","3":"status-publish","4":"format-standard","5":"has-post-thumbnail","7":"category-aktualitates","8":"tag-aktualitates","9":"tag-breaking-news","10":"tag-breakingnews","11":"tag-featured-news","12":"tag-featurednews","13":"tag-headlines","14":"tag-latest-news","15":"tag-latestnews","16":"tag-latvia","17":"tag-latvian","18":"tag-latviesu","19":"tag-latviesu-valoda","20":"tag-latviesuvaloda","21":"tag-latvija","22":"tag-lv","23":"tag-news","24":"tag-popularakas-zinas","25":"tag-popularakaszinas","26":"tag-top-stories","27":"tag-topstories","28":"tag-zinas"},"share_on_mastodon":{"url":"https:\/\/pubeurope.com\/@lv\/115875977784727501","error":""},"_links":{"self":[{"href":"https:\/\/www.europesays.com\/lv\/wp-json\/wp\/v2\/posts\/100909","targetHints":{"allow":["GET"]}}],"collection":[{"href":"https:\/\/www.europesays.com\/lv\/wp-json\/wp\/v2\/posts"}],"about":[{"href":"https:\/\/www.europesays.com\/lv\/wp-json\/wp\/v2\/types\/post"}],"author":[{"embeddable":true,"href":"https:\/\/www.europesays.com\/lv\/wp-json\/wp\/v2\/users\/2"}],"replies":[{"embeddable":true,"href":"https:\/\/www.europesays.com\/lv\/wp-json\/wp\/v2\/comments?post=100909"}],"version-history":[{"count":0,"href":"https:\/\/www.europesays.com\/lv\/wp-json\/wp\/v2\/posts\/100909\/revisions"}],"wp:featuredmedia":[{"embeddable":true,"href":"https:\/\/www.europesays.com\/lv\/wp-json\/wp\/v2\/media\/100910"}],"wp:attachment":[{"href":"https:\/\/www.europesays.com\/lv\/wp-json\/wp\/v2\/media?parent=100909"}],"wp:term":[{"taxonomy":"category","embeddable":true,"href":"https:\/\/www.europesays.com\/lv\/wp-json\/wp\/v2\/categories?post=100909"},{"taxonomy":"post_tag","embeddable":true,"href":"https:\/\/www.europesays.com\/lv\/wp-json\/wp\/v2\/tags?post=100909"}],"curies":[{"name":"wp","href":"https:\/\/api.w.org\/{rel}","templated":true}]}}