{"id":100912,"date":"2026-01-11T10:33:16","date_gmt":"2026-01-11T10:33:16","guid":{"rendered":"https:\/\/www.europesays.com\/lv\/100912\/"},"modified":"2026-01-11T10:33:16","modified_gmt":"2026-01-11T10:33:16","slug":"asv-iebrukuma-venecuela-nogalinati-vismaz-100-cilveki-sagustits-maduro-lente-lv","status":"publish","type":"post","link":"https:\/\/www.europesays.com\/lv\/100912\/","title":{"rendered":"ASV iebrukum\u0101 Venecu\u0113l\u0101 nogalin\u0101ti vismaz 100 cilv\u0113ki, sag\u016bst\u012bts Maduro\u00a0\u2014\u00a0Lente.lv"},"content":{"rendered":"<p>ASV oper\u0101cija Venecu\u0113l\u0101: Smagas sekas un augsts upuru skaits<\/p>\n<p>ASV iebrukum\u0101 Venecu\u0113l\u0101, kas notika sestdien un k\u0101 rezult\u0101t\u0101 tika sag\u016bst\u012bts Venecu\u0113las l\u012bderis Nikolass Maduro, dz\u012bv\u012bbu zaud\u0113ju\u0161i vismaz 100 cilv\u0113ki, bet v\u0113l desmitiem guvu\u0161i ievainojumus. \u0160o inform\u0101ciju tre\u0161dien, 8. janv\u0101r\u012b, sniedzis Venecu\u0113las iek\u0161lietu ministrs Djosdado Kabeljo. K\u0101 zi\u0146o telekan\u0101ls TV3, ministrs valsts telev\u012bzij\u0101 pazi\u0146ojis: &#8220;L\u012bdz \u0161im ir 100 miru\u0161ie un l\u012bdz\u012bgs skaits ievainoto. Uzbrukums m\u016bsu valstij bija briesm\u012bgs.&#8221; Kabeljo piebildis, ka Maduro un vi\u0146a sieva Silija Floresa sag\u016bst\u012b\u0161anas laik\u0101 tika ievainoti, ta\u010du &#8220;atvese\u013cojas&#8221;.<\/p>\n<p>Oper\u0101cijas deta\u013cas un starptautisk\u0101 reakcija<\/p>\n<p>ASV sp\u0113ki sestdien, 3. janv\u0101r\u012b, veica milit\u0101ras oper\u0101cijas pret Venecu\u0113lu, kuru rezult\u0101t\u0101 tika sag\u016bst\u012bts prezidents Nikolass Maduro. Vi\u0146\u0161 un vi\u0146a sieva tika nog\u0101d\u0101ti \u0145ujork\u0101, kur vi\u0146iem izvirz\u012btas aps\u016bdz\u012bbas narkoterorism\u0101. Tiek zi\u0146ots, ka ASV aizsardz\u012bbas ministrs P\u012bts Hegsets pazi\u0146ojis, ka oper\u0101cij\u0101 piedal\u012bj\u0101s ap 200 operat\u012bvo darbinieku. Oper\u0101cijas laik\u0101 tika veikti gaisa triecieni vair\u0101kiem m\u0113r\u0137iem Venecu\u0113l\u0101.<\/p>\n<p>Venecu\u0113las kr\u012bzes konteksts<\/p>\n<p>Venecu\u0113la jau ilgsto\u0161i saskaras ar dzi\u013cu politisko un humanit\u0101ro kr\u012bzi, kas izrais\u012bjusi pla\u0161u tautas migr\u0101ciju. Valsts naftas r\u016bpniec\u012bba, kas veido noz\u012bm\u012bgu da\u013cu no vald\u012bbas ien\u0101kumiem, ir non\u0101kusi gr\u016bt\u012bb\u0101s ASV noteikto sankciju d\u0113\u013c. Attiec\u012bbas starp ASV un Venecu\u0113lu ir sasp\u012bkr\u0113tas kop\u0161 Ugo \u010cavesa laikiem.<\/p>\n<p>Augo\u0161ais starptautiskais spiediens<\/p>\n<p>\u0160ie notikumi izrais\u012bju\u0161i pla\u0161u starptautisku reakciju. Daudzas Lat\u012b\u0146amerikas valstis ir nosod\u012bju\u0161as ASV r\u012bc\u012bbu un aicin\u0101ju\u0161as atgriezties pie diplom\u0101tisk\u0101 risin\u0101juma. Eiropas Savien\u012bbas dal\u012bbvalst\u012bs valda neviennoz\u012bm\u012bga attieksme pret ASV oper\u0101cijas le\u0123itimit\u0101ti.<\/p>\n","protected":false},"excerpt":{"rendered":"ASV oper\u0101cija Venecu\u0113l\u0101: Smagas sekas un augsts upuru skaits ASV iebrukum\u0101 Venecu\u0113l\u0101, kas notika sestdien un k\u0101 rezult\u0101t\u0101&hellip;\n","protected":false},"author":2,"featured_media":100913,"comment_status":"","ping_status":"","sticky":false,"template":"","format":"standard","meta":{"footnotes":""},"categories":[14],"tags":[23,57,24605,28,29,24606,32,33,22,30,31,35,39,38,36,37,34,40,20,5168,26,27,2258,24,25,24607,54,55,56,21,58],"class_list":{"0":"post-100912","1":"post","2":"type-post","3":"status-publish","4":"format-standard","5":"has-post-thumbnail","7":"category-zinas-no-arvalstim","8":"tag-aktualitates","9":"tag-arvalstim","10":"tag-asv-iebrukums-venecuela","11":"tag-breaking-news","12":"tag-breakingnews","13":"tag-djosdado-kabeljo","14":"tag-featured-news","15":"tag-featurednews","16":"tag-headlines","17":"tag-latest-news","18":"tag-latestnews","19":"tag-latvia","20":"tag-latvian","21":"tag-latviesu","22":"tag-latviesu-valoda","23":"tag-latviesuvaloda","24":"tag-latvija","25":"tag-lv","26":"tag-news","27":"tag-nikolass-maduro","28":"tag-popularakas-zinas","29":"tag-popularakaszinas","30":"tag-starptautiskas-attiecibas","31":"tag-top-stories","32":"tag-topstories","33":"tag-venecuelas-krize","34":"tag-world","35":"tag-world-news","36":"tag-worldnews","37":"tag-zinas","38":"tag-zinas-no-arvalstim"},"share_on_mastodon":{"url":"","error":"Validation failed: Text character limit of 500 exceeded"},"_links":{"self":[{"href":"https:\/\/www.europesays.com\/lv\/wp-json\/wp\/v2\/posts\/100912","targetHints":{"allow":["GET"]}}],"collection":[{"href":"https:\/\/www.europesays.com\/lv\/wp-json\/wp\/v2\/posts"}],"about":[{"href":"https:\/\/www.europesays.com\/lv\/wp-json\/wp\/v2\/types\/post"}],"author":[{"embeddable":true,"href":"https:\/\/www.europesays.com\/lv\/wp-json\/wp\/v2\/users\/2"}],"replies":[{"embeddable":true,"href":"https:\/\/www.europesays.com\/lv\/wp-json\/wp\/v2\/comments?post=100912"}],"version-history":[{"count":0,"href":"https:\/\/www.europesays.com\/lv\/wp-json\/wp\/v2\/posts\/100912\/revisions"}],"wp:featuredmedia":[{"embeddable":true,"href":"https:\/\/www.europesays.com\/lv\/wp-json\/wp\/v2\/media\/100913"}],"wp:attachment":[{"href":"https:\/\/www.europesays.com\/lv\/wp-json\/wp\/v2\/media?parent=100912"}],"wp:term":[{"taxonomy":"category","embeddable":true,"href":"https:\/\/www.europesays.com\/lv\/wp-json\/wp\/v2\/categories?post=100912"},{"taxonomy":"post_tag","embeddable":true,"href":"https:\/\/www.europesays.com\/lv\/wp-json\/wp\/v2\/tags?post=100912"}],"curies":[{"name":"wp","href":"https:\/\/api.w.org\/{rel}","templated":true}]}}